{"id":37275,"date":"2024-10-24T12:16:35","date_gmt":"2024-10-24T10:16:35","guid":{"rendered":"https:\/\/www.vcp.de\/pfadfinden\/?p=37275"},"modified":"2024-10-24T12:16:36","modified_gmt":"2024-10-24T10:16:36","slug":"north-of-the-ordinary-roverway-2024","status":"publish","type":"post","link":"https:\/\/vcp.de\/pfadfinden\/roverway\/north-of-the-ordinary-roverway-2024\/","title":{"rendered":"North of the Ordinary \u2013 das Roverway 2024 in den Weiten Norwegens"},"content":{"rendered":"\n<p><em>von S\u00f6ren Br\u00f6cker<\/em><\/p>\n\n\n\n<p>Nordw\u00e4rts, nordw\u00e4rts wollten wir ziehen, zu den Bergen und den Seen, wollten neues Land erleben und auf Fahrten gehen \u2026 und einen unvergesslichen Sommer in Norwegen erleben! Wir schauen zur\u00fcck auf das Roverway 2024 in den Weiten Norwegens mit dem bis dato gr\u00f6\u00dften deutschen Kontingent.<\/p>\n\n\n\n<p class=\"has-vcp-blue-color has-text-color has-link-color has-medium-font-size wp-elements-c610770d96f6fc634740c99fe039d7d5\"><em>Roverway 2024:<\/em><\/p>\n\n\n\n<ul class=\"wp-block-list\">\n<li class=\"has-medium-font-size\"><em>182 Participants<\/em><\/li>\n\n\n\n<li class=\"has-medium-font-size\"><em>69 IST (International Service Team) davon 37 im German Foodhouse<\/em><\/li>\n\n\n\n<li class=\"has-medium-font-size\"><em>5 CMT + KL<\/em><\/li>\n\n\n\n<li class=\"has-medium-font-size\"><em>2 Kinder und 2 G\u00e4ste<\/em><\/li>\n\n\n\n<li class=\"has-medium-font-size\"><em>Gesamt: 260 Personen<\/em><\/li>\n<\/ul>\n\n\n\n<p><\/p>\n\n\n\n<p>Los ging es f\u00fcr einen Teil des Kontingents bei Sonne und Regen mit einem Kanuhajk auf dem Haldenkanal. \u00dcbernachtet wurde einfach direkt am Wasser auf herrlichen Zeltpl\u00e4tzen in der Natur. Als besonderes Highlight verbrachten einige Teilnehmende<br>24h mit nur 3 individuell gew\u00e4hlten Gegenst\u00e4nden ausgesetzt in der Wildnis. Hierbei wurden kleinere und gr\u00f6\u00dfere Herausforderungen, wie der Schlafplatzbau, Orientierung &amp; Ern\u00e4hrung sowie ein Flo\u00df- und Fackelbau gemeistert.<\/p>\n\n\n\n<p>F\u00fcr das gesamte Kontingent ging es dann im Anschluss auf das interne Vorlager auf den Pfadizeltplatz Tredalen, unweit der norwegisch-schwedischen Grenze. Der herrlich am Fjord gelegene Platz lud zu Kanurennen und ewigen Sonnenunterg\u00e4ngen<br>ein. Dazu gesellte sich ein buntes Programm, Zeit zur Entspannung, die Einstimmung auf Norwegen und das Kennenlernen des gesamten Kontingents.<\/p>\n\n\n\n<figure class=\"wp-block-gallery has-nested-images columns-default is-cropped wp-block-gallery-1 is-layout-flex wp-block-gallery-is-layout-flex\"><!-- TEST -->\n<figure class=\"wp-block-image size-large\"><a href=\"https:\/\/www.vcp.de\/pfadfinden\/wp-content\/uploads\/2024\/10\/RW2024_anp_Nachtour_Soeren_Broecker_02-scaled.jpeg\"><img loading=\"lazy\" decoding=\"async\" width=\"1024\" height=\"768\" data-id=\"37293\" src=\"https:\/\/www.vcp.de\/pfadfinden\/wp-content\/uploads\/2024\/10\/RW2024_anp_Nachtour_Soeren_Broecker_02-1024x768.jpeg\" alt=\"\" class=\"wp-image-37293\" srcset=\"https:\/\/vcp.de\/pfadfinden\/wp-content\/uploads\/2024\/10\/RW2024_anp_Nachtour_Soeren_Broecker_02-1024x768.jpeg 1024w, https:\/\/vcp.de\/pfadfinden\/wp-content\/uploads\/2024\/10\/RW2024_anp_Nachtour_Soeren_Broecker_02-300x225.jpeg 300w, https:\/\/vcp.de\/pfadfinden\/wp-content\/uploads\/2024\/10\/RW2024_anp_Nachtour_Soeren_Broecker_02-768x576.jpeg 768w, https:\/\/vcp.de\/pfadfinden\/wp-content\/uploads\/2024\/10\/RW2024_anp_Nachtour_Soeren_Broecker_02-1536x1152.jpeg 1536w, https:\/\/vcp.de\/pfadfinden\/wp-content\/uploads\/2024\/10\/RW2024_anp_Nachtour_Soeren_Broecker_02-2048x1536.jpeg 2048w, https:\/\/vcp.de\/pfadfinden\/wp-content\/uploads\/2024\/10\/RW2024_anp_Nachtour_Soeren_Broecker_02-750x563.jpeg 750w\" sizes=\"auto, (max-width: 1024px) 100vw, 1024px\" \/><\/a><\/figure>\n\n\n<!-- TEST -->\n<figure class=\"wp-block-image size-large\"><a href=\"https:\/\/www.vcp.de\/pfadfinden\/wp-content\/uploads\/2024\/10\/RW2024_anp_MainCamp_Robert_van_der_Gaag_01.jpeg\"><img loading=\"lazy\" decoding=\"async\" width=\"1024\" height=\"690\" data-id=\"37289\" src=\"https:\/\/www.vcp.de\/pfadfinden\/wp-content\/uploads\/2024\/10\/RW2024_anp_MainCamp_Robert_van_der_Gaag_01-1024x690.jpeg\" alt=\"\" class=\"wp-image-37289\" srcset=\"https:\/\/vcp.de\/pfadfinden\/wp-content\/uploads\/2024\/10\/RW2024_anp_MainCamp_Robert_van_der_Gaag_01-1024x690.jpeg 1024w, https:\/\/vcp.de\/pfadfinden\/wp-content\/uploads\/2024\/10\/RW2024_anp_MainCamp_Robert_van_der_Gaag_01-300x202.jpeg 300w, https:\/\/vcp.de\/pfadfinden\/wp-content\/uploads\/2024\/10\/RW2024_anp_MainCamp_Robert_van_der_Gaag_01-768x518.jpeg 768w, https:\/\/vcp.de\/pfadfinden\/wp-content\/uploads\/2024\/10\/RW2024_anp_MainCamp_Robert_van_der_Gaag_01-1536x1036.jpeg 1536w, https:\/\/vcp.de\/pfadfinden\/wp-content\/uploads\/2024\/10\/RW2024_anp_MainCamp_Robert_van_der_Gaag_01-750x506.jpeg 750w, https:\/\/vcp.de\/pfadfinden\/wp-content\/uploads\/2024\/10\/RW2024_anp_MainCamp_Robert_van_der_Gaag_01.jpeg 1658w\" sizes=\"auto, (max-width: 1024px) 100vw, 1024px\" \/><\/a><\/figure>\n\n\n<!-- TEST -->\n<figure class=\"wp-block-image size-large\"><a href=\"https:\/\/www.vcp.de\/pfadfinden\/wp-content\/uploads\/2024\/10\/RW2024_anp_KoLa_Franziska_Gebauer_01.jpeg\"><img loading=\"lazy\" decoding=\"async\" width=\"768\" height=\"1024\" data-id=\"37288\" src=\"https:\/\/www.vcp.de\/pfadfinden\/wp-content\/uploads\/2024\/10\/RW2024_anp_KoLa_Franziska_Gebauer_01.jpeg\" alt=\"\" class=\"wp-image-37288\" srcset=\"https:\/\/vcp.de\/pfadfinden\/wp-content\/uploads\/2024\/10\/RW2024_anp_KoLa_Franziska_Gebauer_01.jpeg 768w, https:\/\/vcp.de\/pfadfinden\/wp-content\/uploads\/2024\/10\/RW2024_anp_KoLa_Franziska_Gebauer_01-225x300.jpeg 225w, https:\/\/vcp.de\/pfadfinden\/wp-content\/uploads\/2024\/10\/RW2024_anp_KoLa_Franziska_Gebauer_01-750x1000.jpeg 750w\" sizes=\"auto, (max-width: 768px) 100vw, 768px\" \/><\/a><\/figure>\n<\/figure>\n\n\n\n<p><\/p>\n\n\n\n<p>Am 22. Juli ging es dann endlich los. Die Teilnehmenden waren auf Paths in ganz S\u00fcdnorwegen und auch D\u00e4nemark unterwegs. Manche wurden nass, manche hatten beste Aussicht und Schnee in den Bergen und Sonne am Meer, andere meisterten gro\u00dfe Wanderungen und konnten kleinere Lernimpulse in Workshops mitnehmen. Alle konnten neue Freund*innen aus den unterschiedlichsten L\u00e4ndern gewinnen. W\u00e4hrend die Teilnehmenden am Herzst\u00fcck des Roverways teilgenommen haben, wurde f\u00fcr das Hauptlager das gigantische German Foodhouse errichtet und der Lagerplatz durch die IST errichtet.<\/p>\n\n\n\n<p>Der gro\u00dfe Zeltplatz im Norden Stavangers f\u00fcllte sich gewaltig, als am 27.07. die Teilnehmenden auf den Platz kamen. Nachdem zuvor die 1.500 IST den Ort direkt am Meer vorbereitet hatten, kamen die Teilnehmenden mit ihren ganz individuellen Eindr\u00fccken von den Paths zur\u00fcck. Die Freude war gro\u00df, als das deutsche Kontingent wieder vereint auf dem Hauptlager zum Empfang der Kontingentsleitung ins German Foodhouse eintrudelte. Es gab ja so vieles zu berichten. Die Tage in Stavanger vergingen der einen oder dem anderen sehr schnell, denn zwischen umfassenden Workshopangeboten, Programmen im Foodhouse, Aktivit\u00e4ten auf dem Wasser und in Stavanger, sollten auch die neuen Freundschaften gepflegt werden. Ein wiederkehrender Anlaufpunkt war dabei das Black Magic mit der gem\u00fctlichen Schwarzzelt-Atmosph\u00e4re. Hier traf man sich, um lecker zu essen, zu relaxen oder auch bei live-Musik zu feiern. Viel zu schnell hie\u00df es dann \u201eNehmt Abschied\u201c, sodass wir auf dem Abschluss Campfire unseren neuen Freund*innen \u201eGut Pfad\u201c sagen mussten.<\/p>\n\n\n\n<p class=\"has-vcp-blue-color has-text-color has-link-color has-medium-font-size wp-elements-99c72de1ef8f5986acdb233d483c3986\"><em>Facts zum German Foodhouse<\/em><\/p>\n\n\n\n<ul class=\"wp-block-list\">\n<li class=\"has-medium-font-size\">1899 verkaufte K\u00e4sesp\u00e4tzle<\/li>\n\n\n\n<li class=\"has-medium-font-size\">\u00fcber 800 Kaffee in 4 Tagen<\/li>\n\n\n\n<li class=\"has-medium-font-size\">knapp 1300 Kuchen und Brownies<\/li>\n\n\n\n<li class=\"has-medium-font-size\">2300 verkaufte alkoholfreie Biere<\/li>\n\n\n\n<li class=\"has-medium-font-size\">eine riesige Schwarzzelt-Konstruktion<\/li>\n<\/ul>\n\n\n\n<p class=\"has-vcp-blue-color has-text-color has-link-color has-medium-font-size wp-elements-6c8b04a40de29a292a0b8183df9b3286\"><em>Vielen Dank f\u00fcr die M\u00fchen und den enormen Einsatz!<\/em><\/p>\n\n\n\n<p>F\u00fcr einen Teil von uns ging es im Anschluss noch auf die Nachtour. Am wundersch\u00f6n gelegenen Lysefjord konnte man beim Wandern, Kajaken und H\u00fctten\u00fcbernachten das Roverway gem\u00fctlich ausklingen lassen. Ein Besuch des ber\u00fchmten Kjeragbolten<br>lie\u00dfen wir uns nat\u00fcrlich ebenso wenig nehmen, wie das Baden in einem Hot-Tub direkt am Fjord. Manche Pfadis suchten eine ber\u00fchmte Herausforderung und erklommen die l\u00e4ngste Holztreppe der Welt mit ihren 4.444 Stufen. Und als wir wieder mit unseren Interrail-Tickets heimw\u00e4rts zogen, sehnte jede*r sich zur\u00fcck, dachte an die vergangenen Tage, an vergangenes Gl\u00fcck. Wir schauen schon jetzt in die Weite und freuen uns auf das n\u00e4chste Roverway 2028!<\/p>\n","protected":false},"excerpt":{"rendered":"<p>von S\u00f6ren Br\u00f6cker Nordw\u00e4rts, nordw\u00e4rts wollten wir ziehen, zu den Bergen und den Seen, wollten neues Land erleben und auf Fahrten gehen \u2026 und einen unvergesslichen Sommer in Norwegen erleben! Wir schauen zur\u00fcck auf das Roverway 2024 in den Weiten Norwegens mit dem bis dato gr\u00f6\u00dften deutschen Kontingent. Roverway 2024: Los ging es f\u00fcr einen [&hellip;]<\/p>\n","protected":false},"author":88,"featured_media":37291,"comment_status":"closed","ping_status":"open","sticky":false,"template":"","format":"standard","meta":{"_acf_changed":false,"inline_featured_image":false,"footnotes":""},"categories":[419,47],"tags":[],"class_list":["post-37275","post","type-post","status-publish","format-standard","has-post-thumbnail","hentry","category-auf-neuem-pfad","category-roverway"],"acf":[],"_links":{"self":[{"href":"https:\/\/vcp.de\/pfadfinden\/wp-json\/wp\/v2\/posts\/37275","targetHints":{"allow":["GET"]}}],"collection":[{"href":"https:\/\/vcp.de\/pfadfinden\/wp-json\/wp\/v2\/posts"}],"about":[{"href":"https:\/\/vcp.de\/pfadfinden\/wp-json\/wp\/v2\/types\/post"}],"author":[{"embeddable":true,"href":"https:\/\/vcp.de\/pfadfinden\/wp-json\/wp\/v2\/users\/88"}],"replies":[{"embeddable":true,"href":"https:\/\/vcp.de\/pfadfinden\/wp-json\/wp\/v2\/comments?post=37275"}],"version-history":[{"count":10,"href":"https:\/\/vcp.de\/pfadfinden\/wp-json\/wp\/v2\/posts\/37275\/revisions"}],"predecessor-version":[{"id":37299,"href":"https:\/\/vcp.de\/pfadfinden\/wp-json\/wp\/v2\/posts\/37275\/revisions\/37299"}],"wp:featuredmedia":[{"embeddable":true,"href":"https:\/\/vcp.de\/pfadfinden\/wp-json\/wp\/v2\/media\/37291"}],"wp:attachment":[{"href":"https:\/\/vcp.de\/pfadfinden\/wp-json\/wp\/v2\/media?parent=37275"}],"wp:term":[{"taxonomy":"category","embeddable":true,"href":"https:\/\/vcp.de\/pfadfinden\/wp-json\/wp\/v2\/categories?post=37275"},{"taxonomy":"post_tag","embeddable":true,"href":"https:\/\/vcp.de\/pfadfinden\/wp-json\/wp\/v2\/tags?post=37275"}],"curies":[{"name":"wp","href":"https:\/\/api.w.org\/{rel}","templated":true}]}}