{"id":36113,"date":"2024-06-24T14:38:34","date_gmt":"2024-06-24T12:38:34","guid":{"rendered":"https:\/\/www.vcp.de\/pfadfinden\/?p=36113"},"modified":"2024-06-25T13:29:46","modified_gmt":"2024-06-25T11:29:46","slug":"queeres-pfadfinden-brauchen-wir-das","status":"publish","type":"post","link":"https:\/\/vcp.de\/pfadfinden\/allgemein\/queeres-pfadfinden-brauchen-wir-das\/","title":{"rendered":"Queeres Pfadfinden \u2013 Brauchen wir das?"},"content":{"rendered":"\n<p><em>von Antonia Manns<\/em><\/p>\n\n\n\n<p>Wenn es um queere Themen bei uns Pfadfinder*innen geht, dann kommt immer mal wieder die Frage auf, ob es das denn wirklich braucht. Habt ihr euch das auch schonmal gefragt oder die Frage woanders geh\u00f6rt? Im folgenden Text m\u00f6chte ich euch eine von vielen Antworten geben:<\/p>\n\n\n\n<p>Als Gruppenleiter*innen begleiten wir unsere Kinder und Jugendlichen durch verschiedene Entwicklungsphasen. Kinder und Jugendliche \u201egro\u00df\u201c werden zu sehen ist eine tolle Erfahrung, stellt uns aber auch immer wieder vor Herausforderungen.<\/p>\n\n\n\n<p><strong>Und was hat das jetzt mit queeren Themen zu tun?<\/strong><\/p>\n\n\n\n<p>Ziemlich viel, denn die queeren Kinder und Jugendlichen \u2013 die sind schon da. In unseren Gruppen, als junge Gruppenleitungen, in unseren Stammesrunden.<br>Sie haben erstmal alterstypische Entwicklungsaufgaben, wie andere in ihrem Alter auch. Gleichzeitig sind sie in einer besonderen Lebenssituation, in der Themen, wie die erste Liebe oder die erste Beziehung eingehen mit besonders vielen Unsicherheiten belastet sind.<br>Die meisten Kinder und Jugendlichen stellen im Zeitraum von 11 bis 16 Jahren fest, dass sie homosexuell sind. <\/p>\n\n\n\n<p>Aus <strong>Angst vor Ablehnung oder anderen Konsequenzen<\/strong> vergehen im Durchschnitt 3 Jahre bis zum Outing. Drei Jahre in einer so sensiblen Phase, in der sie keine Beziehung haben oder Fragen und Sorgen mit Freund*innen oder den Eltern teilen k\u00f6nnen, sind eine lange Zeit. Das kann ungl\u00fccklich und einsam machen.<\/p>\n\n\n\n<p><br>Wenn die Belastungen f\u00fcr queere Kinder und Jugendliche zu gro\u00df wird, dann kann das zu psychischen Erkankungen f\u00fchren, von denen sie deutlich h\u00e4ufiger betroffen sind als Gleichaltrige. Der <strong>gr\u00f6\u00dfte Schutzfaktor<\/strong> vor einer psychischen Erkrankung ist laut Studien ein unterst\u00fctzendes, akzeptierendes Umfeld. So ein Umfeld k\u00f6nnen Pfadfinder*innengruppen sein. Und daf\u00fcr ist es wichtig auch \u00fcber queere Themen zu reden, damit unsere Gruppenkinder wissen, dass sie auch mit solchen Themen zu uns kommen k\u00f6nnen.<\/p>\n","protected":false},"excerpt":{"rendered":"<p>von Antonia Manns Wenn es um queere Themen bei uns Pfadfinder*innen geht, dann kommt immer mal wieder die Frage auf, ob es das denn wirklich braucht. Habt ihr euch das auch schonmal gefragt oder die Frage woanders geh\u00f6rt? Im folgenden Text m\u00f6chte ich euch eine von vielen Antworten geben: Als Gruppenleiter*innen begleiten wir unsere Kinder [&hellip;]<\/p>\n","protected":false},"author":52,"featured_media":30034,"comment_status":"closed","ping_status":"open","sticky":false,"template":"","format":"standard","meta":{"_acf_changed":false,"inline_featured_image":false,"footnotes":""},"categories":[1],"tags":[277,486],"class_list":["post-36113","post","type-post","status-publish","format-standard","has-post-thumbnail","hentry","category-allgemein","tag-achtsam-und-aktiv","tag-queer"],"acf":[],"_links":{"self":[{"href":"https:\/\/vcp.de\/pfadfinden\/wp-json\/wp\/v2\/posts\/36113","targetHints":{"allow":["GET"]}}],"collection":[{"href":"https:\/\/vcp.de\/pfadfinden\/wp-json\/wp\/v2\/posts"}],"about":[{"href":"https:\/\/vcp.de\/pfadfinden\/wp-json\/wp\/v2\/types\/post"}],"author":[{"embeddable":true,"href":"https:\/\/vcp.de\/pfadfinden\/wp-json\/wp\/v2\/users\/52"}],"replies":[{"embeddable":true,"href":"https:\/\/vcp.de\/pfadfinden\/wp-json\/wp\/v2\/comments?post=36113"}],"version-history":[{"count":3,"href":"https:\/\/vcp.de\/pfadfinden\/wp-json\/wp\/v2\/posts\/36113\/revisions"}],"predecessor-version":[{"id":36138,"href":"https:\/\/vcp.de\/pfadfinden\/wp-json\/wp\/v2\/posts\/36113\/revisions\/36138"}],"wp:featuredmedia":[{"embeddable":true,"href":"https:\/\/vcp.de\/pfadfinden\/wp-json\/wp\/v2\/media\/30034"}],"wp:attachment":[{"href":"https:\/\/vcp.de\/pfadfinden\/wp-json\/wp\/v2\/media?parent=36113"}],"wp:term":[{"taxonomy":"category","embeddable":true,"href":"https:\/\/vcp.de\/pfadfinden\/wp-json\/wp\/v2\/categories?post=36113"},{"taxonomy":"post_tag","embeddable":true,"href":"https:\/\/vcp.de\/pfadfinden\/wp-json\/wp\/v2\/tags?post=36113"}],"curies":[{"name":"wp","href":"https:\/\/api.w.org\/{rel}","templated":true}]}}