{"id":3581,"date":"2015-11-04T15:14:16","date_gmt":"2015-11-04T13:14:16","guid":{"rendered":"http:\/\/www.vcp.de\/pfadfinden\/?p=3581"},"modified":"2015-11-04T16:55:48","modified_gmt":"2015-11-04T14:55:48","slug":"%ef%bb%bfexpedition-nach-venezuela-im-sommer-2016","status":"publish","type":"post","link":"https:\/\/vcp.de\/pfadfinden\/aus-dem-verband\/%ef%bb%bfexpedition-nach-venezuela-im-sommer-2016\/","title":{"rendered":"\ufeffExpedition nach Venezuela im Sommer 2016"},"content":{"rendered":"<p>Venezuela, das Land der Wasserf\u00e4lle, der Tafelberge, des Orinoco, viel unber\u00fchrter Natur, grandioser Str\u00e4nde, aber auch Land des Erd\u00f6ls, teilweise bitterer Armut und gesellschaftlicher Gegens\u00e4tze.<\/p>\n<p>Dahin soll es im Sommer 2016 f\u00fcr eine kleine Gruppe von mindesten 8 bis maximal 12 Pfadfinderinnen und Pfadfinder, j\u00fcngere, jung gebliebene und \u00e4ltere erwachsene gehen.<\/p>\n<p>Diese Expedition wird mit teils vorab organisierten und teils vor Ort selbst organisierten Elementen pfadfinderisch und mit \u00f6ffentlichen Verkehrsmitteln durchgef\u00fchrt werden.<\/p>\n<p>Es geh\u00f6rt bei dieser Expedition unbedingt dazu, sich auf eine andere Mentalit\u00e4t, auf ein zum Teil anstrengendes feuchtwarmes Klima und auf eine angespannte Sicherheitslage einzustellen. Besondere Vorsicht ist daher angesagt und bestimmte Gebiete kommen daher f\u00fcr diese Expedition nicht in Frage.<\/p>\n<p>Wen das nicht abschreckt, kann sich auf atemraubende Natur mit dem Angel Fall, dem Wasserfall mit der h\u00f6chsten Fallh\u00f6he &#8211; fast 1000 m -, als (ein) H\u00f6hepunkt dieser Expedition einstellen.<\/p>\n<p>Die Expedition wird voraussichtlich im August 2016 durchgef\u00fchrt und ca. 2.900 Euro kosten. Interessierte finden n\u00e4here Informationen in einer Pr\u00e4sentation auf der Seite der Fachgruppe Erwachsene auf unserer Homepage.<\/p>\n<p>Interessierte finden n\u00e4here Informationen in den Pr\u00e4sentationen hier:<\/p>\n<p style=\"padding-left: 30px;\"><a href=\"https:\/\/www.vcp.de\/fileadmin\/grafiken_vcp\/gremien\/fg_erwachsene\/Aktuelles\/Expedition_Venezuela_2016.ppt\" target=\"_blank\">Expedition Venezuela.ppt<\/a><br \/>\n<a href=\"https:\/\/www.vcp.de\/fileadmin\/grafiken_vcp\/gremien\/fg_erwachsene\/Aktuelles\/Expedition_Venezuela_2016.odp\" target=\"_blank\">Expedition Venezuela.odp<\/a><\/p>\n<p>Fragen beantwortet und Ausk\u00fcnfte erteilt <a href=\"mailto:Ulrich.Franz@gmx.de\">Ulrich.Franz@gmx.de<\/a><\/p>\n<figure id=\"attachment_3582\" aria-describedby=\"caption-attachment-3582\" style=\"width: 300px\" class=\"wp-caption aligncenter\"><a href=\"https:\/\/www.vcp.de\/pfadfinden\/wp-content\/uploads\/2015\/11\/Venezuela_AngelFall_Querformat_ulrichfranz.jpg\"><img loading=\"lazy\" decoding=\"async\" class=\"wp-image-3582 size-medium\" title=\"Venezuela Angel Fall Foto: Ulrich Franz\" src=\"https:\/\/www.vcp.de\/pfadfinden\/wp-content\/uploads\/2015\/11\/Venezuela_AngelFall_Querformat_ulrichfranz-300x203.jpg\" alt=\"Venezuela Angel Fall Foto: Ulrich Franz\" width=\"300\" height=\"203\" srcset=\"https:\/\/vcp.de\/pfadfinden\/wp-content\/uploads\/2015\/11\/Venezuela_AngelFall_Querformat_ulrichfranz-300x203.jpg 300w, https:\/\/vcp.de\/pfadfinden\/wp-content\/uploads\/2015\/11\/Venezuela_AngelFall_Querformat_ulrichfranz.jpg 799w\" sizes=\"auto, (max-width: 300px) 100vw, 300px\" \/><\/a><figcaption id=\"caption-attachment-3582\" class=\"wp-caption-text\">Venezuela Angel Fall Foto: Ulrich Franz<\/figcaption><\/figure>\n","protected":false},"excerpt":{"rendered":"<p>Venezuela, das Land der Wasserf\u00e4lle, der Tafelberge, des Orinoco, viel unber\u00fchrter Natur, grandioser Str\u00e4nde, aber auch Land des Erd\u00f6ls, teilweise bitterer Armut und gesellschaftlicher Gegens\u00e4tze. Dahin soll es im Sommer 2016 f\u00fcr eine kleine Gruppe von mindesten 8 bis maximal 12 Pfadfinderinnen und Pfadfinder, j\u00fcngere, jung gebliebene und \u00e4ltere erwachsene gehen. Diese Expedition wird mit [&hellip;]<\/p>\n","protected":false},"author":52,"featured_media":3582,"comment_status":"closed","ping_status":"open","sticky":false,"template":"","format":"standard","meta":{"_acf_changed":false,"inline_featured_image":false,"footnotes":""},"categories":[5],"tags":[],"class_list":["post-3581","post","type-post","status-publish","format-standard","has-post-thumbnail","hentry","category-aus-dem-verband"],"acf":[],"_links":{"self":[{"href":"https:\/\/vcp.de\/pfadfinden\/wp-json\/wp\/v2\/posts\/3581","targetHints":{"allow":["GET"]}}],"collection":[{"href":"https:\/\/vcp.de\/pfadfinden\/wp-json\/wp\/v2\/posts"}],"about":[{"href":"https:\/\/vcp.de\/pfadfinden\/wp-json\/wp\/v2\/types\/post"}],"author":[{"embeddable":true,"href":"https:\/\/vcp.de\/pfadfinden\/wp-json\/wp\/v2\/users\/52"}],"replies":[{"embeddable":true,"href":"https:\/\/vcp.de\/pfadfinden\/wp-json\/wp\/v2\/comments?post=3581"}],"version-history":[{"count":0,"href":"https:\/\/vcp.de\/pfadfinden\/wp-json\/wp\/v2\/posts\/3581\/revisions"}],"wp:featuredmedia":[{"embeddable":true,"href":"https:\/\/vcp.de\/pfadfinden\/wp-json\/wp\/v2\/media\/3582"}],"wp:attachment":[{"href":"https:\/\/vcp.de\/pfadfinden\/wp-json\/wp\/v2\/media?parent=3581"}],"wp:term":[{"taxonomy":"category","embeddable":true,"href":"https:\/\/vcp.de\/pfadfinden\/wp-json\/wp\/v2\/categories?post=3581"},{"taxonomy":"post_tag","embeddable":true,"href":"https:\/\/vcp.de\/pfadfinden\/wp-json\/wp\/v2\/tags?post=3581"}],"curies":[{"name":"wp","href":"https:\/\/api.w.org\/{rel}","templated":true}]}}