{"id":3574,"date":"2015-11-03T13:37:29","date_gmt":"2015-11-03T11:37:29","guid":{"rendered":"http:\/\/www.vcp.de\/pfadfinden\/?p=3574"},"modified":"2015-11-09T09:44:09","modified_gmt":"2015-11-09T07:44:09","slug":"%ef%bb%bfauf-dem-weg-das-erste-treffen-zum-roverway","status":"publish","type":"post","link":"https:\/\/vcp.de\/pfadfinden\/roverway\/%ef%bb%bfauf-dem-weg-das-erste-treffen-zum-roverway\/","title":{"rendered":"\ufeffAuf dem Weg: das erste Treffen zum Roverway"},"content":{"rendered":"<p>#SurlaRoute #OntheRoad. Erste Station auf dem Weg nach Frankreich: Die Pfadis, die im n\u00e4chsten Sommer auf den Roverway gehen, trafen sich vom 29.-31. Oktober in der Bundeszentrale in Kassel. Themen waren die Vortour nach Paris und Ideen f\u00fcr die Nachtour. Aber als erstes stand das gegenseitige Kennenlernen auf dem Programm.<\/p>\n<p>Von \u00fcberall aus Deutschland kamen sie her und trafen sich in der Mitte: in Kassel. Der Roverway 2016 in Frankreich sollte geplant werden. Zuerst galt es in spielerischer Art und Weise die Namen kennenzulernen. Das Sch\u00f6ne an solchen Veranstaltungen wie dem Roverway ist: Man lernt bei der Planung einer internationalen Veranstaltung erst mal viele neue Menschen aus dem VCP kennen. Und auf der gemeinsamen Singerunde am ersten Abend lernten alle neue Lieder.<\/p>\n<p>Der Freitag stand ganz im Zeichen des Roverways. Was ist eine Route und wohin f\u00fchrt sie? Gemeinsam mit Janosch und S\u00f6ren, die schon am Roverway in Finnland teilgenommen hatten, f\u00fchrten die Kontingentsleitung, Jana und Marc in den Aufbau des Roverways ein. Sie stellten den genauen Zeitplan vor und beantworteten erste Fragen. Vier Tage Vortour Paris, 6 Tage Route, 4 Tage Camp und dann noch eine Woche Nachtour. Am Abend gab es Bilder und Impressionen vom Roverway 2012. Der Samstag wurde f\u00fcr die Planung der Vor- und Nachtour genutzt. Nach einer sch\u00f6nen Andacht zum Reformationstag wurden viele Ideen entworfen und ausgearbeitet. F\u00fcr die Vortour steht in Paris der Besuch des Schlosses Versailles und das Treffen mit franz\u00f6sischen Pfadfinderinnen und Pfadfindern auf dem Programm. F\u00fcr die Nachtour gibt es folgende \u00dcberlegungen: Radtour in der Normandie, Kanufahren auf der Ard\u00e8che und ein Hajk in den Alpen.<\/p>\n<p>Ein toller Herbstspaziergang bei Sonnenschein durch Kassel schuf Platz f\u00fcr interessante Gespr\u00e4che und das Kn\u00fcpfen neuer Freundschaften. Der letzte Abend war der franz\u00f6sische Abend, bei dem es nat\u00fcrlich selbstgemachte Quiche und Mousse au Chocolat gab, gefolgt von einem franz\u00f6sischen Filmabend. Am Sonntag machten sich dann alle nach dem Abschlusskreis auf ihr eigene Route, erst einmal nach Hause. Im Mai wird das n\u00e4chste Vorbereitungstreffen stattfinden.<\/p>\n<p><a href=\"https:\/\/www.vcp.de\/pfadfinden\/wp-content\/uploads\/2015\/11\/DSC02031.jpg\"><img loading=\"lazy\" decoding=\"async\" class=\"aligncenter size-medium wp-image-3576\" src=\"https:\/\/www.vcp.de\/pfadfinden\/wp-content\/uploads\/2015\/11\/DSC02031-300x200.jpg\" alt=\"DSC02031\" width=\"300\" height=\"200\" srcset=\"https:\/\/vcp.de\/pfadfinden\/wp-content\/uploads\/2015\/11\/DSC02031-300x200.jpg 300w, https:\/\/vcp.de\/pfadfinden\/wp-content\/uploads\/2015\/11\/DSC02031.jpg 799w\" sizes=\"auto, (max-width: 300px) 100vw, 300px\" \/><\/a><\/p>\n","protected":false},"excerpt":{"rendered":"<p>#SurlaRoute #OntheRoad. Erste Station auf dem Weg nach Frankreich: Die Pfadis, die im n\u00e4chsten Sommer auf den Roverway gehen, trafen sich vom 29.-31. Oktober in der Bundeszentrale in Kassel. Themen waren die Vortour nach Paris und Ideen f\u00fcr die Nachtour. Aber als erstes stand das gegenseitige Kennenlernen auf dem Programm. Von \u00fcberall aus Deutschland kamen [&hellip;]<\/p>\n","protected":false},"author":3,"featured_media":3576,"comment_status":"closed","ping_status":"open","sticky":false,"template":"","format":"standard","meta":{"_acf_changed":false,"inline_featured_image":false,"footnotes":""},"categories":[47],"tags":[],"class_list":["post-3574","post","type-post","status-publish","format-standard","has-post-thumbnail","hentry","category-roverway"],"acf":[],"_links":{"self":[{"href":"https:\/\/vcp.de\/pfadfinden\/wp-json\/wp\/v2\/posts\/3574","targetHints":{"allow":["GET"]}}],"collection":[{"href":"https:\/\/vcp.de\/pfadfinden\/wp-json\/wp\/v2\/posts"}],"about":[{"href":"https:\/\/vcp.de\/pfadfinden\/wp-json\/wp\/v2\/types\/post"}],"author":[{"embeddable":true,"href":"https:\/\/vcp.de\/pfadfinden\/wp-json\/wp\/v2\/users\/3"}],"replies":[{"embeddable":true,"href":"https:\/\/vcp.de\/pfadfinden\/wp-json\/wp\/v2\/comments?post=3574"}],"version-history":[{"count":0,"href":"https:\/\/vcp.de\/pfadfinden\/wp-json\/wp\/v2\/posts\/3574\/revisions"}],"wp:featuredmedia":[{"embeddable":true,"href":"https:\/\/vcp.de\/pfadfinden\/wp-json\/wp\/v2\/media\/3576"}],"wp:attachment":[{"href":"https:\/\/vcp.de\/pfadfinden\/wp-json\/wp\/v2\/media?parent=3574"}],"wp:term":[{"taxonomy":"category","embeddable":true,"href":"https:\/\/vcp.de\/pfadfinden\/wp-json\/wp\/v2\/categories?post=3574"},{"taxonomy":"post_tag","embeddable":true,"href":"https:\/\/vcp.de\/pfadfinden\/wp-json\/wp\/v2\/tags?post=3574"}],"curies":[{"name":"wp","href":"https:\/\/api.w.org\/{rel}","templated":true}]}}