{"id":3533,"date":"2015-11-25T09:00:52","date_gmt":"2015-11-25T07:00:52","guid":{"rendered":"http:\/\/www.vcp.de\/pfadfinden\/?p=3533"},"modified":"2015-11-25T12:10:05","modified_gmt":"2015-11-25T10:10:05","slug":"%ef%bb%bfabenteuerliche-geschichten-25-jahre-vereintes-deutschland","status":"publish","type":"post","link":"https:\/\/vcp.de\/pfadfinden\/allgemein\/%ef%bb%bfabenteuerliche-geschichten-25-jahre-vereintes-deutschland\/","title":{"rendered":"\ufeffAbenteuerliche Geschichten: 25 Jahre vereintes Deutschland"},"content":{"rendered":"<p><em>Von Jakob Hoffmann, Frankfurt<\/em><\/p>\n<p>Mit 25 l\u00e4sst man es in der Jugendarbeit gerne ausklingen. Manchmal fr\u00fcher, manchmal sp\u00e4ter. Wenn Deutschland dieses Jahr also das 25 j\u00e4hrige Jubil\u00e4um seiner Wiedervereinigung feiert, dann kennen die heutigen Akteure unseres Jugendverbandes die DDR nur noch aus Geschichtsb\u00fcchern und von Erz\u00e4hlungen, aus Guido-Knopp- Sendungen und aus Ostalgieprodukten wie den Trabbi oder NVA-M\u00fctzen.<\/p>\n<p>Zugleich gibt es aus unserer Perspektive kein Ereignis von welthistorischem Rang, das f\u00fcr eine Recherche so zug\u00e4nglich ist wie die Geschichte der DDR und des Mauerfalls. Zeitzeugen sind nahe, oft im eigenen Bekanntenkreis. Und sie sind auskunftsf\u00e4hig. Es ist z.B. einfach Leute zu finden, die beim Mauerfall so alt waren wie unsere Klientel, unsere Ehrenamtlichen jetzt.<\/p>\n<p>Mir wurde das besonders deutlich, als ich auf einer Lesung des Comic-Autors Mawil war. In seiner preisgekr\u00f6nten Graphic Novel \u201eKinderland\u201c beschreibt er seine Zeit als Pubertierender in Ost-Berlin, witzig, dramatisch und irgendwie sehr gegenw\u00e4rtig. Ich lud ihn sofort ein, sein Buch bei uns vorzustellen und \u00fcber seine Geschichte zu sprechen.<\/p>\n<p>Unser Projekt besteht aus zwei Teilen: Recherche und Kongress \/ Happening. F\u00fcr die Recherche fand sich eine Gruppe aus 11 Pfadis, jeder mit einem Interviewwunsch im Gep\u00e4ck. Dabei ging es zun\u00e4chst nicht um ganze konkrete Personen, das Kriterium war die Zugeh\u00f6rigkeit zu einem bestimmten Beruf, einer Subkultur, einer politischen Gruppe. \u201eIch m\u00f6chte wissen, wie man als Punk in der DDR gelebt hat!\u201c, \u201eIch m\u00f6chte mit jemand vom Oktoberclub sprechen\u201c, \u201eGab es eigentlich Kriegsdienstverweigerer in der DDR?\u201c, \u201eMich interessieren die Erfahrungen von jemand, der geflohen ist\u201c\u2026..<\/p>\n<p>Ein Plan wurde gemacht, Kontakte gekn\u00fcpft. Das ging \u00fcberwiegend schnell und gut. Fast alle Leute, die man ansprach, denen man von dem Projekt erz\u00e4hlte hatte, eine Idee und noch eine, einen Kontakt, einen Film, ein Buch. Die Dynamik motivierte uns.<\/p>\n<p>Wir hatten uns \u00fcberlegt, dass wir gerne filmen und eine hochwertige Printdokumentation erstellen m\u00f6chten, mit Texten, Fundst\u00fccken, Fotos, etwas f\u00fcr die Hand.<\/p>\n<p>Im Mai f\u00fchrten wir unser erstes Interview. Wir trafen uns mit F. in Eisenach. F. schilderte uns ihre Flucht aus der DDR, \u00fcber die Tschechoslowakei. Es war beeindruckend und auch ein bisschen lustig. Zugleich lernten wir unsere ersten Lektionen in Sachen Ton und Bild.<\/p>\n<p>Im Juni fuhren wir nach Berlin zu Reinhold Andert, einem Schriftsteller und Liedermacher, ehemaliges Mitglied des Oktoberclubs, mit Auftrittsverbot belegt, nach der Wende ein Vertrauter Honeckers, der mit ihm lange Gespr\u00e4che f\u00fchrte (und in einem Buch dokumentierte).<\/p>\n<p>Die ersten beiden Interviews werteten wir auch hinsichtlich unserer Frage- und Aufnahmetechnik auf. Wir hatten gemerkt: Die Leute haben Lust zu sprechen, es gibt aber auch eine gewisse Skepsis.<\/p>\n<p>Den Hauptteil der Recherche machten wir in der ersten Augustwoche. Mit acht Leuten und einem roten VW Bus.<\/p>\n<p>Los ging es mit einem VCP Treffen \u2013 in Leipzig. Die allererste Landesleitung des VCP Sachsen, erz\u00e4hlte uns, wie es war, 1990 mit der Pfadfinderei zu beginnen, dort, wo blaue Halst\u00fccher nicht das beste Image hatten. Von Leipzig f\u00fchrte uns die Tour \u00fcber Dresden, Waldheim und Jena nach Berlin, von dort nach Neubrandenburg, Prora, Rostock und Schlutup, zw\u00f6lf Interviews mit durchweg spannenden Leuten.<\/p>\n<p>Eindr\u00fccklich war, wie sich im Laufe der Zeit Bez\u00fcge herstellten, sich Aussagen \u00fcberschnitten, wiederholten, wie langsam ein Bild entstand. Zwar taten (und tun) sich immer weitere Fragen auf, aber es zeichnen sich Linien ab. Keiner unserer Gespr\u00e4chspartner verherrlichte die DDR. Aber es gab auch (fast) niemand, der sie pauschal verurteilte. Man lebte dort, die Repression war unterschiedlich<br \/>\nstark sp\u00fcrbar.<\/p>\n<p>Besonders schlimm war es f\u00fcr die Kriegsdienstverweigerer, die als Bausoldaten im riesigen Baukoloss Prora (ein 5 km (!) langes Geb\u00e4ude an der Ostsee) schuften mussten. Die Punks waren st\u00e4ndigen G\u00e4ngeleien ausgesetzt. Dennoch gab es f\u00fcr viele auch Erfahrungen, die vor allem nach der Wiedervereinigung als positiv eingesch\u00e4tzt wurden: keine Existenzangst, ein relativ gerechtes Gesundheitswesen, ein einheitliches Bildungssystem.<\/p>\n<p>Im November werden auf den Herbsttagen die Interviews vorgestellt. Aber nicht nur das. Mawil kommt, zeichnet und erz\u00e4hlt und in einer Simulation \u00fcberlegen wir uns: Was w\u00e4re heute, wenn die Mauer noch st\u00fcnde?! Wie angesagt eine solche Frage heute ist, wei\u00df jeder, der die der die aktuellen Ereignisse verfolgt.<\/p>\n<div id='gallery-1' class='gallery galleryid-3533 gallery-columns-3 gallery-size-thumbnail'><figure class='gallery-item'>\n\t\t\t<div class='gallery-icon landscape'>\n\t\t\t\t<a href='https:\/\/vcp.de\/pfadfinden\/wp-content\/uploads\/2015\/10\/VCP_hessen_Punk-Erl\u00f6serkirche.jpg'><img loading=\"lazy\" decoding=\"async\" width=\"150\" height=\"150\" src=\"https:\/\/vcp.de\/pfadfinden\/wp-content\/uploads\/2015\/10\/VCP_hessen_Punk-Erl\u00f6serkirche-150x150.jpg\" class=\"attachment-thumbnail size-thumbnail\" alt=\"\" aria-describedby=\"gallery-1-3538\" srcset=\"https:\/\/vcp.de\/pfadfinden\/wp-content\/uploads\/2015\/10\/VCP_hessen_Punk-Erl\u00f6serkirche-150x150.jpg 150w, https:\/\/vcp.de\/pfadfinden\/wp-content\/uploads\/2015\/10\/VCP_hessen_Punk-Erl\u00f6serkirche-45x45.jpg 45w\" sizes=\"auto, (max-width: 150px) 100vw, 150px\" \/><\/a>\n\t\t\t<\/div>\n\t\t\t\t<figcaption class='wp-caption-text gallery-caption' id='gallery-1-3538'>\n\t\t\t\tInterview: Wie lebte es sich als Punk in Ostdeutschland?\n\t\t\t\t<\/figcaption><\/figure><figure class='gallery-item'>\n\t\t\t<div class='gallery-icon landscape'>\n\t\t\t\t<a href='https:\/\/vcp.de\/pfadfinden\/wp-content\/uploads\/2015\/10\/Prora_Jakob_DJI00014.jpg'><img loading=\"lazy\" decoding=\"async\" width=\"150\" height=\"150\" src=\"https:\/\/vcp.de\/pfadfinden\/wp-content\/uploads\/2015\/10\/Prora_Jakob_DJI00014-150x150.jpg\" class=\"attachment-thumbnail size-thumbnail\" alt=\"\" aria-describedby=\"gallery-1-3535\" srcset=\"https:\/\/vcp.de\/pfadfinden\/wp-content\/uploads\/2015\/10\/Prora_Jakob_DJI00014-150x150.jpg 150w, https:\/\/vcp.de\/pfadfinden\/wp-content\/uploads\/2015\/10\/Prora_Jakob_DJI00014-45x45.jpg 45w\" sizes=\"auto, (max-width: 150px) 100vw, 150px\" \/><\/a>\n\t\t\t<\/div>\n\t\t\t\t<figcaption class='wp-caption-text gallery-caption' id='gallery-1-3535'>\n\t\t\t\t  \u201eMachtUrlaub\u201c Riesenruine und Ferienort: Prora an der Ostsee hat eine wechselvolle Geschichte.\n\t\t\t\t<\/figcaption><\/figure><figure class='gallery-item'>\n\t\t\t<div class='gallery-icon landscape'>\n\t\t\t\t<a href='https:\/\/vcp.de\/pfadfinden\/wp-content\/uploads\/2015\/10\/vcp_hessen_Leseladen-Jena.jpg'><img loading=\"lazy\" decoding=\"async\" width=\"150\" height=\"150\" src=\"https:\/\/vcp.de\/pfadfinden\/wp-content\/uploads\/2015\/10\/vcp_hessen_Leseladen-Jena-150x150.jpg\" class=\"attachment-thumbnail size-thumbnail\" alt=\"\" aria-describedby=\"gallery-1-3537\" srcset=\"https:\/\/vcp.de\/pfadfinden\/wp-content\/uploads\/2015\/10\/vcp_hessen_Leseladen-Jena-150x150.jpg 150w, https:\/\/vcp.de\/pfadfinden\/wp-content\/uploads\/2015\/10\/vcp_hessen_Leseladen-Jena-45x45.jpg 45w\" sizes=\"auto, (max-width: 150px) 100vw, 150px\" \/><\/a>\n\t\t\t<\/div>\n\t\t\t\t<figcaption class='wp-caption-text gallery-caption' id='gallery-1-3537'>\n\t\t\t\tLeseladen Jena\n\t\t\t\t<\/figcaption><\/figure>\n\t\t<\/div>\n\n<p>[osm_map lat=&#8220;52.169933&#8243; lon=&#8220;12.178533&#8243; zoom=&#8220;6&#8243; width=&#8220;600&#8243; height=&#8220;450&#8243; kml_file=&#8220;https:\/\/www.vcp.de\/pfadfinden\/wp-content\/uploads\/2015\/11\/anp1503abenteuerliche_geschichten.kml&#8220;]<\/p>\n","protected":false},"excerpt":{"rendered":"<p>Von Jakob Hoffmann, Frankfurt Mit 25 l\u00e4sst man es in der Jugendarbeit gerne ausklingen. Manchmal fr\u00fcher, manchmal sp\u00e4ter. Wenn Deutschland dieses Jahr also das 25 j\u00e4hrige Jubil\u00e4um seiner Wiedervereinigung feiert, dann kennen die heutigen Akteure unseres Jugendverbandes die DDR nur noch aus Geschichtsb\u00fcchern und von Erz\u00e4hlungen, aus Guido-Knopp- Sendungen und aus Ostalgieprodukten wie den Trabbi [&hellip;]<\/p>\n","protected":false},"author":3,"featured_media":3538,"comment_status":"closed","ping_status":"open","sticky":false,"template":"","format":"standard","meta":{"_acf_changed":false,"inline_featured_image":false,"footnotes":""},"categories":[1],"tags":[],"class_list":["post-3533","post","type-post","status-publish","format-standard","has-post-thumbnail","hentry","category-allgemein"],"acf":[],"_links":{"self":[{"href":"https:\/\/vcp.de\/pfadfinden\/wp-json\/wp\/v2\/posts\/3533","targetHints":{"allow":["GET"]}}],"collection":[{"href":"https:\/\/vcp.de\/pfadfinden\/wp-json\/wp\/v2\/posts"}],"about":[{"href":"https:\/\/vcp.de\/pfadfinden\/wp-json\/wp\/v2\/types\/post"}],"author":[{"embeddable":true,"href":"https:\/\/vcp.de\/pfadfinden\/wp-json\/wp\/v2\/users\/3"}],"replies":[{"embeddable":true,"href":"https:\/\/vcp.de\/pfadfinden\/wp-json\/wp\/v2\/comments?post=3533"}],"version-history":[{"count":0,"href":"https:\/\/vcp.de\/pfadfinden\/wp-json\/wp\/v2\/posts\/3533\/revisions"}],"wp:featuredmedia":[{"embeddable":true,"href":"https:\/\/vcp.de\/pfadfinden\/wp-json\/wp\/v2\/media\/3538"}],"wp:attachment":[{"href":"https:\/\/vcp.de\/pfadfinden\/wp-json\/wp\/v2\/media?parent=3533"}],"wp:term":[{"taxonomy":"category","embeddable":true,"href":"https:\/\/vcp.de\/pfadfinden\/wp-json\/wp\/v2\/categories?post=3533"},{"taxonomy":"post_tag","embeddable":true,"href":"https:\/\/vcp.de\/pfadfinden\/wp-json\/wp\/v2\/tags?post=3533"}],"curies":[{"name":"wp","href":"https:\/\/api.w.org\/{rel}","templated":true}]}}