{"id":34492,"date":"2024-03-08T12:16:39","date_gmt":"2024-03-08T11:16:39","guid":{"rendered":"https:\/\/www.vcp.de\/pfadfinden\/?p=34492"},"modified":"2024-03-08T12:18:10","modified_gmt":"2024-03-08T11:18:10","slug":"workshoppfadfinden-dekolonisieren-fuer-eine-gerechtere-gesellschaft-und-gegen-rassismus","status":"publish","type":"post","link":"https:\/\/vcp.de\/pfadfinden\/jugendpolitik\/workshoppfadfinden-dekolonisieren-fuer-eine-gerechtere-gesellschaft-und-gegen-rassismus\/","title":{"rendered":"Workshop Pfadfinden dekolonisieren \u2013 F\u00fcr eine gerechtere Gesellschaft und gegen Rassismus"},"content":{"rendered":"\n<p>Die AG Kolonialismuskritik des <a href=\"https:\/\/www.pfa.de\/ak\/anmelden-zum-workshopwochenende-in-berlin-19-21-4-pfadfinden-dekolonisieren-fuer-eine-gerechtere-gesellschaft-und-gegen-rassismus\/\" target=\"_blank\" rel=\"noreferrer noopener\">BdP<\/a> l\u00e4dt Pfadfinder*innen ab 16 zu einem Wochenende in Berlin ein rund um die Themen Kolonialismus, Rassismus, Dekolonisierung und was sie f\u00fcr uns als Pfadfinder*innen bedeuten ein.<\/p>\n\n\n\n<p>Dazu haben wir den Antirassismusaktivisten und politischen Bildner Tahir Della eingeladen, mit dem wir schon im Februar einen Online-Workshop durchgef\u00fchrt haben. In diesem Workshop haben wir einige Themen schon mal aufgemacht, die wir weiter vertiefen m\u00f6chten: Wie k\u00f6nnen wir \u00fcber eine Auseinandersetzung mit der kolonialen Vergangenheit Ver\u00e4nderungen in der ganzen Gesellschaft ansto\u00dfen? Welche Bedeutung hat Geschichte f\u00fcr das Heute? Was bedeutet \u201eDekolonisierung\u201c eigentlich? Welche Chancen liegen im Ablegen von Denkmustern und Traditionen auch f\u00fcr uns als Pfadfinder*innen, auf dem Weg zu einer gerechteren Gesellschaft?<\/p>\n\n\n\n<p>Tahir Della ist seit den 80ern Aktivist in der <a href=\"https:\/\/isdonline.de\/\" target=\"_blank\" rel=\"noreferrer noopener\">Initiative Schwarzer Menschen in Deutschland<\/a>, macht beim Berliner Verein <a href=\"https:\/\/www.glokal.org\/\" target=\"_blank\" rel=\"noreferrer noopener\">Glokal e. V<\/a>. machtkritische Bildungsarbeit und Beratung und ist Mitglied bei <a href=\"https:\/\/decolonize-berlin.de\/de\/\" target=\"_blank\" rel=\"noreferrer noopener\">Decolonize Berlin<\/a>. Gemeinsam gestalten wir ein Programm mit interaktiven Methoden zum kritischen Lernen \u00fcber Geschichte mit, einem Ausstellungsbesuch und viel Raum f\u00fcr Austausch und Diskussionen rund um Politik, Pfadfinden und unseren Umgang mit der Vergangenheit unserer Gesellschaft und insbesondere unserer Bewegung. Gen Ende des Wochenendes m\u00f6chten wir darauf schauen, welchen Weg wir als Pfadfinder*innen in puncto Antirassismus und kolonialismuskritischer Bildung schon gegangen sind und noch weiter gehen m\u00fcssten.<\/p>\n\n\n\n<p>Das Wochenende richtet sich an aktive Pfadfinder*innen ab 16 aufw\u00e4rts, gerne aus den St\u00e4mmen, Kursteams, Landes- und Bundesteams. Wir freuen uns sehr \u00fcber Teilnehmer*innen, die sich bereits zu Antidiskriminierung engagieren bzw. damit auseinandersetzen, politische bzw. historische Bildung machen, aber auch alle, die interessiert und offen f\u00fcr die Themen sind, sind willkommen.<\/p>\n\n\n\n<p>Die Veranstaltung richtet sich auch an Pfadfinder*innen anderer B\u00fcnde, <strong>liebe VCPer*innen ihr seid also herzlich eingeladen!<\/strong><\/p>\n\n\n\n<p><strong>Anmelden k\u00f6nnt ihr euch bis zum 17.3. hier: <a href=\"https:\/\/forms.office.com\/e\/QMrw42qSmB\" target=\"_blank\" rel=\"noreferrer noopener\">https:\/\/forms.office.com\/e\/QMrw42qSmB<\/a><\/strong><\/p>\n\n\n\n<h3 class=\"wp-block-heading\">Hard Facts<\/h3>\n\n\n\n<p><strong>Wann?<\/strong> 19. \u2013 21.04.2024 (Anreise zwischen 18 und 20 Uhr am Freitag, Abreise ab 12 Uhr am Sonntag)<br><strong>Wo?<\/strong> Mosse-Stift in Berlin (Rudolf-Mosse-Stra\u00dfe 11, 14197 Berlin)<br><strong>Kosten:<\/strong> 25\u20ac bei Teilnahme Freitag bis Sonntag mit Unterkunft im Mosse-Stift; 12,50\u20ac bei Teilnahme nur Samstag und Sonntag, ggf. mit eigener Unterkunft in Berlin<br><strong>Anreise:<\/strong> Es gibt f\u00fcr Mitglieder aller B\u00fcnde die M\u00f6glichkeit der Fahrtkostenr\u00fcckerstattung gem\u00e4\u00df der BdP-Abrechnungsordnung \u2013 bitte bucht m\u00f6glichst fr\u00fch und nutzt Sparpreise<\/p>\n\n\n\n<p>Alle Infos findet ihr gesammelt in der <a href=\"https:\/\/www.pfa.de\/wp-content\/uploads\/2024\/01\/ausschreibung_workshop_april2024.pdf\" target=\"_blank\" rel=\"noreferrer noopener\">Ausschreibung.<\/a><\/p>\n\n\n\n<p>Dieses Projekt wird gef\u00f6rdert von der Stiftung Pfadfinden und dem Pfadfinder Hilfsfond e.V.<\/p>\n","protected":false},"excerpt":{"rendered":"<p>Die AG Kolonialismuskritik des BdP l\u00e4dt Pfadfinder*innen ab 16 zu einem Wochenende in Berlin ein rund um die Themen Kolonialismus, Rassismus, Dekolonisierung und was sie f\u00fcr uns als Pfadfinder*innen bedeuten ein. Dazu haben wir den Antirassismusaktivisten und politischen Bildner Tahir Della eingeladen, mit dem wir schon im Februar einen Online-Workshop durchgef\u00fchrt haben. In diesem Workshop [&hellip;]<\/p>\n","protected":false},"author":52,"featured_media":10352,"comment_status":"closed","ping_status":"open","sticky":false,"template":"","format":"standard","meta":{"_acf_changed":false,"inline_featured_image":false,"footnotes":""},"categories":[356,517],"tags":[102,553],"class_list":["post-34492","post","type-post","status-publish","format-standard","has-post-thumbnail","hentry","category-jugendpolitik","category-veranstaltungen","tag-jugendpolitik","tag-kolonialismus"],"acf":[],"_links":{"self":[{"href":"https:\/\/vcp.de\/pfadfinden\/wp-json\/wp\/v2\/posts\/34492","targetHints":{"allow":["GET"]}}],"collection":[{"href":"https:\/\/vcp.de\/pfadfinden\/wp-json\/wp\/v2\/posts"}],"about":[{"href":"https:\/\/vcp.de\/pfadfinden\/wp-json\/wp\/v2\/types\/post"}],"author":[{"embeddable":true,"href":"https:\/\/vcp.de\/pfadfinden\/wp-json\/wp\/v2\/users\/52"}],"replies":[{"embeddable":true,"href":"https:\/\/vcp.de\/pfadfinden\/wp-json\/wp\/v2\/comments?post=34492"}],"version-history":[{"count":3,"href":"https:\/\/vcp.de\/pfadfinden\/wp-json\/wp\/v2\/posts\/34492\/revisions"}],"predecessor-version":[{"id":34495,"href":"https:\/\/vcp.de\/pfadfinden\/wp-json\/wp\/v2\/posts\/34492\/revisions\/34495"}],"wp:featuredmedia":[{"embeddable":true,"href":"https:\/\/vcp.de\/pfadfinden\/wp-json\/wp\/v2\/media\/10352"}],"wp:attachment":[{"href":"https:\/\/vcp.de\/pfadfinden\/wp-json\/wp\/v2\/media?parent=34492"}],"wp:term":[{"taxonomy":"category","embeddable":true,"href":"https:\/\/vcp.de\/pfadfinden\/wp-json\/wp\/v2\/categories?post=34492"},{"taxonomy":"post_tag","embeddable":true,"href":"https:\/\/vcp.de\/pfadfinden\/wp-json\/wp\/v2\/tags?post=34492"}],"curies":[{"name":"wp","href":"https:\/\/api.w.org\/{rel}","templated":true}]}}