{"id":34440,"date":"2024-03-04T12:03:56","date_gmt":"2024-03-04T11:03:56","guid":{"rendered":"https:\/\/www.vcp.de\/pfadfinden\/?p=34440"},"modified":"2024-03-04T12:03:57","modified_gmt":"2024-03-04T11:03:57","slug":"meilensteine-aus-albert-schweitzers-leben","status":"publish","type":"post","link":"https:\/\/vcp.de\/pfadfinden\/auf-neuem-pfad\/meilensteine-aus-albert-schweitzers-leben\/","title":{"rendered":"Meilensteine aus Albert Schweitzers Leben"},"content":{"rendered":"\n<p><\/p>\n\n\n\n<p>14. Januar 1875: Geboren in Kaysersberg als Sohn eines Pfarrers.<\/p>\n\n\n\n<p>1875-1893: Schulzeit in G\u00fcnsbach und M\u00fchlhausen.<\/p>\n\n\n\n<p>1893-1902: Studium (Theologie und Philosophie) in Stra\u00dfburg, Paris und Berlin, und Orgelunterricht in Paris.<\/p>\n\n\n\n<p>1902-1906: Vikar an St. Nicolai und Direktor des Thomasstifts in Stra\u00dfburg.<\/p>\n\n\n\n<p>1905-1912:&nbsp; Medizinstudium in Stra\u00dfburg.<\/p>\n\n\n\n<p>1912: Heirat mit Helene Bresslau.<\/p>\n\n\n\n<p>1913-1917: Erster Aufenthalt in Afrika.<\/p>\n\n\n\n<p>1917-1923: Ausweisung aus Afrika&nbsp; in Folge des 1. Weltkriegs; verschiedene T\u00e4tigkeiten in Europa (Vikar \/ Assistenzarzt \/ Konzert und Vortragsreisen).<\/p>\n\n\n\n<p>1919: Geburt der einzigen Tochter Rhena.<\/p>\n\n\n\n<p>1920: Schweitzer wird nach Inkrafttreten des Versailler Vertrags franz\u00f6sischer Staatsb\u00fcrger.<\/p>\n\n\n\n<p>ab 1924: Zweiter Aufenthalt in Afrika; Wiederaufbau des Hospitals in Lambarene; bis zu seinem Tod pendelt Schweitzer mit Konzert- und Vortragsreisen zwischen Europa und Afrika mit dem Ziel, Spenden f\u00fcr das Urwaldhospital in Lambarene zu sammeln.<\/p>\n\n\n\n<p>1928: Goethepreis der Stadt Frankfurt\/Main.<\/p>\n\n\n\n<p>1949: Reise in die USA.<\/p>\n\n\n\n<p>1951: Friedenspreis des Deutschen Buchhandels.<\/p>\n\n\n\n<p>1953: Friedensnobelpreis (r\u00fcckwirkend f\u00fcr 1952); Bau eines Lepradorfes in Lambarene mit der Preissumme.&nbsp;<\/p>\n\n\n\n<p>1. Juni 1957: Tod der Ehefrau Helene Schweitzer.<\/p>\n\n\n\n<p>4. September 1965 Tod von Albert Schweitzer in Lambarene<\/p>\n","protected":false},"excerpt":{"rendered":"<p>14. Januar 1875: Geboren in Kaysersberg als Sohn eines Pfarrers. 1875-1893: Schulzeit in G\u00fcnsbach und M\u00fchlhausen. 1893-1902: Studium (Theologie und Philosophie) in Stra\u00dfburg, Paris und Berlin, und Orgelunterricht in Paris. 1902-1906: Vikar an St. Nicolai und Direktor des Thomasstifts in Stra\u00dfburg. 1905-1912:&nbsp; Medizinstudium in Stra\u00dfburg. 1912: Heirat mit Helene Bresslau. 1913-1917: Erster Aufenthalt in Afrika. [&hellip;]<\/p>\n","protected":false},"author":52,"featured_media":32732,"comment_status":"closed","ping_status":"open","sticky":false,"template":"","format":"standard","meta":{"_acf_changed":false,"inline_featured_image":false,"footnotes":""},"categories":[419],"tags":[],"class_list":["post-34440","post","type-post","status-publish","format-standard","has-post-thumbnail","hentry","category-auf-neuem-pfad"],"acf":[],"_links":{"self":[{"href":"https:\/\/vcp.de\/pfadfinden\/wp-json\/wp\/v2\/posts\/34440","targetHints":{"allow":["GET"]}}],"collection":[{"href":"https:\/\/vcp.de\/pfadfinden\/wp-json\/wp\/v2\/posts"}],"about":[{"href":"https:\/\/vcp.de\/pfadfinden\/wp-json\/wp\/v2\/types\/post"}],"author":[{"embeddable":true,"href":"https:\/\/vcp.de\/pfadfinden\/wp-json\/wp\/v2\/users\/52"}],"replies":[{"embeddable":true,"href":"https:\/\/vcp.de\/pfadfinden\/wp-json\/wp\/v2\/comments?post=34440"}],"version-history":[{"count":1,"href":"https:\/\/vcp.de\/pfadfinden\/wp-json\/wp\/v2\/posts\/34440\/revisions"}],"predecessor-version":[{"id":34441,"href":"https:\/\/vcp.de\/pfadfinden\/wp-json\/wp\/v2\/posts\/34440\/revisions\/34441"}],"wp:featuredmedia":[{"embeddable":true,"href":"https:\/\/vcp.de\/pfadfinden\/wp-json\/wp\/v2\/media\/32732"}],"wp:attachment":[{"href":"https:\/\/vcp.de\/pfadfinden\/wp-json\/wp\/v2\/media?parent=34440"}],"wp:term":[{"taxonomy":"category","embeddable":true,"href":"https:\/\/vcp.de\/pfadfinden\/wp-json\/wp\/v2\/categories?post=34440"},{"taxonomy":"post_tag","embeddable":true,"href":"https:\/\/vcp.de\/pfadfinden\/wp-json\/wp\/v2\/tags?post=34440"}],"curies":[{"name":"wp","href":"https:\/\/api.w.org\/{rel}","templated":true}]}}