{"id":34136,"date":"2024-02-13T20:40:43","date_gmt":"2024-02-13T19:40:43","guid":{"rendered":"https:\/\/www.vcp.de\/pfadfinden\/?p=34136"},"modified":"2024-02-13T20:40:44","modified_gmt":"2024-02-13T19:40:44","slug":"ausschreibung-hospitationen-bei-der-spd-bundestagsfraktion-12-17-5-2024","status":"publish","type":"post","link":"https:\/\/vcp.de\/pfadfinden\/jugendpolitik\/ausschreibung-hospitationen-bei-der-spd-bundestagsfraktion-12-17-5-2024\/","title":{"rendered":"AUSSCHREIBUNG: Hospitationen bei der SPD-Bundestagsfraktion (12.-17.5.2024)"},"content":{"rendered":"\n<p><strong>Bewerbungsschluss: 17.03.2024<\/strong><\/p>\n\n\n\n<p>Die SPD-Bundestagsfraktion bietet in Kooperation mit dem Bundesjugendring ein Hospitationsprogramm an. <strong>Jugendliche ab 18 Jahren<\/strong> k\u00f6nnen <strong>vom 12. bis 17. Mai 2024 <\/strong>Abgeordnete und ihre Mitarbeiter*innen in ihrem Arbeitsalltag begleiten, an Sitzungen teilnehmen und eine Bundestagssitzung erleben. Der Bundesjugendring unterst\u00fctzt diese M\u00f6glichkeit f\u00fcr junge Menschen aus den Jugendverb\u00e4nden, Kontakte und Einblicke in die parlamentarische Arbeit des Deutschen Bundestages zu bekommen.<\/p>\n\n\n\n<p>Interesse? Dann meld dich jetzt bei den Referent*innen aus dem Referat Netzwerke Ilka und Lena unter <a href=\"mailto:jugendpolitik@vcp.de\">jugendpolitik@vcp.de<\/a><\/p>\n\n\n\n<p><\/p>\n","protected":false},"excerpt":{"rendered":"<p>Bewerbungsschluss: 17.03.2024 Die SPD-Bundestagsfraktion bietet in Kooperation mit dem Bundesjugendring ein Hospitationsprogramm an. Jugendliche ab 18 Jahren k\u00f6nnen vom 12. bis 17. Mai 2024 Abgeordnete und ihre Mitarbeiter*innen in ihrem Arbeitsalltag begleiten, an Sitzungen teilnehmen und eine Bundestagssitzung erleben. Der Bundesjugendring unterst\u00fctzt diese M\u00f6glichkeit f\u00fcr junge Menschen aus den Jugendverb\u00e4nden, Kontakte und Einblicke in die [&hellip;]<\/p>\n","protected":false},"author":69,"featured_media":34137,"comment_status":"closed","ping_status":"open","sticky":false,"template":"","format":"standard","meta":{"_acf_changed":false,"inline_featured_image":false,"footnotes":""},"categories":[356],"tags":[154,102,289],"class_list":["post-34136","post","type-post","status-publish","format-standard","has-post-thumbnail","hentry","category-jugendpolitik","tag-berlin","tag-jugendpolitik","tag-politik"],"acf":[],"_links":{"self":[{"href":"https:\/\/vcp.de\/pfadfinden\/wp-json\/wp\/v2\/posts\/34136","targetHints":{"allow":["GET"]}}],"collection":[{"href":"https:\/\/vcp.de\/pfadfinden\/wp-json\/wp\/v2\/posts"}],"about":[{"href":"https:\/\/vcp.de\/pfadfinden\/wp-json\/wp\/v2\/types\/post"}],"author":[{"embeddable":true,"href":"https:\/\/vcp.de\/pfadfinden\/wp-json\/wp\/v2\/users\/69"}],"replies":[{"embeddable":true,"href":"https:\/\/vcp.de\/pfadfinden\/wp-json\/wp\/v2\/comments?post=34136"}],"version-history":[{"count":2,"href":"https:\/\/vcp.de\/pfadfinden\/wp-json\/wp\/v2\/posts\/34136\/revisions"}],"predecessor-version":[{"id":34139,"href":"https:\/\/vcp.de\/pfadfinden\/wp-json\/wp\/v2\/posts\/34136\/revisions\/34139"}],"wp:featuredmedia":[{"embeddable":true,"href":"https:\/\/vcp.de\/pfadfinden\/wp-json\/wp\/v2\/media\/34137"}],"wp:attachment":[{"href":"https:\/\/vcp.de\/pfadfinden\/wp-json\/wp\/v2\/media?parent=34136"}],"wp:term":[{"taxonomy":"category","embeddable":true,"href":"https:\/\/vcp.de\/pfadfinden\/wp-json\/wp\/v2\/categories?post=34136"},{"taxonomy":"post_tag","embeddable":true,"href":"https:\/\/vcp.de\/pfadfinden\/wp-json\/wp\/v2\/tags?post=34136"}],"curies":[{"name":"wp","href":"https:\/\/api.w.org\/{rel}","templated":true}]}}