{"id":34075,"date":"2024-01-31T20:29:52","date_gmt":"2024-01-31T19:29:52","guid":{"rendered":"https:\/\/www.vcp.de\/pfadfinden\/?p=34075"},"modified":"2024-02-06T15:45:07","modified_gmt":"2024-02-06T14:45:07","slug":"ausschreibung-projektteam-auf-die-plaetze-gegen-hetze","status":"publish","type":"post","link":"https:\/\/vcp.de\/pfadfinden\/allgemein\/ausschreibung-projektteam-auf-die-plaetze-gegen-hetze\/","title":{"rendered":"Ausschreibung: Projektteam \u201eAuf die Pl\u00e4tze gegen Hetze\u201c"},"content":{"rendered":"\n<p class=\"has-vcp-red-color has-text-color has-link-color wp-elements-e0dd3b0076908413245de4f081aa9514\">Wir suchen ein engagiertes und kommunikationsstarkes Projektteam, welches eine Neuauflage der erfolgreichen Aktion <a href=\"https:\/\/www.vcp.de\/pfadfinden\/gegen-hetze\">\u201eAuf die Pl\u00e4tze gegen Hetze\u201c<\/a> kuratiert (zusammentragen, ausw\u00e4hlen &amp; zusammenstellen).<\/p>\n\n\n\n<p>In diesem Jahr stehen in Deutschland, neben der Europa-Wahl, auch noch drei wichtige Landtagswahlen an &#8211; in Brandenburg, Sachsen und in Th\u00fcringen. Die neusten Enth\u00fcllungen durch CORRECTIV und die gesichert faschistischen Gesinnungen wichtiger Akteure einiger Parteien, \u00e4ndern kaum etwas an den best\u00fcrzenden Wahl-Prognosen.<\/p>\n\n\n\n<p><strong>Dies nimmt der VCP zum Anlass, seine erfolgreiche Aktion \u201eAuf die Pl\u00e4tze gegen Hetze\u201c neu aufzulegen und im VCP das Thema <em>Rechtsradikalismus und seine politische Erscheinung in der aktuellen Parteienlandschaft<\/em> zu bearbeiten.<\/strong><\/p>\n\n\n\n<blockquote class=\"wp-block-quote is-layout-flow wp-block-quote-is-layout-flow\">\n<p><em>Ziel unserer politischen Bildungsarbeit ist u.a., die Pfadfinder*innen im VCP zu bef\u00e4higen Populismus, Hetze, Antisemitismus und Rassismus im politischen Diskurs zu erkennen und klar zu benennen. Sie sollen mit Argumenten und Methoden ausgestattet werden, um die Demokratie gegen Rechtsradikalismus, Faschismus und Verschw\u00f6rungsrhetorik verteidigen zu k\u00f6nnen.<\/em><\/p>\n<\/blockquote>\n\n\n\n<p>Hierzu suchen wir ein dynamisches Projektteam, welches der Aktion neues Leben einhaucht, sowie die vielen starken Inhalte der Aktion kuratiert und zu einer konzentrierten, aktivierenden Kampagne zusammenf\u00fcgt, erg\u00e4nzt und kommuniziert.<\/p>\n\n\n\n<h2 class=\"wp-block-heading\">Du bist :<\/h2>\n\n\n\n<ul class=\"wp-block-list\">\n<li>kommunikationsstark<\/li>\n\n\n\n<li>empathisch<\/li>\n\n\n\n<li>\u00fcberzeugend<\/li>\n\n\n\n<li>kreativ<\/li>\n\n\n\n<li>aufmerksam<\/li>\n\n\n\n<li>politisch interessiert<\/li>\n\n\n\n<li>\u00fcberzeugte*r Demokrat*in<\/li>\n<\/ul>\n\n\n\n<p>Dann melde Dich jetzt bei Ilka, Lena (Referentinnen Netzwerke) und Arno (Bildungsreferent Jugendpolitik) unter <a href=\"mailto:jugendpolitik@vcp.de\"><strong><em>jugendpolitik@vcp.de<\/em><\/strong><\/a> mit einer kurzen Interessenbekundung, um gemeinsam in einem dynamischen Team dem Rechtsruck in der Gesellschaft entgegenzutreten!<\/p>\n\n\n\n<p class=\"has-vcp-red-color has-text-color has-link-color wp-elements-0823b1abe766faf6683f6f2725b2ed78\"><strong>Deadline<\/strong>: 15. Februar 2024<\/p>\n\n\n\n<p><strong>Das Projektteam soll bis Ende 2024 operieren und 1-2h pro Woche Zeit investieren.<\/strong><\/p>\n\n\n\n<p>Wir freuen uns von Dir zu h\u00f6ren!<\/p>\n\n\n\n<div class=\"wp-block-buttons is-layout-flex wp-block-buttons-is-layout-flex\">\n<div class=\"wp-block-button is-style-vcp-red\"><a class=\"wp-block-button__link wp-element-button\" href=\"mailto:jugendpolitik@vcp.de\"><strong>Ich bin am Start!<\/strong><\/a><\/div>\n<\/div>\n\n\n\n<hr class=\"wp-block-separator has-alpha-channel-opacity\" \/>\n\n\n\n<p><\/p>\n","protected":false},"excerpt":{"rendered":"<p>Wir suchen ein engagiertes und kommunikationsstarkes Projektteam, welches eine Neuauflage der erfolgreichen Aktion \u201eAuf die Pl\u00e4tze gegen Hetze\u201c kuratiert.<\/p>\n","protected":false},"author":69,"featured_media":11026,"comment_status":"closed","ping_status":"open","sticky":false,"template":"","format":"standard","meta":{"_acf_changed":false,"inline_featured_image":false,"footnotes":""},"categories":[1,180,237,356,444],"tags":[337,102,241,547],"class_list":["post-34075","post","type-post","status-publish","format-standard","has-post-thumbnail","hentry","category-allgemein","category-auf-die-plaetze-gegen-hetze","category-jobs","category-jugendpolitik","category-superwahljahr","tag-gegen-rechts","tag-jugendpolitik","tag-mitmachen","tag-politische-bildung"],"acf":[],"_links":{"self":[{"href":"https:\/\/vcp.de\/pfadfinden\/wp-json\/wp\/v2\/posts\/34075","targetHints":{"allow":["GET"]}}],"collection":[{"href":"https:\/\/vcp.de\/pfadfinden\/wp-json\/wp\/v2\/posts"}],"about":[{"href":"https:\/\/vcp.de\/pfadfinden\/wp-json\/wp\/v2\/types\/post"}],"author":[{"embeddable":true,"href":"https:\/\/vcp.de\/pfadfinden\/wp-json\/wp\/v2\/users\/69"}],"replies":[{"embeddable":true,"href":"https:\/\/vcp.de\/pfadfinden\/wp-json\/wp\/v2\/comments?post=34075"}],"version-history":[{"count":10,"href":"https:\/\/vcp.de\/pfadfinden\/wp-json\/wp\/v2\/posts\/34075\/revisions"}],"predecessor-version":[{"id":34186,"href":"https:\/\/vcp.de\/pfadfinden\/wp-json\/wp\/v2\/posts\/34075\/revisions\/34186"}],"wp:featuredmedia":[{"embeddable":true,"href":"https:\/\/vcp.de\/pfadfinden\/wp-json\/wp\/v2\/media\/11026"}],"wp:attachment":[{"href":"https:\/\/vcp.de\/pfadfinden\/wp-json\/wp\/v2\/media?parent=34075"}],"wp:term":[{"taxonomy":"category","embeddable":true,"href":"https:\/\/vcp.de\/pfadfinden\/wp-json\/wp\/v2\/categories?post=34075"},{"taxonomy":"post_tag","embeddable":true,"href":"https:\/\/vcp.de\/pfadfinden\/wp-json\/wp\/v2\/tags?post=34075"}],"curies":[{"name":"wp","href":"https:\/\/api.w.org\/{rel}","templated":true}]}}