{"id":33795,"date":"2024-01-15T11:50:00","date_gmt":"2024-01-15T10:50:00","guid":{"rendered":"https:\/\/www.vcp.de\/pfadfinden\/?p=33795"},"modified":"2024-07-23T16:13:06","modified_gmt":"2024-07-23T14:13:06","slug":"pressemitteilung-aufarbeitung-sexualisierter-gewalt-im-evangelischen-pfadfinden-startet","status":"publish","type":"post","link":"https:\/\/vcp.de\/pfadfinden\/aufarbeitung\/pressemitteilung-aufarbeitung-sexualisierter-gewalt-im-evangelischen-pfadfinden-startet\/","title":{"rendered":"Pressemitteilung: Aufarbeitung sexualisierter Gewalt im evangelischen Pfadfinden startet"},"content":{"rendered":"\n<p>Kassel, 15. Januar 2024&nbsp;<\/p>\n\n\n\n<p><strong>Sexualisierte Gewalt: Verband Christlicher Pfadfinderinnen und Pfadfinder (VCP) e.V. startet als erster evangelisch gepr\u00e4gter Jugendverband umfassenden Aufarbeitungsprozess und ruft Betroffene und Zeitzeug*innen auf, sich zu beteiligen.<\/strong><em> <\/em><\/p>\n\n\n\n<p>Der VCP hat die unabh\u00e4ngigen Forschungsinstitute <a href=\"https:\/\/www.dissens.de\/\" target=\"_blank\" rel=\"noreferrer noopener\">Dissens \u2013 Institut f\u00fcr Bildung und Forschung e. V. (Berlin)<\/a> und <a href=\"https:\/\/www.ipp-muenchen.de\/\" target=\"_blank\" rel=\"noreferrer noopener\">Institut f\u00fcr Praxisforschung und Projektberatung (IPP, M\u00fcnchen)<\/a> beauftragt, m\u00f6gliche F\u00e4lle von sexualisierter Gewalt und die daf\u00fcr verantwortlichen Strukturen im VCP zwischen den Jahren 1973 und 2020 aufzuarbeiten. Der VCP m\u00f6chte den Betroffenen gerecht werden und eine kritische Auseinandersetzung im eigenen Verband f\u00f6rdern. Das bedeutet auch, Strukturen in Frage zu stellen und diese zum Wohl der Kinder und Jugendlichen zu \u00fcberpr\u00fcfen. Das Wohl der Betroffenen ist dabei handlungsleitend. <\/p>\n\n\n\n<p>Dazu ruft der Verband jetzt Betroffene und Zeitzeug*innen auf, sich bei den Forschungsinstituten per Mail unter <a href=\"mailto:aufruf-vcp@ipp-muenchen.de\" target=\"_blank\" rel=\"noreferrer noopener\">aufruf-vcp@ipp-muenchen.de<\/a> oder telefonisch beim IPP unter der Nummer <strong>089 \u2013 543 59 77- 0 (Dienstag 10 \u2013 13 Uhr, Donnerstag 12 \u2013 15 Uhr)<\/strong> zu melden. Dieser Aufruf sowie das gesamte Projekt und das Studiendesign wurden heute Vormittag bei einer Pressekonferenz \u00f6ffentlich vorgestellt. <\/p>\n\n\n\n<p><\/p>\n\n\n\n<blockquote class=\"wp-block-quote is-layout-flow wp-block-quote-is-layout-flow\">\n<p>\u201eDer VCP ist ein bundesweit agierender Verband \u2013 \u00fcber die 50-j\u00e4hrige Geschichte waren zehntausende junge Menschen im VCP aktiv. Wir wissen, dass es dabei nicht immer gelungen ist, unsere Mitglieder vor sexualisierter Gewalt zu sch\u00fctzen. Aktuell sind uns 64 Altf\u00e4lle bekannt. Wir m\u00fcssen davon ausgehen, dass es weitere F\u00e4lle gegeben hat. Wir bedauern sehr, dass F\u00e4lle sexualisierter Gewalt jahrzehntelang verschwiegen wurden. Wir sind als aktueller Bundesvorstand, stellvertretend f\u00fcr die Pfadfinder*innen im VCP, zutiefst davon betroffen, dass es dazu in unserem Verband gekommen ist.\u201c <\/p>\n<cite><em>Peter \u201cflip\u201c Keil, Bundesvorstand<\/em><\/cite><\/blockquote>\n\n\n\n<p><\/p>\n\n\n\n<p>Harald Wiester blickt aus der Perspektive eines Betroffenen kritisch auf den Aufarbeitungsprozess im VCP und bef\u00fcrwortet die wissenschaftliche Aufarbeitung durch das erfahrene Forschungsteam.<\/p>\n\n\n\n<p><em>An die Betroffenen und Mitglieder aus dem VCP wandte er sich mit folgenden Worten: <\/em><\/p>\n\n\n\n<blockquote class=\"wp-block-quote is-layout-flow wp-block-quote-is-layout-flow\">\n<p>\u201eDie Studie wird es hoffentlich erleichtern, die bislang vielfach verstellte, blockierte gesellschaftliche Auseinandersetzung mit sexualisierter Gewalt bei den Pfadfinder*innen f\u00fcr diesen Verband anzugehen.<br>Den Mitgliedern des VCP sage ich: Lasst Euch ein auf diesen Schritt der Aufkl\u00e4rung, sie erw\u00e4chst nicht aus einer feindlichen Einstellung dem Verband gegen\u00fcber!<br>An die Betroffenen aus dem VCP gerichtet, sage ich: Habt den Mut, diesen Weg zu gehen und meldet Euch! Die Rahmenbedingungen sind gut!\u201c<\/p>\n<cite>Harald Wiester<\/cite><\/blockquote>\n\n\n\n<p><\/p>\n\n\n\n<p>Um eine ehrliche und unabh\u00e4ngige Untersuchung und somit systematische Aufarbeitung zu gew\u00e4hrleisten, wird die wissenschaftliche Aufarbeitung von unabh\u00e4ngigen Instituten durchgef\u00fchrt. Das Institut f\u00fcr Praxisforschung und Projektberatung (IPP) und Dissens \u2013 Institut f\u00fcr Bildung und Forschung e.V. verantwortet das Forschungsdesign, die Datenerhebung und \u2013auswertung sowie die nachfolgende Ver\u00f6ffentlichung der Ergebnisse. <\/p>\n\n\n\n<p><em>Peter Caspari vom Forscher*innenteam des IPP erl\u00e4utert: <\/em><\/p>\n\n\n\n<blockquote class=\"wp-block-quote is-layout-flow wp-block-quote-is-layout-flow\">\n<p>\u201eAufarbeitung hei\u00dft in vielen F\u00e4llen, ein Ende des jahrzehntelangen Schweigens von Betroffenen zu bef\u00f6rdern. Wir liefern eine Datengrundlage, auf die sich die Organisation bei ihren Aufarbeitungsbem\u00fchungen beziehen kann und geben Empfehlungen, auch konkret zur zuk\u00fcnftigen Pr\u00e4vention. Wir m\u00f6chten das Ausma\u00df und die Formen sexualisierter Gewalt kl\u00e4ren. Wir m\u00f6chten Klarheit dar\u00fcber schaffen, wie es dazu kommen konnte.\u201c <\/p>\n<\/blockquote>\n\n\n\n<p><em>Im Zentrum des Erkenntnisinteresses st\u00fcnden die Perspektiven Betroffener:<\/em><\/p>\n\n\n\n<blockquote class=\"wp-block-quote is-layout-flow wp-block-quote-is-layout-flow\">\n<p>\u201eBei den Interviews mit Betroffenen, Zeitzeug*innen und Vertreter*innen des VCP sichern wir absolute Verschwiegenheit in Bezug auf pers\u00f6nliche Daten zu und gew\u00e4hrleisten Anonymit\u00e4t. Die interviewten Personen sollen eine gr\u00f6\u00dftm\u00f6gliche Kontrolle \u00fcber den Verlauf der Gespr\u00e4che haben, so ist etwa ein Abbruch jederzeit m\u00f6glich. Zudem k\u00f6nnen Betroffene im Bedarfsfall an psychosoziale Beratungsangebote weitervermittelt werden.\u201c<\/p>\n<cite>Peter Caspari<\/cite><\/blockquote>\n\n\n\n<p><em>Dem schloss sich Louisa Kreuzheck, Pr\u00e4ventionsbeauftragte im VCP an: <\/em><\/p>\n\n\n\n<blockquote class=\"wp-block-quote is-layout-flow wp-block-quote-is-layout-flow\">\n<p>\u201eWir hoffen, dass Menschen die Kraft und den Mut finden, sich bei dem Forschungsteam zu melden und mit ihrer Geschichte zur Aufarbeitung beizutragen. Aufarbeitung bedeutet f\u00fcr uns, Betroffenen die M\u00f6glichkeit zu geben, geh\u00f6rt zu werden und Anerkennung zu erfahren. Gleichzeitig sind wir der \u00dcberzeugung, dass eine gr\u00fcndliche Aufarbeitung unsere Kindesschutzbem\u00fchungen nur st\u00e4rken kann. Pr\u00e4ventions- und Interventionsarbeit sind heute unverzichtbare Bestandteile unserer Arbeit.\u201c<\/p>\n<cite>Louisa Kreuzheck<\/cite><\/blockquote>\n\n\n\n<p>Begleitet wird der Aufarbeitungsprozess durch den <a href=\"https:\/\/www.vcp.de\/pfadfinden\/aus-dem-verband\/achtsamundaktiv\/beirat-zur-aufarbeitung-sexualisierter-gewalt-im-vcp\" target=\"_blank\" rel=\"noreferrer noopener\">Beirat zur Aufarbeitung sexualisierter Gewalt im VCP<\/a>. Er wurde im Sommer 2020 eingesetzt und vereint VCP-interne und externe Expertise. Finanziert wird der Aufarbeitungsprozess durch den VCP selbst, aus daf\u00fcr in den vergangenen Jahren gebildeten R\u00fccklagen. Ergebnisse der Studie werden Ende 2025 erwartet. Sie werden vom IPP und Dissens in Form eines Buches ver\u00f6ffentlicht. Die Zwischenzeit wird der VCP nutzen, um seine Pr\u00e4ventionsarbeit weiter zu st\u00e4rken und eine breite Diskussion \u00fcber den Umgang mit Betroffenen, T\u00e4ter*innen und Verdachtspersonen im VCP zu f\u00fchren. Im Verband wird der Prozess seit dem Sp\u00e4tsommer 2019 vorbereitet. Bereits seit dem Jahr 2005 setzt sich der VCP mit dem Thema Pr\u00e4vention sexualisierter Gewalt auseinander. Der VCP hat vielf\u00e4ltige Strukturen, Konzepte und Materialien entwickelt. Ein Verhaltenskodex, das Selbstverst\u00e4ndnis zur Pr\u00e4vention sexualisierter Gewalt, wurde auf der 38. VCP-Bundesversammlung im Jahr 2010 einstimmig beschlossen. Es ist als Anhang in die Bundesordnung des VCP aufgenommen und fester Bestandteil von Schulung und Ausbildung. <\/p>\n\n\n\n<p>N\u00e4here Informationen zu Zielen des Projekts, Ansprechpartner*innen des Beirats und zur Studie gibt es unter:<em> <\/em><a href=\"https:\/\/go.vcp.de\/Aufarbeitung\"><em>https:\/\/go.vcp.de\/Aufarbeitung<\/em><\/a><em> <\/em><\/p>\n\n\n\n<p>Der Aufruf ist in voller L\u00e4nge hier zu finden:<em> <\/em><a href=\"https:\/\/go.vcp.de\/aufruf\"><em>https:\/\/go.vcp.de\/aufruf<\/em><\/a><em> <\/em><\/p>\n\n\n\n<p>N\u00e4here Informationen zur Pr\u00e4vention sexualisierter Gewalt im Verband heute gibt es hier:<em> <\/em><a href=\"https:\/\/go.vcp.de\/achtsamundaktiv\"><em>https:\/\/go.vcp.de\/achtsamundaktiv<\/em><\/a><em> <\/em><\/p>\n\n\n\n<p><strong>Hintergrund<\/strong><\/p>\n\n\n\n<p><em>Im Verband Christlicher Pfadfinderinnen und Pfadfinder (VCP) e.V. sind bundesweit rund 20.000 (junge) Menschen in 650 St\u00e4mmen (Ortsgruppen) aktiv, rund 5.000 engagieren sich als ehrenamtliche Mitarbeiter*innen. Mit seiner Arbeit erreicht der VCP jedoch noch viele mehr.<\/em><\/p>\n\n\n\n<p><em>Die Kinder- und Jugendarbeit im VCP ist ein Ort f\u00fcr non-formale Bildung und leistet einen wichtigen Teil f\u00fcr gesellschaftliche Teilhabe und gelingende Lebensf\u00fchrung. Erziehung zu Toleranz und Demokratief\u00e4higkeit, Schutz von Natur und Umwelt, die Orientierung am Evangelium, Internationalit\u00e4t, aber auch Spa\u00df am Abenteuer, Fahrt und Lager sind Schwerpunkte der Arbeit im VCP.<\/em><em><\/em><\/p>\n\n\n\n<p><em>Seit 2005 sind Pr\u00e4vention und Intervention, seit 2019 Aufarbeitung sexualisierter Gewalt Priorit\u00e4tsthemen der Verbandsarbeit. Pfadfinden bedeutet Kinder und Jugendliche stark zu machen, sie dabei zu unterst\u00fctzen ihre Pers\u00f6nlichkeit frei von Gewalt und Machtmissbrauch zu entfalten, sich selbst ernst zu nehmen und pers\u00f6nliche Grenzen zu achten.<\/em><\/p>\n\n\n\n<p><em>Neben intensiver Schulungs- und Pr\u00e4ventionsarbeit im aktiven Verband ist die externe, wissenschaftliche Aufarbeitung sogenannter Altf\u00e4lle der n\u00e4chste logische Schritt f\u00fcr den VCP.<\/em><\/p>\n\n\n\n<p><em>Der VCP bildet zusammen mit vier weiteren Verb\u00e4nden (BdP, PSG, DPSG, BMPPD) den <a href=\"https:\/\/www.pfadfinden-in-deutschland.de\/\" target=\"_blank\" rel=\"noreferrer noopener\">Ring deutscher Pfadfinder*innenverb\u00e4nde<\/a>. Dieser ist Mitglied im <a href=\"https:\/\/www.dbjr.de\/\" target=\"_blank\" rel=\"noreferrer noopener\">Deutschen Bundesjugendring (DBJR)<\/a>. Der VCP ist au\u00dferdem in der <a href=\"https:\/\/www.aej.de\/startseite\" target=\"_blank\" rel=\"noreferrer noopener\">Arbeitsgemeinschaft der Evangelischen Jugend (aej)<\/a> vertreten und aktiver Teil der <a href=\"https:\/\/www.ekd.de\/\" target=\"_blank\" rel=\"noreferrer noopener\">Evangelischen Kirche in Deutschland (EKD)<\/a>.<\/em><\/p>\n\n\n\n<p><strong>Pressekontakt<\/strong><\/p>\n\n\n\n<p>Lena Dohmann \u2013 <a href=\"mailto:presse@vcp.de\" target=\"_blank\" rel=\"noreferrer noopener\">presse@vcp.de<\/a> \u2013 0162 250 76 80<\/p>\n\n\n\n<div data-wp-interactive=\"core\/file\" class=\"wp-block-file\"><object data-wp-bind--hidden=\"!state.hasPdfPreview\" hidden class=\"wp-block-file__embed\" data=\"https:\/\/www.vcp.de\/pfadfinden\/wp-content\/uploads\/2024\/01\/Pressemitteilung-VCP-Aufarbeitung.pdf\" type=\"application\/pdf\" style=\"width:100%;height:600px\" aria-label=\"Einbettung von Pressemitteilung VCP-Aufarbeitung.\"><\/object><a id=\"wp-block-file--media-c55f36e3-4d92-4f2a-a658-2ab100943e98\" href=\"https:\/\/www.vcp.de\/pfadfinden\/wp-content\/uploads\/2024\/01\/Pressemitteilung-VCP-Aufarbeitung.pdf\">Pressemitteilung VCP-Aufarbeitung<\/a><a href=\"https:\/\/www.vcp.de\/pfadfinden\/wp-content\/uploads\/2024\/01\/Pressemitteilung-VCP-Aufarbeitung.pdf\" class=\"wp-block-file__button wp-element-button\" download aria-describedby=\"wp-block-file--media-c55f36e3-4d92-4f2a-a658-2ab100943e98\">Herunterladen<\/a><\/div>\n\n\n\n<p><strong>Pressefotos <\/strong>&#8211; direkt herunterladen &#8211; weitere Fotos unter <a href=\"https:\/\/www.vcp.de\/presse\" target=\"_blank\" rel=\"noreferrer noopener\">https:\/\/www.vcp.de\/presse<\/a><\/p>\n\n\n<!-- TEST -->\n<figure class=\"wp-block-image size-large\"><a href=\"https:\/\/www.vcp.de\/pfadfinden\/wp-content\/uploads\/2024\/01\/P1150058-scaled.jpg\"><img loading=\"lazy\" decoding=\"async\" width=\"1024\" height=\"768\" src=\"https:\/\/www.vcp.de\/pfadfinden\/wp-content\/uploads\/2024\/01\/P1150058-1024x768.jpg\" alt=\"\" class=\"wp-image-33841\" srcset=\"https:\/\/vcp.de\/pfadfinden\/wp-content\/uploads\/2024\/01\/P1150058-1024x768.jpg 1024w, https:\/\/vcp.de\/pfadfinden\/wp-content\/uploads\/2024\/01\/P1150058-300x225.jpg 300w, https:\/\/vcp.de\/pfadfinden\/wp-content\/uploads\/2024\/01\/P1150058-768x576.jpg 768w, https:\/\/vcp.de\/pfadfinden\/wp-content\/uploads\/2024\/01\/P1150058-1536x1152.jpg 1536w, https:\/\/vcp.de\/pfadfinden\/wp-content\/uploads\/2024\/01\/P1150058-2048x1536.jpg 2048w, https:\/\/vcp.de\/pfadfinden\/wp-content\/uploads\/2024\/01\/P1150058-750x563.jpg 750w\" sizes=\"auto, (max-width: 1024px) 100vw, 1024px\" \/><\/a><\/figure>\n\n\n\n<figure class=\"wp-block-gallery has-nested-images columns-default is-cropped wp-block-gallery-1 is-layout-flex wp-block-gallery-is-layout-flex\"><!-- TEST -->\n<figure class=\"wp-block-image size-large\"><a href=\"https:\/\/www.vcp.de\/pfadfinden\/wp-content\/uploads\/2024\/01\/Bundesvorstand-Peter-Keil_Paula-Kanzleiter-klein.png\"><img loading=\"lazy\" decoding=\"async\" width=\"1000\" height=\"1000\" data-id=\"33597\" src=\"https:\/\/www.vcp.de\/pfadfinden\/wp-content\/uploads\/2024\/01\/Bundesvorstand-Peter-Keil_Paula-Kanzleiter-klein.png\" alt=\"\" class=\"wp-image-33597\" srcset=\"https:\/\/vcp.de\/pfadfinden\/wp-content\/uploads\/2024\/01\/Bundesvorstand-Peter-Keil_Paula-Kanzleiter-klein.png 1000w, https:\/\/vcp.de\/pfadfinden\/wp-content\/uploads\/2024\/01\/Bundesvorstand-Peter-Keil_Paula-Kanzleiter-klein-300x300.png 300w, https:\/\/vcp.de\/pfadfinden\/wp-content\/uploads\/2024\/01\/Bundesvorstand-Peter-Keil_Paula-Kanzleiter-klein-150x150.png 150w, https:\/\/vcp.de\/pfadfinden\/wp-content\/uploads\/2024\/01\/Bundesvorstand-Peter-Keil_Paula-Kanzleiter-klein-768x768.png 768w, https:\/\/vcp.de\/pfadfinden\/wp-content\/uploads\/2024\/01\/Bundesvorstand-Peter-Keil_Paula-Kanzleiter-klein-750x750.png 750w, https:\/\/vcp.de\/pfadfinden\/wp-content\/uploads\/2024\/01\/Bundesvorstand-Peter-Keil_Paula-Kanzleiter-klein-45x45.png 45w\" sizes=\"auto, (max-width: 1000px) 100vw, 1000px\" \/><\/a><figcaption class=\"wp-element-caption\">Bundesvorstand Peter &#8222;flip&#8220; Keil<\/figcaption><\/figure>\n\n\n<!-- TEST -->\n<figure class=\"wp-block-image size-large\"><a href=\"https:\/\/www.vcp.de\/pfadfinden\/wp-content\/uploads\/2023\/10\/1-quadrat.png\"><img loading=\"lazy\" decoding=\"async\" width=\"1024\" height=\"1024\" data-id=\"32596\" src=\"https:\/\/www.vcp.de\/pfadfinden\/wp-content\/uploads\/2023\/10\/1-quadrat-1024x1024.png\" alt=\"\" class=\"wp-image-32596\" srcset=\"https:\/\/vcp.de\/pfadfinden\/wp-content\/uploads\/2023\/10\/1-quadrat-1024x1024.png 1024w, https:\/\/vcp.de\/pfadfinden\/wp-content\/uploads\/2023\/10\/1-quadrat-300x300.png 300w, https:\/\/vcp.de\/pfadfinden\/wp-content\/uploads\/2023\/10\/1-quadrat-150x150.png 150w, https:\/\/vcp.de\/pfadfinden\/wp-content\/uploads\/2023\/10\/1-quadrat-768x768.png 768w, https:\/\/vcp.de\/pfadfinden\/wp-content\/uploads\/2023\/10\/1-quadrat-1536x1536.png 1536w, https:\/\/vcp.de\/pfadfinden\/wp-content\/uploads\/2023\/10\/1-quadrat-750x750.png 750w, https:\/\/vcp.de\/pfadfinden\/wp-content\/uploads\/2023\/10\/1-quadrat-45x45.png 45w, https:\/\/vcp.de\/pfadfinden\/wp-content\/uploads\/2023\/10\/1-quadrat.png 1653w\" sizes=\"auto, (max-width: 1024px) 100vw, 1024px\" \/><\/a><figcaption class=\"wp-element-caption\">Louisa Kreuzheck Pr\u00e4ventionsbeauftragte<\/figcaption><\/figure>\n<\/figure>\n\n\n\n<p><a href=\"https:\/\/vcpmail.sharepoint.com\/:f:\/s\/teams.handreichungen\/EiY3AuV1Y85Dk3akiQZRUs8B1yJn7_XilFz1_DfnxAR39g?e=agYQfH\" target=\"_blank\" rel=\"noreferrer noopener\">Pressemappe mit Hintergrundinformationen<\/a><\/p>\n\n\n\n<figure class=\"wp-block-embed is-type-wp-embed is-provider-vcp-blog wp-block-embed-vcp-blog\"><div class=\"wp-block-embed__wrapper\">\n<blockquote class=\"wp-embedded-content\" data-secret=\"dVeeTqAkeQ\"><a href=\"https:\/\/www.vcp.de\/pfadfinden\/aufarbeitung\/video-pressekonferenz-zur-aufarbeitung-sexualisierter-gewalt-im-vcp\/\">Video Pressekonferenz zur Aufarbeitung sexualisierter Gewalt im VCP<\/a><\/blockquote><iframe loading=\"lazy\" class=\"wp-embedded-content\" sandbox=\"allow-scripts\" security=\"restricted\" style=\"position: absolute; visibility: hidden;\" title=\"&#8222;Video Pressekonferenz zur Aufarbeitung sexualisierter Gewalt im VCP&#8220; &#8212; VCP-Blog\" src=\"https:\/\/www.vcp.de\/pfadfinden\/aufarbeitung\/video-pressekonferenz-zur-aufarbeitung-sexualisierter-gewalt-im-vcp\/embed\/#?secret=7TvFaVWaCh#?secret=dVeeTqAkeQ\" data-secret=\"dVeeTqAkeQ\" width=\"600\" height=\"338\" frameborder=\"0\" marginwidth=\"0\" marginheight=\"0\" scrolling=\"no\"><\/iframe>\n<\/div><\/figure>\n","protected":false},"excerpt":{"rendered":"<p>Kassel, 15. Januar 2024&nbsp; Sexualisierte Gewalt: Verband Christlicher Pfadfinderinnen und Pfadfinder (VCP) e.V. startet als erster evangelisch gepr\u00e4gter Jugendverband umfassenden Aufarbeitungsprozess und ruft Betroffene und Zeitzeug*innen auf, sich zu beteiligen. Der VCP hat die unabh\u00e4ngigen Forschungsinstitute Dissens \u2013 Institut f\u00fcr Bildung und Forschung e. V. (Berlin) und Institut f\u00fcr Praxisforschung und Projektberatung (IPP, M\u00fcnchen) beauftragt, [&hellip;]<\/p>\n","protected":false},"author":52,"featured_media":33828,"comment_status":"closed","ping_status":"open","sticky":false,"template":"","format":"standard","meta":{"_acf_changed":false,"inline_featured_image":false,"footnotes":""},"categories":[520],"tags":[],"class_list":["post-33795","post","type-post","status-publish","format-standard","has-post-thumbnail","hentry","category-aufarbeitung"],"acf":[],"_links":{"self":[{"href":"https:\/\/vcp.de\/pfadfinden\/wp-json\/wp\/v2\/posts\/33795","targetHints":{"allow":["GET"]}}],"collection":[{"href":"https:\/\/vcp.de\/pfadfinden\/wp-json\/wp\/v2\/posts"}],"about":[{"href":"https:\/\/vcp.de\/pfadfinden\/wp-json\/wp\/v2\/types\/post"}],"author":[{"embeddable":true,"href":"https:\/\/vcp.de\/pfadfinden\/wp-json\/wp\/v2\/users\/52"}],"replies":[{"embeddable":true,"href":"https:\/\/vcp.de\/pfadfinden\/wp-json\/wp\/v2\/comments?post=33795"}],"version-history":[{"count":16,"href":"https:\/\/vcp.de\/pfadfinden\/wp-json\/wp\/v2\/posts\/33795\/revisions"}],"predecessor-version":[{"id":36393,"href":"https:\/\/vcp.de\/pfadfinden\/wp-json\/wp\/v2\/posts\/33795\/revisions\/36393"}],"wp:featuredmedia":[{"embeddable":true,"href":"https:\/\/vcp.de\/pfadfinden\/wp-json\/wp\/v2\/media\/33828"}],"wp:attachment":[{"href":"https:\/\/vcp.de\/pfadfinden\/wp-json\/wp\/v2\/media?parent=33795"}],"wp:term":[{"taxonomy":"category","embeddable":true,"href":"https:\/\/vcp.de\/pfadfinden\/wp-json\/wp\/v2\/categories?post=33795"},{"taxonomy":"post_tag","embeddable":true,"href":"https:\/\/vcp.de\/pfadfinden\/wp-json\/wp\/v2\/tags?post=33795"}],"curies":[{"name":"wp","href":"https:\/\/api.w.org\/{rel}","templated":true}]}}