{"id":33760,"date":"2024-01-13T14:58:47","date_gmt":"2024-01-13T13:58:47","guid":{"rendered":"https:\/\/www.vcp.de\/pfadfinden\/?p=33760"},"modified":"2024-01-16T09:22:19","modified_gmt":"2024-01-16T08:22:19","slug":"begriffe-rund-um-aufarbeitung-sexualisierter-gewalt","status":"publish","type":"post","link":"https:\/\/vcp.de\/pfadfinden\/aus-dem-verband\/achtsamundaktiv\/begriffe-rund-um-aufarbeitung-sexualisierter-gewalt\/","title":{"rendered":"Begriffe rund um Aufarbeitung sexualisierter Gewalt"},"content":{"rendered":"\n<p>Begriffserl\u00e4uterungen und ein kleiner Sprachleitfaden (Sprache = gesprochene, Schrift- und Bildsprache)<\/p>\n\n\n\n<p><\/p>\n\n\n\n<h2 class=\"wp-block-heading\">Wichtige Begriffe<\/h2>\n\n\n\n<p id=\"aufarbeitung\"><strong>Aufarbeitung<\/strong><\/p>\n\n\n\n<ul class=\"wp-block-list\">\n<li>Individuelle Aufarbeitung ist bezogen auf bestimmte Personen \/ F\u00e4lle. F\u00fcr die Individuelle Aufarbeitung braucht es den VCP als ein institutionelles Gegen\u00fcber.<\/li>\n\n\n\n<li>Institutionelle Aufarbeitung ist bezogen auf F\u00e4lle im Zusammenhang mit einer Institution, also dem VCP. Sie stellt einen Prozess dar, der Ursachen, Ausma\u00df und Folgen sexualisierter Gewalt benennt und untersucht.<\/li>\n\n\n\n<li>Wissenschaftliche Aufarbeitung: wissenschaftliche Untersuchung bestimmter F\u00e4lle \/ institutioneller Kontexte. Wird im VCP durch Dissens\/IPP durchgef\u00fchrt. Sie ist Teil der institutionellen Aufarbeitung.<\/li>\n<\/ul>\n\n\n\n<p id=\"beirataufarbeitung\"><strong>Beirat zur Aufarbeitung sexualisierter Gewalt im VCP<\/strong><\/p>\n\n\n\n<ul class=\"wp-block-list\">\n<li>Der Aufarbeitungsprozesses wurde durch den Beirat als beratendes Gremium gestaltet. <a href=\"https:\/\/www.vcp.de\/pfadfinden\/aus-dem-verband\/achtsamundaktiv\/beirat-zur-aufarbeitung-sexualisierter-gewalt-im-vcp\" target=\"_blank\" rel=\"noreferrer noopener\">Er besteht aus externen Expert*innnen und VCPer*innen<\/a>. Der Beirat hat einstimmig die Empfehlung f\u00fcr eine unabh\u00e4ngige, wissenschaftliche Aufarbeitung gegeben. <\/li>\n<\/ul>\n\n\n\n<p id=\"betroffeneperson\"><strong>Betroffene*r \/ betroffene Person<\/strong><\/p>\n\n\n\n<ul class=\"wp-block-list\">\n<li>F\u00fcr Kinder, Jugendliche und Erwachsene, welche sexualisierte Gewalt erfahren haben bzw. erfahren, verwenden wir den Begriff \u201eBetroffene\u201c.<\/li>\n\n\n\n<li>Es ist die bevorzugte Eigenbezeichnung.<\/li>\n\n\n\n<li><strong>Achtung<\/strong>: Bitte das Wort \u201eOpfer\u201c vermeiden! Wird von vielen betroffenen Personen abgelehnt! Mit \u201eOpfer\u201c wird h\u00e4ufig Passivit\u00e4t, Fremdbestimmung, Abh\u00e4ngigkeit, Ohnmacht und Hilflosigkeit verbunden. Viele Betroffene von Gewalt empfinden den Begriff als stigmatisierend, denn sie f\u00fchlen sich nicht (nur) schwach, hilflos und ohnm\u00e4chtig. Im Gegenteil: Mit Erfahrungen sexualisierter Gewalt umzugehen und diese beispielsweise \u00f6ffentlich zu machen, zeigt St\u00e4rke.<\/li>\n\n\n\n<li>Besser als \u201eBetroffene\u201c ist \u201ebetroffene Person\u201c. Die Erfahrung sexualisierter Gewalt ist hier nicht das zentrale Merkmal der Person.<\/li>\n<\/ul>\n\n\n\n<p id=\"annerkennungsleistungen\"><strong>EHS-Fond\/ Anerkennungsleistung<\/strong><\/p>\n\n\n\n<ul class=\"wp-block-list\">\n<li>Leistungen in Anerkennung erlittenen Unrechts. Nicht Schmerzensgeld, Schadensersatz etc. verwenden.<\/li>\n\n\n\n<li>Der VCP selbst kann keine Anerkennungsleistungen zahlen. Es gibt im kirchlichen Kontext die M\u00f6glichkeit, Anerkennungsleitungen zu erhalten. Der VCP ist zus\u00e4tzlich im EHS-Fond. Das Erg\u00e4nzende Hilfesystem (EHS) im institutionellen Bereich bietet Menschen, die w\u00e4hrend ihrer Kindheit oder Jugend in einer Institution sexualisierte Gewalt erfahren haben, Unterst\u00fctzungsleistungen. Betroffene k\u00f6nnen zur Minderung der Folgewirkungen dieser Gewalt Sachleistungen bis zu 10.000 Euro bei den Institutionen beantragen, die sich am EHS beteiligen.<\/li>\n<\/ul>\n\n\n\n<p id=\"grenzverletzung\"><strong>Grenzverletzungen:<\/strong> <\/p>\n\n\n\n<ul class=\"wp-block-list\">\n<li>Bezeichnen einmalige oder gelegentliche unangemessene Verhaltensweisen, die zumeist unabsichtlich passieren. <\/li>\n\n\n\n<li>H\u00e4ufig fehldende Perspektiv\u00fcbernahme: Die Person ist sich nicht bewusst, dass Dinge, die f\u00fcr sie selbst okay sein m\u00f6gen (z.B. Umziehen in Sammelumkleiden\/Jurte vor allen, Spiele mit viel K\u00f6rperkontakt), f\u00fcr andere unangenehm sein k\u00f6nnen. <\/li>\n\n\n\n<li>Wann die eigene Grenze verletzt wird, sp\u00fcrt das Kind, die*der Jugendliche oder die*der Erwachsene. Dies kann individuell sehr verschieden sein.<\/li>\n\n\n\n<li>Im VCP sollen Grenzverletzungen angesprochen werden k\u00f6nnen, z.B. bei Gruppenleitungen oder den Vertrauenspersonen. Es ist wichtig, die eigenen Grenzen und die anderer zu erkennen und zu respektieren. Auch Grenzverletzungen flie\u00dfen in die Aufarbeitungsstudie mit ein. <\/li>\n<\/ul>\n\n\n\n<p id=\"sexualisiertegewalt\"><strong>Sexualisierte Gewalt<\/strong>\/ <strong>sexueller Missbrauch<\/strong><\/p>\n\n\n\n<ul class=\"wp-block-list\">\n<li>Gewaltform, bei der Sexualit\u00e4t genutzt wird, um Macht auszu\u00fcben.<\/li>\n\n\n\n<li>Umfasst Grenzverletzungen, sexuelle \u00dcbergriffe und strafrechtlich relevanten Formen.<\/li>\n\n\n\n<li>Der Begriff wird f\u00fcr den evangelischen Kontext in der Gewaltschutzrichtlinie (Richtlinie der Evangelischen Kirche in Deutschland zum Schutz vor sexualisierter Gewalt) in \u00a72 definiert.<\/li>\n\n\n\n<li>Sexualisierte Gewalt ist von dem*der T\u00e4ter*in geplant und passiert niemals aus Versehen. T\u00e4ter*innen nutzen ihre eigene Macht- und Autorit\u00e4tsposition aus, um ihre Bed\u00fcrfnisse auf Kosten des Kindes bzw. des*der Jugendlichen zu befriedigen.<\/li>\n\n\n\n<li><strong>Achtung<\/strong>: Das Wort \u201eMissbrauch\u201c kann im juristischen Kontext verwendet werden. Wir verwenden es im Sprachgebrauch <strong>nicht<\/strong>, da es suggeriert, dass es auch einen \u201eGebrauch\u201c gibt.<\/li>\n\n\n\n<li>In der breiten \u00d6ffentlichkeit, in den Medien und von vielen Betroffenen selbst wird der Begriff \u201esexueller Missbrauch\u201c verwendet. Dies akzeptieren und respektieren wir. Andere Betroffene hingegen lehnen die Beschreibung als \u201emissbraucht\u201c ganz klar ab, denn dies bedeutet nach ihrem Verst\u00e4ndnis, dass es \u00fcbergriffigen Menschen gelungen ist, sie zu einem Gegenstand zu machen, der sie nie \u2013&nbsp;auch w\u00e4hrend der \u201eMissbrauchshandlung\u201c nicht&nbsp;\u2013 gewesen sind. Des Weiteren wird die Verwendung des Begriffs \u201eMissbrauch\u201c kritisiert, insofern dies f\u00e4lschlicherweise die M\u00f6glichkeit eines zul\u00e4ssigen sexuellen Gebrauchs implizieren k\u00f6nnte. Uns ist es wichtig, deutlich zu machen, dass es bei den Taten vorrangig um Gewalt geht, wof\u00fcr Sexualit\u00e4t funktionalisiert wird.<\/li>\n<\/ul>\n\n\n\n<p id=\"strafrechtlichehandlungen\"><strong>Strafrechtlich relevante Handlungen<\/strong><\/p>\n\n\n\n<ul class=\"wp-block-list\">\n<li>Umfassen rechtliche Straftatbest\u00e4nde der K\u00f6rperverletzung, Verletzung des Rechts auf sexuelle Selbstbestimmung oder der Erpressung. Diese geschehen nicht zuf\u00e4llig, sondern beabsichtigt.<\/li>\n<\/ul>\n\n\n\n<p id=\"beschuldigteperson\"><strong>T\u00e4ter*in und beschuldigte Person<\/strong><\/p>\n\n\n\n<ul class=\"wp-block-list\">\n<li>Rechtlich ist ein*e <strong>T\u00e4ter*in<\/strong> eine verurteilte Person. Dieser Begriff sollte <strong>nur<\/strong> im Falle einer rechtskr\u00e4ftigen Verurteilung verwendet werden. Andernfalls: \u201ebeschuldigte Person\u201c verwenden.<\/li>\n\n\n\n<li>Beschuldigte Person: Eine Person, der eine Tat vorgeworfen wird.Rechtlich gesehen ist es eine Person, gegen die ermittelt wird.<\/li>\n\n\n\n<li>Wenn im VCP eine Anschuldigung gegen eine Person aufgrund eines Tatverdachts auf sexualisierte Gewalt vorliegt, sprechen wir von \u201eBeschuldigten\u201c, NICHT von \u201eT\u00e4ter*innen\u201c. Zum Zeitpunkt der Anschuldigung besteht ein Verdacht, den wir \u00e4u\u00dfern k\u00f6nnen. Es ist die Aufgabe des deutschen Rechtssystems, eine Schuld zuzuweisen. Erst dann kann von \u201eT\u00e4ter*innen\u201c gesprochen&nbsp;werden.<\/li>\n\n\n\n<li>Der Begriff kann auch verwendet werden, wenn es sich <strong>nicht<\/strong> um eine bestimmte Person \/ einen bestimmten Fall handelt, sondern allgemein formuliert wird z.B. \u201eIn 96% der F\u00e4lle sind T\u00e4ter*in und betroffene Person einander aus ihrem nahen Umfeld bekannt.\u201c<\/li>\n<\/ul>\n\n\n\n<p><\/p>\n\n\n\n<h2 class=\"wp-block-heading\">Betroffenensensible Bildsprache<\/h2>\n\n\n\n<p><strong>Geeignete und angemessene Bilder zum Thema sexualisierte Gewalt im Kontext Pfadfinden<\/strong><\/p>\n\n\n\n<ul class=\"wp-block-list\">\n<li>Besondere Sensibilit\u00e4t in Bezug auf die Bildrechte \u2013 sind Gesichter zentral und deutlich erkennbar? Dann verwenden wir diese nur, wenn die Personen auch f\u00fcr diesen Themenbereich ihre Zustimmung gegeben haben<\/li>\n\n\n\n<li>Wie immer: Kinder und Jugendliche, junge Erwachsene respektvoll darstellen<\/li>\n\n\n\n<li>Alltagssituationen im Pfadfinden: Gruppenstunden, Zeltlager, Hajk, Lagerfeuer, Gemeindefest, Waldweihnacht, Nutzung von Medien, \u2026 denn: Missbrauch findet \u00fcberall statt, wo Kinder Erwachsenen anvertraut sind<\/li>\n\n\n\n<li>neutralen und ansprechende, eher helle Farben, nicht extra verfremden, um es \u201ed\u00fcster\u201c erscheinen zu lassen, nicht dramatisieren<\/li>\n\n\n\n<li>Diversit\u00e4t abbilden: Kinder, Jugendliche, junge Erwachsene bei verschiedenen T\u00e4tigkeiten, abseits von Rollenklischees; wenn m\u00f6glich: verschiedene Herkunft\/Hautfarbe<\/li>\n\n\n\n<li><strong>Vermeiden<\/strong>: starke Kinder! Kinder k\u00f6nnen und sollen sich nicht selbst sch\u00fctzen, das ist die Aufgabe von (jungen) Erwachsenen! &nbsp;Mit unserer Pr\u00e4ventionsarbeit wollen wir sie insoweit st\u00e4rken, dass sie eigene Grenzen kennen und eine Verletzung bei Erwachsenen ansprechen.<\/li>\n\n\n\n<li>Gut eignet sich als neutrales Bild das Waldl\u00e4uferzeichen &#8222;Weg \u00fcber Hindernis&#8220;<\/li>\n<\/ul>\n\n\n<!-- TEST -->\n<figure class=\"wp-block-image size-medium\"><a href=\"https:\/\/www.vcp.de\/pfadfinden\/wp-content\/uploads\/2023\/01\/Aufarbeitungsprozess-Facebook-Beitrag-Querformat.png\"><img loading=\"lazy\" decoding=\"async\" width=\"300\" height=\"251\" src=\"https:\/\/www.vcp.de\/pfadfinden\/wp-content\/uploads\/2023\/01\/Aufarbeitungsprozess-Facebook-Beitrag-Querformat-300x251.png\" alt=\"\" class=\"wp-image-30712\" srcset=\"https:\/\/vcp.de\/pfadfinden\/wp-content\/uploads\/2023\/01\/Aufarbeitungsprozess-Facebook-Beitrag-Querformat-300x251.png 300w, https:\/\/vcp.de\/pfadfinden\/wp-content\/uploads\/2023\/01\/Aufarbeitungsprozess-Facebook-Beitrag-Querformat-768x644.png 768w, https:\/\/vcp.de\/pfadfinden\/wp-content\/uploads\/2023\/01\/Aufarbeitungsprozess-Facebook-Beitrag-Querformat-750x629.png 750w, https:\/\/vcp.de\/pfadfinden\/wp-content\/uploads\/2023\/01\/Aufarbeitungsprozess-Facebook-Beitrag-Querformat.png 940w\" sizes=\"auto, (max-width: 300px) 100vw, 300px\" \/><\/a><figcaption class=\"wp-element-caption\">Weg \u00fcber Hindernis<\/figcaption><\/figure>\n","protected":false},"excerpt":{"rendered":"<p>Begriffserl\u00e4uterungen und ein kleiner Sprachleitfaden (Sprache = gesprochene, Schrift- und Bildsprache) Wichtige Begriffe Aufarbeitung Beirat zur Aufarbeitung sexualisierter Gewalt im VCP Betroffene*r \/ betroffene Person EHS-Fond\/ Anerkennungsleistung Grenzverletzungen: Sexualisierte Gewalt\/ sexueller Missbrauch Strafrechtlich relevante Handlungen T\u00e4ter*in und beschuldigte Person Betroffenensensible Bildsprache Geeignete und angemessene Bilder zum Thema sexualisierte Gewalt im Kontext Pfadfinden<\/p>\n","protected":false},"author":52,"featured_media":30712,"comment_status":"closed","ping_status":"open","sticky":false,"template":"","format":"standard","meta":{"_acf_changed":false,"inline_featured_image":false,"footnotes":""},"categories":[341,520],"tags":[369,370,216],"class_list":["post-33760","post","type-post","status-publish","format-standard","has-post-thumbnail","hentry","category-achtsamundaktiv","category-aufarbeitung","tag-aufarbeitung","tag-kindesschutz","tag-praevention"],"acf":[],"_links":{"self":[{"href":"https:\/\/vcp.de\/pfadfinden\/wp-json\/wp\/v2\/posts\/33760","targetHints":{"allow":["GET"]}}],"collection":[{"href":"https:\/\/vcp.de\/pfadfinden\/wp-json\/wp\/v2\/posts"}],"about":[{"href":"https:\/\/vcp.de\/pfadfinden\/wp-json\/wp\/v2\/types\/post"}],"author":[{"embeddable":true,"href":"https:\/\/vcp.de\/pfadfinden\/wp-json\/wp\/v2\/users\/52"}],"replies":[{"embeddable":true,"href":"https:\/\/vcp.de\/pfadfinden\/wp-json\/wp\/v2\/comments?post=33760"}],"version-history":[{"count":9,"href":"https:\/\/vcp.de\/pfadfinden\/wp-json\/wp\/v2\/posts\/33760\/revisions"}],"predecessor-version":[{"id":33866,"href":"https:\/\/vcp.de\/pfadfinden\/wp-json\/wp\/v2\/posts\/33760\/revisions\/33866"}],"wp:featuredmedia":[{"embeddable":true,"href":"https:\/\/vcp.de\/pfadfinden\/wp-json\/wp\/v2\/media\/30712"}],"wp:attachment":[{"href":"https:\/\/vcp.de\/pfadfinden\/wp-json\/wp\/v2\/media?parent=33760"}],"wp:term":[{"taxonomy":"category","embeddable":true,"href":"https:\/\/vcp.de\/pfadfinden\/wp-json\/wp\/v2\/categories?post=33760"},{"taxonomy":"post_tag","embeddable":true,"href":"https:\/\/vcp.de\/pfadfinden\/wp-json\/wp\/v2\/tags?post=33760"}],"curies":[{"name":"wp","href":"https:\/\/api.w.org\/{rel}","templated":true}]}}