{"id":33583,"date":"2024-01-11T12:50:34","date_gmt":"2024-01-11T11:50:34","guid":{"rendered":"https:\/\/www.vcp.de\/pfadfinden\/?p=33583"},"modified":"2025-07-26T13:22:39","modified_gmt":"2025-07-26T11:22:39","slug":"beirat-zur-aufarbeitung-sexualisierter-gewalt-im-vcp","status":"publish","type":"post","link":"https:\/\/vcp.de\/pfadfinden\/aus-dem-verband\/beirat-zur-aufarbeitung-sexualisierter-gewalt-im-vcp\/","title":{"rendered":"Beirat zur Aufarbeitung sexualisierter Gewalt im VCP"},"content":{"rendered":"\n<p><em>Gruppenbild des Beirats: hinten, von links nach rechts: Christoph Antholz, R\u00fcdiger Jung, Prof. Dr. Thomas Viola Rieske, Peter &#8222;flip&#8220; Keil, Dr. Marlene Kowalski, Michael Baltzer, vorne: Ute Ochs, Kristina Lohe, Louisa Kreuzheck<\/em><\/p>\n\n\n\n<hr class=\"wp-block-separator has-alpha-channel-opacity\" \/>\n\n\n\n<p>Im Sommer 2019 hat der VCP die systematische <a href=\"https:\/\/www.vcp.de\/pfadfinden\/pfadfinderinnen-beschliessen-initiierung-eines-aufarbeitungsprozesses-zu-sexuellem-missbrauch\/\">Aufarbeitung von F\u00e4llen sexualisierter Gewalt beschlossen<\/a>.<\/p>\n\n\n\n<h2 class=\"wp-block-heading\">Zentrale Fragen sind dabei:<\/h2>\n\n\n\n<p>Was ist passiert? Wer ist zu Schaden gekommen? Wie konnte es dazu kommen? Und was m\u00fcssen wir tun, um \u00e4hnliche F\u00e4lle in der Zukunft zu verhindern?<\/p>\n\n\n\n<p>Aufarbeitung ist ein komplexer Prozess, f\u00fcr den es einen langen Atem und vor allem professionelle Unterst\u00fctzung braucht. Im Sommer 2020 wurde ein Beirat eingesetzt, der interne und externe Expertise vereint. Der Beirat wird die kommenden drei Jahre den Aufarbeitungsprozess begleiten und beraten.<\/p>\n\n\n\n<h2 class=\"wp-block-heading\">Beirat zur Aufarbeitung sexualisierter Gewalt im VCP<\/h2>\n\n\n\n<div class=\"wp-block-columns is-layout-flex wp-container-core-columns-is-layout-9d6595d7 wp-block-columns-is-layout-flex\">\n<div class=\"wp-block-column is-layout-flow wp-block-column-is-layout-flow\"><!-- TEST -->\n<figure class=\"wp-block-image size-large is-style-default\"><a href=\"https:\/\/www.vcp.de\/pfadfinden\/wp-content\/uploads\/2021\/06\/Ruediger-Jung.jpg\"><img loading=\"lazy\" decoding=\"async\" width=\"769\" height=\"1024\" src=\"https:\/\/www.vcp.de\/pfadfinden\/wp-content\/uploads\/2021\/06\/Ruediger-Jung-769x1024.jpg\" alt=\"\" class=\"wp-image-22471\" style=\"aspect-ratio:1;object-fit:cover\" srcset=\"https:\/\/vcp.de\/pfadfinden\/wp-content\/uploads\/2021\/06\/Ruediger-Jung-769x1024.jpg 769w, https:\/\/vcp.de\/pfadfinden\/wp-content\/uploads\/2021\/06\/Ruediger-Jung-225x300.jpg 225w, https:\/\/vcp.de\/pfadfinden\/wp-content\/uploads\/2021\/06\/Ruediger-Jung-768x1023.jpg 768w, https:\/\/vcp.de\/pfadfinden\/wp-content\/uploads\/2021\/06\/Ruediger-Jung.jpg 961w\" sizes=\"auto, (max-width: 769px) 100vw, 769px\" \/><\/a><\/figure>\n\n\n\n<h3 class=\"wp-block-heading\">R\u00fcdiger Jung<\/h3>\n\n\n\n<p>Diplom-Sozialp\u00e4dagoge und VCP-Mitglied<br>Fachbereichsleiter Jugendamt im Ruhestand<\/p>\n<\/div>\n\n\n\n<div class=\"wp-block-column is-layout-flow wp-block-column-is-layout-flow\"><!-- TEST -->\n<figure class=\"wp-block-image size-full is-style-default\"><a href=\"https:\/\/www.vcp.de\/pfadfinden\/wp-content\/uploads\/2021\/06\/Marlene_4c.jpg\"><img loading=\"lazy\" decoding=\"async\" width=\"394\" height=\"591\" src=\"https:\/\/www.vcp.de\/pfadfinden\/wp-content\/uploads\/2021\/06\/Marlene_4c.jpg\" alt=\"\" class=\"wp-image-22468\" style=\"aspect-ratio:1;object-fit:cover\" srcset=\"https:\/\/vcp.de\/pfadfinden\/wp-content\/uploads\/2021\/06\/Marlene_4c.jpg 394w, https:\/\/vcp.de\/pfadfinden\/wp-content\/uploads\/2021\/06\/Marlene_4c-200x300.jpg 200w\" sizes=\"auto, (max-width: 394px) 100vw, 394px\" \/><\/a><\/figure>\n\n\n\n<h3 class=\"wp-block-heading\">Dr. Marlene Kowalski<\/h3>\n\n\n\n<p>Leiterin der Fachstelle \u201eAktiv gegen sexualisierte Gewalt\u201c Vorstandsbereich Sozialpolitik<\/p>\n<\/div>\n\n\n\n<div class=\"wp-block-column is-layout-flow wp-block-column-is-layout-flow\"><!-- TEST -->\n<figure class=\"wp-block-image size-large is-style-default\"><a href=\"https:\/\/www.vcp.de\/pfadfinden\/wp-content\/uploads\/2021\/06\/Ochs-Ute.jpg\"><img loading=\"lazy\" decoding=\"async\" width=\"786\" height=\"1024\" src=\"https:\/\/www.vcp.de\/pfadfinden\/wp-content\/uploads\/2021\/06\/Ochs-Ute-786x1024.jpg\" alt=\"\" class=\"wp-image-22470\" style=\"aspect-ratio:1;object-fit:cover\" srcset=\"https:\/\/vcp.de\/pfadfinden\/wp-content\/uploads\/2021\/06\/Ochs-Ute-786x1024.jpg 786w, https:\/\/vcp.de\/pfadfinden\/wp-content\/uploads\/2021\/06\/Ochs-Ute-230x300.jpg 230w, https:\/\/vcp.de\/pfadfinden\/wp-content\/uploads\/2021\/06\/Ochs-Ute-768x1000.jpg 768w, https:\/\/vcp.de\/pfadfinden\/wp-content\/uploads\/2021\/06\/Ochs-Ute-1180x1536.jpg 1180w, https:\/\/vcp.de\/pfadfinden\/wp-content\/uploads\/2021\/06\/Ochs-Ute-1573x2048.jpg 1573w, https:\/\/vcp.de\/pfadfinden\/wp-content\/uploads\/2021\/06\/Ochs-Ute.jpg 1662w\" sizes=\"auto, (max-width: 786px) 100vw, 786px\" \/><\/a><\/figure>\n\n\n\n<h3 class=\"wp-block-heading\">Ute Ochs <\/h3>\n\n\n\n<p>Diplom-P\u00e4dagogin, Beraterin bei Kassler Hilfe (Beratungsstelle f\u00fcr Opfer und Zeugen von Straftaten)<\/p>\n<\/div>\n<\/div>\n\n\n\n<div class=\"wp-block-columns is-layout-flex wp-container-core-columns-is-layout-9d6595d7 wp-block-columns-is-layout-flex\">\n<div class=\"wp-block-column is-layout-flow wp-block-column-is-layout-flow\"><!-- TEST -->\n<figure class=\"wp-block-image size-full is-style-default\"><a href=\"https:\/\/www.vcp.de\/pfadfinden\/wp-content\/uploads\/2024\/01\/Rieske_EvH_qu.jpg\"><img loading=\"lazy\" decoding=\"async\" width=\"1024\" height=\"1002\" src=\"https:\/\/www.vcp.de\/pfadfinden\/wp-content\/uploads\/2024\/01\/Rieske_EvH_qu.jpg\" alt=\"\" class=\"wp-image-33595\" style=\"aspect-ratio:1;object-fit:cover\" srcset=\"https:\/\/vcp.de\/pfadfinden\/wp-content\/uploads\/2024\/01\/Rieske_EvH_qu.jpg 1024w, https:\/\/vcp.de\/pfadfinden\/wp-content\/uploads\/2024\/01\/Rieske_EvH_qu-300x294.jpg 300w, https:\/\/vcp.de\/pfadfinden\/wp-content\/uploads\/2024\/01\/Rieske_EvH_qu-768x752.jpg 768w, https:\/\/vcp.de\/pfadfinden\/wp-content\/uploads\/2024\/01\/Rieske_EvH_qu-750x734.jpg 750w, https:\/\/vcp.de\/pfadfinden\/wp-content\/uploads\/2024\/01\/Rieske_EvH_qu-45x45.jpg 45w\" sizes=\"auto, (max-width: 1024px) 100vw, 1024px\" \/><\/a><\/figure>\n\n\n\n<h3 class=\"wp-block-heading\">Dr. Thomas Viola Rieske<\/h3>\n\n\n\n<p>Diplom-Psychologe\/ Evangelische Hochschule Rheinland-Westfalen-Lippe<\/p>\n<\/div>\n\n\n\n<div class=\"wp-block-column is-layout-flow wp-block-column-is-layout-flow\"><!-- TEST -->\n<figure class=\"wp-block-image size-full is-style-default\"><a href=\"https:\/\/www.vcp.de\/pfadfinden\/wp-content\/uploads\/2021\/06\/Kristina_Tim-Pohle.jpg\"><img loading=\"lazy\" decoding=\"async\" width=\"1181\" height=\"1535\" src=\"https:\/\/www.vcp.de\/pfadfinden\/wp-content\/uploads\/2021\/06\/Kristina_Tim-Pohle.jpg\" alt=\"\" class=\"wp-image-22467\" style=\"aspect-ratio:1;object-fit:cover\" srcset=\"https:\/\/vcp.de\/pfadfinden\/wp-content\/uploads\/2021\/06\/Kristina_Tim-Pohle.jpg 1181w, https:\/\/vcp.de\/pfadfinden\/wp-content\/uploads\/2021\/06\/Kristina_Tim-Pohle-231x300.jpg 231w, https:\/\/vcp.de\/pfadfinden\/wp-content\/uploads\/2021\/06\/Kristina_Tim-Pohle-788x1024.jpg 788w, https:\/\/vcp.de\/pfadfinden\/wp-content\/uploads\/2021\/06\/Kristina_Tim-Pohle-768x998.jpg 768w\" sizes=\"auto, (max-width: 1181px) 100vw, 1181px\" \/><\/a><\/figure>\n\n\n\n<h3 class=\"wp-block-heading\">Kristina Lohe<\/h3>\n\n\n\n<p>Vorstand Kloster Volkenroda und VCP-Mitglied, langj\u00e4hriges Mitglied in der FG \u201eachtsam &amp; aktiv\u201c<\/p>\n<\/div>\n\n\n\n<div class=\"wp-block-column is-layout-flow wp-block-column-is-layout-flow\"><!-- TEST -->\n<figure class=\"wp-block-image size-large is-style-default\"><a href=\"https:\/\/www.vcp.de\/pfadfinden\/wp-content\/uploads\/2023\/10\/1-quadrat.png\"><img loading=\"lazy\" decoding=\"async\" width=\"1024\" height=\"1024\" src=\"https:\/\/www.vcp.de\/pfadfinden\/wp-content\/uploads\/2023\/10\/1-quadrat-1024x1024.png\" alt=\"\" class=\"wp-image-32596\" style=\"aspect-ratio:1;object-fit:cover\" srcset=\"https:\/\/vcp.de\/pfadfinden\/wp-content\/uploads\/2023\/10\/1-quadrat-1024x1024.png 1024w, https:\/\/vcp.de\/pfadfinden\/wp-content\/uploads\/2023\/10\/1-quadrat-300x300.png 300w, https:\/\/vcp.de\/pfadfinden\/wp-content\/uploads\/2023\/10\/1-quadrat-150x150.png 150w, https:\/\/vcp.de\/pfadfinden\/wp-content\/uploads\/2023\/10\/1-quadrat-768x768.png 768w, https:\/\/vcp.de\/pfadfinden\/wp-content\/uploads\/2023\/10\/1-quadrat-1536x1536.png 1536w, https:\/\/vcp.de\/pfadfinden\/wp-content\/uploads\/2023\/10\/1-quadrat-750x750.png 750w, https:\/\/vcp.de\/pfadfinden\/wp-content\/uploads\/2023\/10\/1-quadrat-45x45.png 45w, https:\/\/vcp.de\/pfadfinden\/wp-content\/uploads\/2023\/10\/1-quadrat.png 1653w\" sizes=\"auto, (max-width: 1024px) 100vw, 1024px\" \/><\/a><\/figure>\n\n\n\n<h3 class=\"wp-block-heading\">Louisa Kreuzheck<\/h3>\n\n\n\n<p>Mitarbeiterin in der VCP-Bundeszentrale f\u00fcr Pr\u00e4vention und Aufarbeitung im VCP<\/p>\n<\/div>\n<\/div>\n\n\n\n<div class=\"wp-block-columns is-layout-flex wp-container-core-columns-is-layout-9d6595d7 wp-block-columns-is-layout-flex\">\n<div class=\"wp-block-column is-layout-flow wp-block-column-is-layout-flow\"><!-- TEST -->\n<figure class=\"wp-block-image size-full is-style-default\"><a href=\"https:\/\/www.vcp.de\/pfadfinden\/wp-content\/uploads\/2024\/01\/Bundesvorstand-Peter-Keil_Paula-Kanzleiter-klein.png\"><img loading=\"lazy\" decoding=\"async\" width=\"1000\" height=\"1000\" src=\"https:\/\/www.vcp.de\/pfadfinden\/wp-content\/uploads\/2024\/01\/Bundesvorstand-Peter-Keil_Paula-Kanzleiter-klein.png\" alt=\"\" class=\"wp-image-33597\" style=\"aspect-ratio:1;object-fit:cover\" srcset=\"https:\/\/vcp.de\/pfadfinden\/wp-content\/uploads\/2024\/01\/Bundesvorstand-Peter-Keil_Paula-Kanzleiter-klein.png 1000w, https:\/\/vcp.de\/pfadfinden\/wp-content\/uploads\/2024\/01\/Bundesvorstand-Peter-Keil_Paula-Kanzleiter-klein-300x300.png 300w, https:\/\/vcp.de\/pfadfinden\/wp-content\/uploads\/2024\/01\/Bundesvorstand-Peter-Keil_Paula-Kanzleiter-klein-150x150.png 150w, https:\/\/vcp.de\/pfadfinden\/wp-content\/uploads\/2024\/01\/Bundesvorstand-Peter-Keil_Paula-Kanzleiter-klein-768x768.png 768w, https:\/\/vcp.de\/pfadfinden\/wp-content\/uploads\/2024\/01\/Bundesvorstand-Peter-Keil_Paula-Kanzleiter-klein-750x750.png 750w, https:\/\/vcp.de\/pfadfinden\/wp-content\/uploads\/2024\/01\/Bundesvorstand-Peter-Keil_Paula-Kanzleiter-klein-45x45.png 45w\" sizes=\"auto, (max-width: 1000px) 100vw, 1000px\" \/><\/a><\/figure>\n\n\n\n<h3 class=\"wp-block-heading\">Peter \u201eflip\u201c Keil<\/h3>\n\n\n\n<p>VCP-Bundesvorstand<\/p>\n<\/div>\n\n\n\n<div class=\"wp-block-column is-layout-flow wp-block-column-is-layout-flow\"><!-- TEST -->\n<figure class=\"wp-block-image size-full is-style-default\"><a href=\"https:\/\/www.vcp.de\/pfadfinden\/wp-content\/uploads\/2024\/01\/Platzhalterbild.png\"><img loading=\"lazy\" decoding=\"async\" width=\"1080\" height=\"1080\" src=\"https:\/\/www.vcp.de\/pfadfinden\/wp-content\/uploads\/2024\/01\/Platzhalterbild.png\" alt=\"\" class=\"wp-image-33620\" style=\"aspect-ratio:1;object-fit:contain\" srcset=\"https:\/\/vcp.de\/pfadfinden\/wp-content\/uploads\/2024\/01\/Platzhalterbild.png 1080w, https:\/\/vcp.de\/pfadfinden\/wp-content\/uploads\/2024\/01\/Platzhalterbild-300x300.png 300w, https:\/\/vcp.de\/pfadfinden\/wp-content\/uploads\/2024\/01\/Platzhalterbild-1024x1024.png 1024w, https:\/\/vcp.de\/pfadfinden\/wp-content\/uploads\/2024\/01\/Platzhalterbild-150x150.png 150w, https:\/\/vcp.de\/pfadfinden\/wp-content\/uploads\/2024\/01\/Platzhalterbild-768x768.png 768w, https:\/\/vcp.de\/pfadfinden\/wp-content\/uploads\/2024\/01\/Platzhalterbild-750x750.png 750w, https:\/\/vcp.de\/pfadfinden\/wp-content\/uploads\/2024\/01\/Platzhalterbild-45x45.png 45w\" sizes=\"auto, (max-width: 1080px) 100vw, 1080px\" \/><\/a><\/figure>\n\n\n\n<h3 class=\"wp-block-heading\">Christoph Antholz<\/h3>\n\n\n\n<p>Betroffenenvertretung<\/p>\n<\/div>\n\n\n\n<div class=\"wp-block-column is-layout-flow wp-block-column-is-layout-flow\"><!-- TEST -->\n<figure class=\"wp-block-image size-full is-style-default\"><a href=\"https:\/\/www.vcp.de\/pfadfinden\/wp-content\/uploads\/2024\/01\/Platzhalterbild.png\"><img loading=\"lazy\" decoding=\"async\" width=\"1080\" height=\"1080\" src=\"https:\/\/www.vcp.de\/pfadfinden\/wp-content\/uploads\/2024\/01\/Platzhalterbild.png\" alt=\"\" class=\"wp-image-33620\" style=\"aspect-ratio:1;object-fit:cover\" srcset=\"https:\/\/vcp.de\/pfadfinden\/wp-content\/uploads\/2024\/01\/Platzhalterbild.png 1080w, https:\/\/vcp.de\/pfadfinden\/wp-content\/uploads\/2024\/01\/Platzhalterbild-300x300.png 300w, https:\/\/vcp.de\/pfadfinden\/wp-content\/uploads\/2024\/01\/Platzhalterbild-1024x1024.png 1024w, https:\/\/vcp.de\/pfadfinden\/wp-content\/uploads\/2024\/01\/Platzhalterbild-150x150.png 150w, https:\/\/vcp.de\/pfadfinden\/wp-content\/uploads\/2024\/01\/Platzhalterbild-768x768.png 768w, https:\/\/vcp.de\/pfadfinden\/wp-content\/uploads\/2024\/01\/Platzhalterbild-750x750.png 750w, https:\/\/vcp.de\/pfadfinden\/wp-content\/uploads\/2024\/01\/Platzhalterbild-45x45.png 45w\" sizes=\"auto, (max-width: 1080px) 100vw, 1080px\" \/><\/a><\/figure>\n\n\n\n<h3 class=\"wp-block-heading\">Michael Baltzer<\/h3>\n\n\n\n<p>Betroffenenvertretung<\/p>\n<\/div>\n<\/div>\n\n\n\n<hr class=\"wp-block-separator has-alpha-channel-opacity\" \/>\n\n\n\n<p>Beate Steinbach (Referentin Fachberatung Pr\u00e4tect (BJR)) und Harald Wiester (Betroffener aus dem VCP, Ansprechpartner f\u00fcr das Betroffenennetzwerk) sind auf eigenen Wunsch aus dem Beirat zur Aufarbeitung im ersten Quartal 2022 ausgeschieden.<\/p>\n\n\n\n<div style=\"height:40px\" aria-hidden=\"true\" class=\"wp-block-spacer\"><\/div>\n\n\n\n<h2 class=\"wp-block-heading\">Du m\u00f6chtest mehr zum Beirat, zur Aufarbeitung oder zu Pr\u00e4vention wissen? <br>Dann kannst du dich jederzeit gerne an folgende Ansprechpersonen wenden:<\/h2>\n\n\n\n<div class=\"wp-block-columns is-layout-flex wp-container-core-columns-is-layout-9d6595d7 wp-block-columns-is-layout-flex\">\n<div class=\"wp-block-column is-layout-flow wp-block-column-is-layout-flow\">\n<p><strong>Kristina Lohe und Thomas Viola Rieske<\/strong><br><em>Sprecher*innen des Beirates<\/em><br><a href=\"mailto:beirat@vcp.de\">beirat@vcp.de<\/a><\/p>\n<\/div>\n\n\n\n<div class=\"wp-block-column is-layout-flow wp-block-column-is-layout-flow\">\n<p><strong>Lousia Kreuzheck<\/strong><br>Mitarbeiterin der VCP Bundeszentrale f\u00fcr Pr\u00e4vention und Aufarbeitung des VCP<br><a href=\"mailto:louisa.kreuzheck@vcp.de\">louisa.kreuzheck@vcp.de<\/a><\/p>\n<\/div>\n\n\n\n<div class=\"wp-block-column is-layout-flow wp-block-column-is-layout-flow\">\n<p><strong>Harald Wiester<\/strong><br>bietet weiteren Betroffenen aus dem VCP an, mit ihm in den Austausch zu kommen.<br><a href=\"mailto:betroffenenaustausch-vcp@web.de\">betroffenenaustausch-vcp@web.de<\/a><\/p>\n<\/div>\n<\/div>\n\n\n\n<figure class=\"wp-block-embed is-type-wp-embed is-provider-vcp-blog wp-block-embed-vcp-blog\"><div class=\"wp-block-embed__wrapper\">\n<blockquote class=\"wp-embedded-content\" data-secret=\"ZPkOzo5HTT\"><a href=\"https:\/\/www.vcp.de\/pfadfinden\/aus-dem-verband\/achtsamundaktiv\/selbstverstaendnis-des-beirats-aufarbeitung-im-vcp\/\">Selbstverst\u00e4ndnis des Beirats Aufarbeitung im VCP<\/a><\/blockquote><iframe loading=\"lazy\" class=\"wp-embedded-content\" sandbox=\"allow-scripts\" security=\"restricted\" style=\"position: absolute; visibility: hidden;\" title=\"&#8222;Selbstverst\u00e4ndnis des Beirats Aufarbeitung im VCP&#8220; &#8212; VCP-Blog\" src=\"https:\/\/www.vcp.de\/pfadfinden\/aus-dem-verband\/achtsamundaktiv\/selbstverstaendnis-des-beirats-aufarbeitung-im-vcp\/embed\/#?secret=TEW4gAUpo2#?secret=ZPkOzo5HTT\" data-secret=\"ZPkOzo5HTT\" width=\"600\" height=\"338\" frameborder=\"0\" marginwidth=\"0\" marginheight=\"0\" scrolling=\"no\"><\/iframe>\n<\/div><\/figure>\n","protected":false},"excerpt":{"rendered":"<p>Gruppenbild des Beirats: hinten, von links nach rechts: Christoph Antholz, R\u00fcdiger Jung, Prof. Dr. Thomas Viola Rieske, Peter &#8222;flip&#8220; Keil, Dr. Marlene Kowalski, Michael Baltzer, vorne: Ute Ochs, Kristina Lohe, Louisa Kreuzheck Im Sommer 2019 hat der VCP die systematische Aufarbeitung von F\u00e4llen sexualisierter Gewalt beschlossen. Zentrale Fragen sind dabei: Was ist passiert? Wer ist [&hellip;]<\/p>\n","protected":false},"author":52,"featured_media":32182,"comment_status":"closed","ping_status":"open","sticky":false,"template":"","format":"standard","meta":{"_acf_changed":false,"inline_featured_image":false,"footnotes":""},"categories":[341,5],"tags":[],"class_list":["post-33583","post","type-post","status-publish","format-standard","has-post-thumbnail","hentry","category-achtsamundaktiv","category-aus-dem-verband"],"acf":[],"_links":{"self":[{"href":"https:\/\/vcp.de\/pfadfinden\/wp-json\/wp\/v2\/posts\/33583","targetHints":{"allow":["GET"]}}],"collection":[{"href":"https:\/\/vcp.de\/pfadfinden\/wp-json\/wp\/v2\/posts"}],"about":[{"href":"https:\/\/vcp.de\/pfadfinden\/wp-json\/wp\/v2\/types\/post"}],"author":[{"embeddable":true,"href":"https:\/\/vcp.de\/pfadfinden\/wp-json\/wp\/v2\/users\/52"}],"replies":[{"embeddable":true,"href":"https:\/\/vcp.de\/pfadfinden\/wp-json\/wp\/v2\/comments?post=33583"}],"version-history":[{"count":22,"href":"https:\/\/vcp.de\/pfadfinden\/wp-json\/wp\/v2\/posts\/33583\/revisions"}],"predecessor-version":[{"id":33678,"href":"https:\/\/vcp.de\/pfadfinden\/wp-json\/wp\/v2\/posts\/33583\/revisions\/33678"}],"wp:featuredmedia":[{"embeddable":true,"href":"https:\/\/vcp.de\/pfadfinden\/wp-json\/wp\/v2\/media\/32182"}],"wp:attachment":[{"href":"https:\/\/vcp.de\/pfadfinden\/wp-json\/wp\/v2\/media?parent=33583"}],"wp:term":[{"taxonomy":"category","embeddable":true,"href":"https:\/\/vcp.de\/pfadfinden\/wp-json\/wp\/v2\/categories?post=33583"},{"taxonomy":"post_tag","embeddable":true,"href":"https:\/\/vcp.de\/pfadfinden\/wp-json\/wp\/v2\/tags?post=33583"}],"curies":[{"name":"wp","href":"https:\/\/api.w.org\/{rel}","templated":true}]}}