{"id":33437,"date":"2024-01-08T08:15:23","date_gmt":"2024-01-08T07:15:23","guid":{"rendered":"https:\/\/www.vcp.de\/pfadfinden\/?p=33437"},"modified":"2024-01-08T08:15:24","modified_gmt":"2024-01-08T07:15:24","slug":"wenn-ich-gross-bin-werde-ich-lokfuehrer","status":"publish","type":"post","link":"https:\/\/vcp.de\/pfadfinden\/auf-neuem-pfad\/wenn-ich-gross-bin-werde-ich-lokfuehrer\/","title":{"rendered":"Wenn ich gro\u00df bin, werde ich Lokf\u00fchrer"},"content":{"rendered":"\n<h2 class=\"wp-block-heading\">Wie gro\u00df ist der Unterschied zwischen Traumjob und Realit\u00e4t? Und wieso haben Pfadfinder*innen in der Berufswelt einen V<strong>orteil<\/strong><\/h2>\n\n\n\n<p><strong>von Patrick Franz<\/strong><\/p>\n\n\n\n<p>Wenn ich mich daran erinnere, was ich als Kind einmal werden wollte, fallen mir ganz unterschiedliche W\u00fcnsche ein: Polizist, Feuerwehrmann, Lokf\u00fchrer oder rasender Reporter. Was bleibt von diesen W\u00fcnschen \u00fcbrig? Seien wir mal ehrlich zu uns: Wer arbeitet in einem Beruf, den er sich schon als Kind ausgemalt hat? Ich kriege all das wieder hautnah mit, wenn ich mich mit meinem 6-j\u00e4hrigen Sohn unterhalte und er mir erz\u00e4hlt, was er sp\u00e4ter einmal werden will. Da er sich nicht entscheiden kann, denkt er dar\u00fcber nach, mehrere Teilzeitjobs zu \u00fcbernehmen: Arzt, Astronaut und Verkehrspolizist gleichzeitig. Da bekomme ich schon Stresspickel, wenn ich dr\u00fcber nachdenke. Schlaue Menschen sagen ja immer, dass man sich einfach einen Beruf suchen muss, der einem Spa\u00df macht. Dann f\u00fchlt es sich nicht wie Arbeit an. Dem kann ich grunds\u00e4tzlich etwas abgewinnen und glaube, ich habe das auch gar nicht so schlecht f\u00fcr mich selbst umsetzen k\u00f6nnen. Aber kann das jede*r von sich sagen? Wenn ich mich an Abende in den Oasen auf dem letzten Bundeslager zur\u00fcckerinnere und mir Menschen erz\u00e4hlt haben, was Sie beruflich so machen, habe ich ganz oft das Gl\u00e4nzen in ihren Augen gesehen.<\/p>\n\n\n\n<p><strong>Haben Pfadfinder*innen einen Vorteil dabei, sich in ihrem Berufsleben besonders gut orientieren zu k\u00f6nnen? <\/strong>Gar bestimmte F\u00e4higkeiten mitzubringen? Ich sage ganz klar: Ja! Bei meinem letzten Bewerbungsgespr\u00e4ch fragte mich die mir gegen\u00fcbersitzende Person, welche Erfahrungen ich im Projektmanagement mitbringen w\u00fcrde. Und da habe ich meine Pfadfinder-Karte ganz klar ausgespielt. Ich meine, wo sonst k\u00f6nnte man so viele Erfahrungen sammeln, wenn es um das Managen von Projekten geht? Ein Lager planen, eine Sippenstunde durchf\u00fchren, die Finanzen im Stamm regeln. Wir sind echte Teamplayer und k\u00f6nnen das auch im Berufsleben unter Beweis stellen. Hat euch das Pfadfinder*innenleben bei eurer Berufswahl beeinflusst? In unserer neuen Podcastfolge habe ich mit ein paar Menschen aus unserem Verband gesprochen und mir ihre Berufsgeschichte erz\u00e4hlen lassen. H\u00f6rt gerne mal rein!<\/p>\n\n\n\n<figure class=\"wp-block-embed is-type-wp-embed is-provider-vcp-blog wp-block-embed-vcp-blog\"><div class=\"wp-block-embed__wrapper\">\n<blockquote class=\"wp-embedded-content\" data-secret=\"0bA3uAbpAE\"><a href=\"https:\/\/www.vcp.de\/pfadfinden\/podcast\/podcast-pfadfinden-mit-deinem-traumberuf\/\">Podcast Pfadfinden mit deinem Traumberuf<\/a><\/blockquote><iframe loading=\"lazy\" class=\"wp-embedded-content\" sandbox=\"allow-scripts\" security=\"restricted\" style=\"position: absolute; visibility: hidden;\" title=\"&#8222;Podcast Pfadfinden mit deinem Traumberuf&#8220; &#8212; VCP-Blog\" src=\"https:\/\/www.vcp.de\/pfadfinden\/podcast\/podcast-pfadfinden-mit-deinem-traumberuf\/embed\/#?secret=gTLtnetJLs#?secret=0bA3uAbpAE\" data-secret=\"0bA3uAbpAE\" width=\"600\" height=\"338\" frameborder=\"0\" marginwidth=\"0\" marginheight=\"0\" scrolling=\"no\"><\/iframe>\n<\/div><\/figure>\n\n\n\n<p>&#8230; das Pfadfinden ein Vorteil im Berufsleben ist, ist so langsam kein Geheimnis mehr: <\/p>\n\n\n\n<p><strong>Die Tagesschau titelte: &#8222;Was Pfadfinder f\u00fcr die Arbeitswelt lernen<\/strong><\/p>\n\n\n\n<p>Das Berufsleben ver\u00e4ndert sich rasant. Besch\u00e4ftigte m\u00fcssen sich darauf einstellen, was nicht immer leicht ist. Warum Erfahrungen bei den Pfadfindern f\u00fcr junge Menschen im Job hilfreich sein k\u00f6nnen.&#8220;<\/p>\n\n\n\n<p><a href=\"https:\/\/www.tagesschau.de\/wirtschaft\/arbeitsmarkt\/pfadfinder-werte-arbeitswelt-100.html\" target=\"_blank\" rel=\"noreferrer noopener\">Zum ganzen Artikel<\/a><\/p>\n\n\n\n<p><\/p>\n","protected":false},"excerpt":{"rendered":"<p>Wie gro\u00df ist der Unterschied zwischen Traumjob und Realit\u00e4t? Und wieso haben Pfadfinder*innen in der Berufswelt einen Vorteil von Patrick Franz Wenn ich mich daran erinnere, was ich als Kind einmal werden wollte, fallen mir ganz unterschiedliche W\u00fcnsche ein: Polizist, Feuerwehrmann, Lokf\u00fchrer oder rasender Reporter. Was bleibt von diesen W\u00fcnschen \u00fcbrig? Seien wir mal ehrlich [&hellip;]<\/p>\n","protected":false},"author":52,"featured_media":33346,"comment_status":"closed","ping_status":"open","sticky":false,"template":"","format":"standard","meta":{"_acf_changed":false,"inline_featured_image":false,"footnotes":""},"categories":[419],"tags":[102],"class_list":["post-33437","post","type-post","status-publish","format-standard","has-post-thumbnail","hentry","category-auf-neuem-pfad","tag-jugendpolitik"],"acf":[],"_links":{"self":[{"href":"https:\/\/vcp.de\/pfadfinden\/wp-json\/wp\/v2\/posts\/33437","targetHints":{"allow":["GET"]}}],"collection":[{"href":"https:\/\/vcp.de\/pfadfinden\/wp-json\/wp\/v2\/posts"}],"about":[{"href":"https:\/\/vcp.de\/pfadfinden\/wp-json\/wp\/v2\/types\/post"}],"author":[{"embeddable":true,"href":"https:\/\/vcp.de\/pfadfinden\/wp-json\/wp\/v2\/users\/52"}],"replies":[{"embeddable":true,"href":"https:\/\/vcp.de\/pfadfinden\/wp-json\/wp\/v2\/comments?post=33437"}],"version-history":[{"count":1,"href":"https:\/\/vcp.de\/pfadfinden\/wp-json\/wp\/v2\/posts\/33437\/revisions"}],"predecessor-version":[{"id":33441,"href":"https:\/\/vcp.de\/pfadfinden\/wp-json\/wp\/v2\/posts\/33437\/revisions\/33441"}],"wp:featuredmedia":[{"embeddable":true,"href":"https:\/\/vcp.de\/pfadfinden\/wp-json\/wp\/v2\/media\/33346"}],"wp:attachment":[{"href":"https:\/\/vcp.de\/pfadfinden\/wp-json\/wp\/v2\/media?parent=33437"}],"wp:term":[{"taxonomy":"category","embeddable":true,"href":"https:\/\/vcp.de\/pfadfinden\/wp-json\/wp\/v2\/categories?post=33437"},{"taxonomy":"post_tag","embeddable":true,"href":"https:\/\/vcp.de\/pfadfinden\/wp-json\/wp\/v2\/tags?post=33437"}],"curies":[{"name":"wp","href":"https:\/\/api.w.org\/{rel}","templated":true}]}}