{"id":32891,"date":"2023-11-27T15:01:06","date_gmt":"2023-11-27T14:01:06","guid":{"rendered":"https:\/\/www.vcp.de\/pfadfinden\/?p=32891"},"modified":"2023-11-27T15:38:17","modified_gmt":"2023-11-27T14:38:17","slug":"pressearbeit-der-kontakt-zur-oeffentlichkeit","status":"publish","type":"post","link":"https:\/\/vcp.de\/pfadfinden\/oeffentlichkeitsarbeit\/pressearbeit-der-kontakt-zur-oeffentlichkeit\/","title":{"rendered":"Pressearbeit &#8211; der Kontakt zur \u00d6ffentlichkeit"},"content":{"rendered":"\n<p>Gesellschaft, Kirche und Politik &#8211;  die wollen wir mit unserer Arbeit erreichen. Um zu zeigen, warum wir ein wichtiger Teil der Gesellschaft sind und relevante und gute Arbeit machen. Und dadurch Unterst\u00fctzer*innen zu gewinnen, damit wir noch mehr Kindern und Jugendlichen erm\u00f6glichen k\u00f6nnen, viele bereichernde Erfahrungen mit Pfadfinden sammeln zu k\u00f6nnen.<\/p>\n\n\n\n<p>Pressearbeit klingt vielleicht erstmal gro\u00df und kompliziert. Aber ihr m\u00fcsst keine Angst haben. Wir haben hier ein paar wesentliche Punkte f\u00fcr euch zusammengetragen, die es zu beachten gilt. F\u00fcr ein besseres Verst\u00e4ndnis erkl\u00e4ren wir die einzelnen Schritte mit den Beispielen PfadiTag und Friedenslicht.<\/p>\n\n\n\n<h2 class=\"wp-block-heading\">Eure n\u00e4chste spannende Veranstaltung oder Aktion steht? &#8211; DIE Gelegenheit in eurer lokalen Zeitung oder auch im Lokalradio aufzutauchen! <\/h2>\n\n\n\n<h3 class=\"wp-block-heading\">Zust\u00e4ndigkeit<\/h3>\n\n\n\n<p>Am besten, ihr findet eine Person, die sich um die Pressearbeit k\u00fcmmert. Sie sollte nicht so stark in die Organisation\/Durchf\u00fchrung eurer Aktion vor Ort eingebunden sein, gut mit dem Stammesleben vertraut sein und zuverl\u00e4ssig ans Telefon gehen. Vielleicht eine gute Aufgabe f\u00fcr jemanden mit <strong>lila Halstuch?!<\/strong> <\/p>\n\n\n\n<h3 class=\"wp-block-heading\">Ihr habt noch keinen Kontakt zu eurer Presse vor Ort? <\/h3>\n\n\n\n<ul class=\"wp-block-list\">\n<li>Findet heraus: Welche lokalen Medien, also Lokalzeitung(en), Lokalradio, Online-Redaktionen o.\u00e4. gibt es bei euch vor Ort? <\/li>\n\n\n\n<li>\u00dcber die Homepage k\u00f6nnt ihr <strong>Kontaktdaten der Redaktion<\/strong> herausfinden, meist so etwas wie redaktion@lokalzeitungXY.de<\/li>\n\n\n\n<li>Gibt es eine Telefonnummer, dann ruft an, erz\u00e4hlt, was ihr plant und fragt nach Kontaktm\u00f6glichkeiten, der zust\u00e4ndigen Person f\u00fcr das Thema Jugend und Redaktionsschl\u00fcssen. Dann k\u00f6nnt ihr auch gleich kl\u00e4ren, ob eine Terminank\u00fcndigung in der Zeitung m\u00f6glich ist. <\/li>\n<\/ul>\n\n\n\n<p><\/p>\n\n\n\n<h3 class=\"wp-block-heading\">Ladet eine*n Pressevertreter*in zu euch ein!<\/h3>\n\n\n\n<ul class=\"wp-block-list\">\n<li>Schickt am besten <strong>zwei bis drei Wochen<\/strong> vor eurer Veranstaltung eine <strong>Einladung<\/strong> per E-Mail an die Redaktionsadresse: Wer, was, wann, wo, f\u00fcr wen? Und gebt unbedingt Kontaktdaten an, unter denen ihr erreichbar seid. <\/li>\n\n\n\n<li>Hier zwei Beispiele, wie einen Vorabinformation aussehen kann: <\/li>\n<\/ul>\n\n\n\n<div class=\"wp-block-file\"><a id=\"wp-block-file--media-72dabc78-1e04-4970-86ae-691179c50b5d\" href=\"https:\/\/www.vcp.de\/pfadfinden\/wp-content\/uploads\/2023\/11\/Vorlage-fuer-Vorabinformation-und-Einladung-an-Lokalredaktionen-Friedenslicht.docx\">Vorlage-fuer-Vorabinformation-und-Einladung-an-Lokalredaktionen-Friedenslicht<\/a><a href=\"https:\/\/www.vcp.de\/pfadfinden\/wp-content\/uploads\/2023\/11\/Vorlage-fuer-Vorabinformation-und-Einladung-an-Lokalredaktionen-Friedenslicht.docx\" class=\"wp-block-file__button wp-element-button\" download aria-describedby=\"wp-block-file--media-72dabc78-1e04-4970-86ae-691179c50b5d\">Herunterladen<\/a><\/div>\n\n\n\n<div class=\"wp-block-file\"><a id=\"wp-block-file--media-d1b9bbd5-0f5a-4708-b613-762ac9f39ba1\" href=\"https:\/\/www.vcp.de\/pfadfinden\/wp-content\/uploads\/2023\/09\/Vorlage-fuer-Vorabinformation-und-Einladung-an-Lokalredaktionen-PfadiTag.docx\">Vorlage-fuer-Vorabinformation-und-Einladung-an-Lokalredaktionen-PfadiTag<\/a><a href=\"https:\/\/www.vcp.de\/pfadfinden\/wp-content\/uploads\/2023\/09\/Vorlage-fuer-Vorabinformation-und-Einladung-an-Lokalredaktionen-PfadiTag.docx\" class=\"wp-block-file__button wp-element-button\" download aria-describedby=\"wp-block-file--media-d1b9bbd5-0f5a-4708-b613-762ac9f39ba1\">Herunterladen<\/a><\/div>\n\n\n\n<ul class=\"wp-block-list\">\n<li>Warum schon zwei bis drei Wochen vor der Veranstaltung? Damit die Redaktion ihre Termine planen kann &#8211; es gibt immer weniger Reporter*innen vor Ort und oft sind viele Termine am Wochenende. <\/li>\n\n\n\n<li>Kommt ihr erst kurz vor der Veranstaltung dazu, schickt trotzdem eine Einladung, vielleicht passt es bei der Redaktion auch spontan &#8211; und sie wissen, dass ihr etwas macht und freuen sich auf einen Nachbericht. <\/li>\n\n\n\n<li>Habt ihr eine Telefonnummer, dann ruft kurz vor der Veranstaltung (z.B. Donnerstag, wenn eure Veranstaltung am Samstag ist) an und erkundigt euch, ob eure Einladung angekommen ist und noch etwas gebraucht wird. Wenn ihr nicht gerne telefoniert &#8211; betrachtet es als gute \u00dcbung oder lasst diesen Schritt weg \ud83d\ude09<\/li>\n\n\n\n<li>Seid telefonisch erreichbar f\u00fcr R\u00fcckfragen!<\/li>\n<\/ul>\n\n\n\n<h3 class=\"wp-block-heading\">Durchf\u00fchrung<\/h3>\n\n\n\n<ul class=\"wp-block-list\">\n<li>Ein*e Pressevertreter*in kommt vorbei. Jetzt zahlt es sich aus, wenn ihr eine zust\u00e4ndige Person habt: <strong>Begleitet den*die Reporter*in<\/strong>, steht f\u00fcr (Hintergrund)Fragen  zur Verf\u00fcgung, vermittelt Interviews mit der Stammesleitung, Gruppenkindern oder auch teilnehmenden Kindern. Im Idealfall habt ihr schon Personen zur Hand, die f\u00fcr Fotos bereit stehen. <strong>Vorbereitung ist hier alles!<\/strong><\/li>\n\n\n\n<li>Liefert zuverl\u00e4ssig Inhalte oder Fotos nach, wenn der*die Reporter*in noch etwas ben\u00f6tigt. <\/li>\n\n\n\n<li>Pfadfinden bietet oft die besten Bilder und eure Aktion ist vi4elleicht eine \u00f6ffentliche Veranstaltung. Sorgt trotzdem daf\u00fcr, dass sich alle mit Fotos wohlf\u00fchlen. <\/li>\n<\/ul>\n\n\n\n<p><\/p>\n\n\n\n<h3 class=\"wp-block-heading\">Abschluss &#8211; die Pressemitteilung<\/h3>\n\n\n\n<ul class=\"wp-block-list\">\n<li>Eure Aktion oder Veranstaltung ist vorbei, ihr hattet einen tollen Tag und habt alles geschafft? Eine kleine Aufgabe gibt es noch: Wenn keine Presse vor Ort war oder ihr in noch einem weiteren Medium auftauchen wollt, dann schickt eine <strong>Pressemitteilung<\/strong> mit Bildmaterial an die Redaktion. Lokalredaktionen sind oft dankbar f\u00fcr gute Inhalte, vor allem mit guten Bildern. <\/li>\n\n\n\n<li>Setzt die Pressemitteilung als Text direkt in die E-Mail und h\u00e4ngt zus\u00e4tzlich ein PDF mit eurer Pressemitteilung an.<\/li>\n\n\n\n<li>Wichtig: Journalist*innen haben wenig Zeit. Die wichtigsten Informationen m\u00fcssen daher ganz zu Beginn der Pressemitteilung stehen. Au\u00dferdem sind kurze, pr\u00e4gnante S\u00e4tze am besten.<\/li>\n\n\n\n<li>Hier gibt es Beispiele, wie so eine Pressemitteilung aussehen kann: <\/li>\n<\/ul>\n\n\n\n<div class=\"wp-block-file\"><a id=\"wp-block-file--media-ccbdd2aa-5b40-48a9-ac8d-f033bbbb033b\" href=\"https:\/\/www.vcp.de\/pfadfinden\/wp-content\/uploads\/2023\/09\/Pressemitteilung-Staemme_Pfaditag_23.docx\">Pressemitteilung-Staemme_Pfaditag_23<\/a><a href=\"https:\/\/www.vcp.de\/pfadfinden\/wp-content\/uploads\/2023\/09\/Pressemitteilung-Staemme_Pfaditag_23.docx\" class=\"wp-block-file__button wp-element-button\" download aria-describedby=\"wp-block-file--media-ccbdd2aa-5b40-48a9-ac8d-f033bbbb033b\">Herunterladen<\/a><\/div>\n\n\n\n<div class=\"wp-block-file\"><a id=\"wp-block-file--media-7b0bfd7e-7825-4a91-b508-ee3635fd463f\" href=\"https:\/\/www.vcp.de\/pfadfinden\/wp-content\/uploads\/2023\/09\/PM-PfadiTag-KJP_angepasst.pdf\">PM-PfadiTag-KJP_angepasst<\/a><a href=\"https:\/\/www.vcp.de\/pfadfinden\/wp-content\/uploads\/2023\/09\/PM-PfadiTag-KJP_angepasst.pdf\" class=\"wp-block-file__button wp-element-button\" download aria-describedby=\"wp-block-file--media-7b0bfd7e-7825-4a91-b508-ee3635fd463f\">Herunterladen<\/a><\/div>\n\n\n\n<ul class=\"wp-block-list\">\n<li>P.S.: Aus der Pressemitteilung k\u00f6nnt ihr fix einen Nachbericht f\u00fcr eure Stammeshomepage, das Gemeindeblatt und diesen Blog machen \ud83d\ude09<\/li>\n<\/ul>\n\n\n\n<p>Viel Spa\u00df &#8211; und nicht vergessen: Zuverl\u00e4ssigkeit und Schnelligkeit sind wichtig f\u00fcr eine gute Zusammenarbeit mit der Presse! <\/p>\n\n\n\n<p>P.P.S.: Du brauchst Hilfe bei der Pressearbeit, hast Fragen oder m\u00f6chtest einen Bericht schicken? Schreib an <a href=\"mailto:redaktion@vcp.de\" target=\"_blank\" rel=\"noreferrer noopener\">redaktion@vcp.de<\/a> <\/p>\n\n\n\n<p><\/p>\n\n\n\n<p><\/p>\n","protected":false},"excerpt":{"rendered":"<p>Gesellschaft, Kirche und Politik &#8211; die wollen wir mit unserer Arbeit erreichen. Um zu zeigen, warum wir ein wichtiger Teil der Gesellschaft sind und relevante und gute Arbeit machen. Und dadurch Unterst\u00fctzer*innen zu gewinnen, damit wir noch mehr Kindern und Jugendlichen erm\u00f6glichen k\u00f6nnen, viele bereichernde Erfahrungen mit Pfadfinden sammeln zu k\u00f6nnen. Pressearbeit klingt vielleicht erstmal [&hellip;]<\/p>\n","protected":false},"author":50,"featured_media":15435,"comment_status":"closed","ping_status":"open","sticky":false,"template":"","format":"standard","meta":{"_acf_changed":false,"inline_featured_image":false,"footnotes":""},"categories":[523],"tags":[],"class_list":["post-32891","post","type-post","status-publish","format-standard","has-post-thumbnail","hentry","category-oeffentlichkeitsarbeit"],"acf":[],"_links":{"self":[{"href":"https:\/\/vcp.de\/pfadfinden\/wp-json\/wp\/v2\/posts\/32891","targetHints":{"allow":["GET"]}}],"collection":[{"href":"https:\/\/vcp.de\/pfadfinden\/wp-json\/wp\/v2\/posts"}],"about":[{"href":"https:\/\/vcp.de\/pfadfinden\/wp-json\/wp\/v2\/types\/post"}],"author":[{"embeddable":true,"href":"https:\/\/vcp.de\/pfadfinden\/wp-json\/wp\/v2\/users\/50"}],"replies":[{"embeddable":true,"href":"https:\/\/vcp.de\/pfadfinden\/wp-json\/wp\/v2\/comments?post=32891"}],"version-history":[{"count":7,"href":"https:\/\/vcp.de\/pfadfinden\/wp-json\/wp\/v2\/posts\/32891\/revisions"}],"predecessor-version":[{"id":32909,"href":"https:\/\/vcp.de\/pfadfinden\/wp-json\/wp\/v2\/posts\/32891\/revisions\/32909"}],"wp:featuredmedia":[{"embeddable":true,"href":"https:\/\/vcp.de\/pfadfinden\/wp-json\/wp\/v2\/media\/15435"}],"wp:attachment":[{"href":"https:\/\/vcp.de\/pfadfinden\/wp-json\/wp\/v2\/media?parent=32891"}],"wp:term":[{"taxonomy":"category","embeddable":true,"href":"https:\/\/vcp.de\/pfadfinden\/wp-json\/wp\/v2\/categories?post=32891"},{"taxonomy":"post_tag","embeddable":true,"href":"https:\/\/vcp.de\/pfadfinden\/wp-json\/wp\/v2\/tags?post=32891"}],"curies":[{"name":"wp","href":"https:\/\/api.w.org\/{rel}","templated":true}]}}