{"id":32752,"date":"2023-11-09T10:01:22","date_gmt":"2023-11-09T09:01:22","guid":{"rendered":"https:\/\/www.vcp.de\/pfadfinden\/?p=32752"},"modified":"2023-11-09T10:29:26","modified_gmt":"2023-11-09T09:29:26","slug":"ein-theaterstueck-ueber-identitaet-und-migration-im-menschen-muss-alles-herrlich-sein","status":"publish","type":"post","link":"https:\/\/vcp.de\/pfadfinden\/allgemein\/ein-theaterstueck-ueber-identitaet-und-migration-im-menschen-muss-alles-herrlich-sein\/","title":{"rendered":"Ein Theaterst\u00fcck \u00fcber Identit\u00e4t und Migration: &#8222;Im Menschen muss alles herrlich sein&#8220;"},"content":{"rendered":"\n<p><\/p>\n\n\n\n<p><em>von Rebecca Haugwitz<\/em><\/p>\n\n\n\n<p>Bei unserem letzten Redaktionstreffen in Hamburg hatten wir das Vergn\u00fcgen, das Theaterst\u00fcck &#8222;<a href=\"https:\/\/www.thalia-theater.de\/stueck\/im-menschen-muss-alles-herrlich-sein-2022\" target=\"_blank\" rel=\"noreferrer noopener\">Im Menschen muss alles herrlich sein<\/a>&#8220; zu besuchen. Hinter diesem Titel verbirgt sich eine Inszenierung des gleichnamigen Romans von Sasha Marianna Salzmann, eine bewegende Geschichte \u00fcber Identit\u00e4t, Migration und die Herausforderungen, die damit einhergehen.<\/p>\n\n\n\n<p>Es geht um Edi, eine angehende Journalistin in Berlin, die aus der Ukraine stammt, aber nie genau verstanden hat, was es eigentlich bedeutet, Ukrainerin zu sein. Ihre Mutter Lena verlie\u00df mit ihr in den 90er Jahren nach dem Zusammenbruch der Sowjetunion die Ukraine und landete in Jena, Deutschland. Sie musste in der Nachwendezeit in Deutschland ganz von vorne anfangen, und das, obwohl sie vorher \u00c4rztin gewesen war. \u00c4hnlich ging es Tatjana, die urspr\u00fcnglich T\u00e4nzerin war und mit ihrer Tochter Nina mittellos in Deutschland strandete. Lenas Nummer war die einzige, die sie kannte \u2013 und so wurden sie beste Freundinnen, verbunden durch ihre Geschichten. Ihre T\u00f6chter verstehen von alldem nicht viel, denn so richtig geredet wird \u00fcber die Vergangenheit nicht.<\/p>\n\n\n\n<p>Im Jahr 2017 beschlie\u00dft dann Lena, alle zusammenzubringen, um ihren 50. Geburtstag zu feiern. Dies f\u00fchrt zu einer tiefgreifenden Identit\u00e4tssuche der T\u00f6chter, die endlich verstehen wollen, warum sie alle so sind, wie sie sind. W\u00e4hrend Edi nur widerstrebend beginnt, Fragen zu stellen, hat Nina bereits jeden Kontakt abgebrochen. Doch der Gro\u00dfvater, der aus dem umk\u00e4mpften Donbass stammt, begibt sich auf den gef\u00e4hrlichen Weg nach Jena. Und wenn er es schafft, dann die beiden doch wohl auch.<\/p>\n\n\n\n<p>Das St\u00fcck k\u00f6nnte aktueller kaum sein. Es beleuchtet, wie das Leben von Menschen von der Geschichte \u00fcberrollt wurde. Wie unfair es sein kann. Und trotzdem kommt man nicht total erdr\u00fcckt aus dem Theatersaal. Ich zumindest habe mich vor allem bereichert gef\u00fchlt. Das lag auch an den Schauspieler*innen, die unglaublich authentisch gespielt haben. Und an der Musik (u.a. auch Lieder, von den Schauspieler*innen gesungen) und dem B\u00fchnenbild (ein Haufen M\u00f6bel und eine Leinwand, auf der ein bewegter Hintergrund zu sehen war), die so richtig mit dem St\u00fcck verschmolzen sind.<\/p>\n\n\n<!-- TEST -->\n<figure class=\"wp-block-image size-medium\"><a href=\"https:\/\/www.vcp.de\/pfadfinden\/wp-content\/uploads\/2023\/11\/Lilli-Burlafinger.jpeg\"><img loading=\"lazy\" decoding=\"async\" width=\"225\" height=\"300\" src=\"https:\/\/www.vcp.de\/pfadfinden\/wp-content\/uploads\/2023\/11\/Lilli-Burlafinger-225x300.jpeg\" alt=\"\" class=\"wp-image-32756\" srcset=\"https:\/\/vcp.de\/pfadfinden\/wp-content\/uploads\/2023\/11\/Lilli-Burlafinger-225x300.jpeg 225w, https:\/\/vcp.de\/pfadfinden\/wp-content\/uploads\/2023\/11\/Lilli-Burlafinger-768x1023.jpeg 768w, https:\/\/vcp.de\/pfadfinden\/wp-content\/uploads\/2023\/11\/Lilli-Burlafinger-1153x1536.jpeg 1153w, https:\/\/vcp.de\/pfadfinden\/wp-content\/uploads\/2023\/11\/Lilli-Burlafinger-1537x2048.jpeg 1537w, https:\/\/vcp.de\/pfadfinden\/wp-content\/uploads\/2023\/11\/Lilli-Burlafinger-750x999.jpeg 750w, https:\/\/vcp.de\/pfadfinden\/wp-content\/uploads\/2023\/11\/Lilli-Burlafinger.jpeg 1816w\" sizes=\"auto, (max-width: 225px) 100vw, 225px\" \/><\/a><\/figure>\n\n\n\n<p>&#8222;Im Menschen muss alles herrlich sein&#8220; hat mich dazu angeregt, mich mehr mit migrantischen und auch postmigrantischen Biografien auseinanderzusetzen, um die Menschen um mich herum etwas besser zu verstehen. Es ist definitiv ein Theaterst\u00fcck, das mir noch lange in Erinnerung bleiben wird.<\/p>\n\n\n\n<p>Thalia Theater Hamburg<\/p>\n\n\n\n<p>von Sasha Marianna Salzmann \/ B\u00fchnenfassung von Sasha Marianna Salzmann \/ In einer Bearbeitung von Hakan Sava\u015f Mican\/ Regie Hakan Sava\u015f Mican <\/p>\n\n\n\n<p>Urauff\u00fchrung 27. Oktober 2022, Thalia Gau\u00df &#8211; <em>Achtung! Wird nicht mehr lange gespielt!<\/em><\/p>\n","protected":false},"excerpt":{"rendered":"<p>von Rebecca Haugwitz Bei unserem letzten Redaktionstreffen in Hamburg hatten wir das Vergn\u00fcgen, das Theaterst\u00fcck &#8222;Im Menschen muss alles herrlich sein&#8220; zu besuchen. Hinter diesem Titel verbirgt sich eine Inszenierung des gleichnamigen Romans von Sasha Marianna Salzmann, eine bewegende Geschichte \u00fcber Identit\u00e4t, Migration und die Herausforderungen, die damit einhergehen. Es geht um Edi, eine angehende [&hellip;]<\/p>\n","protected":false},"author":52,"featured_media":32753,"comment_status":"closed","ping_status":"open","sticky":false,"template":"","format":"standard","meta":{"_acf_changed":false,"inline_featured_image":false,"footnotes":""},"categories":[1],"tags":[],"class_list":["post-32752","post","type-post","status-publish","format-standard","has-post-thumbnail","hentry","category-allgemein"],"acf":[],"_links":{"self":[{"href":"https:\/\/vcp.de\/pfadfinden\/wp-json\/wp\/v2\/posts\/32752","targetHints":{"allow":["GET"]}}],"collection":[{"href":"https:\/\/vcp.de\/pfadfinden\/wp-json\/wp\/v2\/posts"}],"about":[{"href":"https:\/\/vcp.de\/pfadfinden\/wp-json\/wp\/v2\/types\/post"}],"author":[{"embeddable":true,"href":"https:\/\/vcp.de\/pfadfinden\/wp-json\/wp\/v2\/users\/52"}],"replies":[{"embeddable":true,"href":"https:\/\/vcp.de\/pfadfinden\/wp-json\/wp\/v2\/comments?post=32752"}],"version-history":[{"count":3,"href":"https:\/\/vcp.de\/pfadfinden\/wp-json\/wp\/v2\/posts\/32752\/revisions"}],"predecessor-version":[{"id":32758,"href":"https:\/\/vcp.de\/pfadfinden\/wp-json\/wp\/v2\/posts\/32752\/revisions\/32758"}],"wp:featuredmedia":[{"embeddable":true,"href":"https:\/\/vcp.de\/pfadfinden\/wp-json\/wp\/v2\/media\/32753"}],"wp:attachment":[{"href":"https:\/\/vcp.de\/pfadfinden\/wp-json\/wp\/v2\/media?parent=32752"}],"wp:term":[{"taxonomy":"category","embeddable":true,"href":"https:\/\/vcp.de\/pfadfinden\/wp-json\/wp\/v2\/categories?post=32752"},{"taxonomy":"post_tag","embeddable":true,"href":"https:\/\/vcp.de\/pfadfinden\/wp-json\/wp\/v2\/tags?post=32752"}],"curies":[{"name":"wp","href":"https:\/\/api.w.org\/{rel}","templated":true}]}}