{"id":32738,"date":"2023-11-07T14:32:47","date_gmt":"2023-11-07T13:32:47","guid":{"rendered":"https:\/\/www.vcp.de\/pfadfinden\/?p=32738"},"modified":"2023-11-09T09:43:04","modified_gmt":"2023-11-09T08:43:04","slug":"der-bundesrat-sucht-unterstuetzung","status":"publish","type":"post","link":"https:\/\/vcp.de\/pfadfinden\/aus-dem-verband\/jobs\/der-bundesrat-sucht-unterstuetzung\/","title":{"rendered":"Der Bundesrat sucht Unterst\u00fctzung"},"content":{"rendered":"\n<p>Liebe Mitgestalter*innen in diesem wundersch\u00f6nen Verband,<\/p>\n\n\n\n<p>der Bundesrat ist auf der Suche nach Unterst\u00fctzung und daf\u00fcr brauchen wir einige von euch. Der Bundesrat gestaltet mit der Bundesleitung zusammen die inhaltliche Arbeit des VCP und besch\u00e4ftigt sich regelm\u00e4\u00dfig mit den Finanzen des VCP. Daf\u00fcr trifft sich der BR an 4 Wochenenden im Jahr (aktuell eines davon digital) und am Freitagabend vor der BV. Um das ganze vor- und nachzubereiten sowie organisatorisch und in der Moderation durchzuf\u00fchren sucht der Bundesrat einen neuen <strong>Bundesratsvorsitz<\/strong>, da die aktuelle Amtszeit von mir und Susi ausl\u00e4uft. Die Wahl findet bereits auf dem kommenden Bundesrat vom <strong>1.-3.12.23 auf der Rieneck <\/strong>statt. Wer Interesse daran hat und mehr erfahren m\u00f6chte, kann sich gerne unverbindlich bei mir melden. Der Vorsitz besteht laut Gesch\u00e4ftsordnung aus zwei Personen. Ich verkn\u00fcpfe gerne dann auch Interessenten miteinander.<\/p>\n\n\n\n<p>Zudem sucht der BR auch noch eine\/n neuen<strong> Protokollant*in.<\/strong> Diese Person wird ebenfalls auf dem kommenden Bundesrat gew\u00e4hlt. Wer also erstmal nur reinschnuppern m\u00f6chte, bevor er das Gremium leitet, ist das ein perfekter Einstieg, um sich in die Themen einzuarbeiten. Auch hier k\u00f6nnt ihr euch gerne bei mir melden unter <a href=\"mailto:melanie.hoffmann@vcp.de\" target=\"_blank\" rel=\"noreferrer noopener\">melanie.hoffmann@vcp.de<\/a>, wenn ihr Fragen zum Gremium habt.<\/p>\n\n\n\n<p>Termine 2024: 26.-28.01. digital, 19.-21.4. auf Burg Rieneck, 14.-16. Juni auf der Bundesversammlung auf Burg Rieneck, 27.-29.9. Sager Schweiz und 29.11.-1.12. auf Burg Rieneck.<\/p>\n\n\n\n<p>Voraussetzung f\u00fcr die \u00c4mter ist nat\u00fcrlich, dass ihr an den entsprechenden Wochenenden Zeit habt.<\/p>\n\n\n\n<p>Ich freue mich jetzt auf viele Kontakte von euch und hoffe den ein und anderen auf dem kommenden BR anzutreffen.<\/p>\n\n\n\n<p>Viele Gr\u00fc\u00dfe und Gut Pfad<\/p>\n\n\n\n<p>Melanie<\/p>\n","protected":false},"excerpt":{"rendered":"<p>Liebe Mitgestalter*innen in diesem wundersch\u00f6nen Verband, der Bundesrat ist auf der Suche nach Unterst\u00fctzung und daf\u00fcr brauchen wir einige von euch. Der Bundesrat gestaltet mit der Bundesleitung zusammen die inhaltliche Arbeit des VCP und besch\u00e4ftigt sich regelm\u00e4\u00dfig mit den Finanzen des VCP. Daf\u00fcr trifft sich der BR an 4 Wochenenden im Jahr (aktuell eines davon [&hellip;]<\/p>\n","protected":false},"author":52,"featured_media":14832,"comment_status":"closed","ping_status":"open","sticky":false,"template":"","format":"standard","meta":{"_acf_changed":false,"inline_featured_image":false,"footnotes":""},"categories":[237],"tags":[358,136,241],"class_list":["post-32738","post","type-post","status-publish","format-standard","has-post-thumbnail","hentry","category-jobs","tag-vcpolitisch","tag-bundesrat","tag-mitmachen"],"acf":[],"_links":{"self":[{"href":"https:\/\/vcp.de\/pfadfinden\/wp-json\/wp\/v2\/posts\/32738","targetHints":{"allow":["GET"]}}],"collection":[{"href":"https:\/\/vcp.de\/pfadfinden\/wp-json\/wp\/v2\/posts"}],"about":[{"href":"https:\/\/vcp.de\/pfadfinden\/wp-json\/wp\/v2\/types\/post"}],"author":[{"embeddable":true,"href":"https:\/\/vcp.de\/pfadfinden\/wp-json\/wp\/v2\/users\/52"}],"replies":[{"embeddable":true,"href":"https:\/\/vcp.de\/pfadfinden\/wp-json\/wp\/v2\/comments?post=32738"}],"version-history":[{"count":3,"href":"https:\/\/vcp.de\/pfadfinden\/wp-json\/wp\/v2\/posts\/32738\/revisions"}],"predecessor-version":[{"id":32750,"href":"https:\/\/vcp.de\/pfadfinden\/wp-json\/wp\/v2\/posts\/32738\/revisions\/32750"}],"wp:featuredmedia":[{"embeddable":true,"href":"https:\/\/vcp.de\/pfadfinden\/wp-json\/wp\/v2\/media\/14832"}],"wp:attachment":[{"href":"https:\/\/vcp.de\/pfadfinden\/wp-json\/wp\/v2\/media?parent=32738"}],"wp:term":[{"taxonomy":"category","embeddable":true,"href":"https:\/\/vcp.de\/pfadfinden\/wp-json\/wp\/v2\/categories?post=32738"},{"taxonomy":"post_tag","embeddable":true,"href":"https:\/\/vcp.de\/pfadfinden\/wp-json\/wp\/v2\/tags?post=32738"}],"curies":[{"name":"wp","href":"https:\/\/api.w.org\/{rel}","templated":true}]}}