{"id":32691,"date":"2023-11-02T10:29:32","date_gmt":"2023-11-02T09:29:32","guid":{"rendered":"https:\/\/www.vcp.de\/pfadfinden\/?p=32691"},"modified":"2023-11-02T10:29:33","modified_gmt":"2023-11-02T09:29:33","slug":"der-vcp-hessen-sucht-einen-staemme-gruenderin","status":"publish","type":"post","link":"https:\/\/vcp.de\/pfadfinden\/aus-dem-verband\/jobs\/der-vcp-hessen-sucht-einen-staemme-gruenderin\/","title":{"rendered":"Der VCP-Hessen sucht eine*n St\u00e4mme-Gr\u00fcnder*in"},"content":{"rendered":"\n<p>Wir wollen, dass mehr Jugendliche und Kinder Pfadfinder*in werden k\u00f6nnen und suchen daher <strong>ab dem 01.01.2024 einen*eine St\u00e4mme-Gr\u00fcnder*in in Teilzeit (Vollzeit m\u00f6glich)<\/strong><\/p>\n\n\n\n<p>Deine Aufgabe ist der Aufbau von 3-5 (oder mehr) neuen St\u00e4mmen in Hessen und \/oder die Revitalisierung von St\u00e4mmen. Du findest und unterst\u00fctzt Interessent*innen, schaffst Kontakte vor Ort und begleitest die ersten Schritte in den neuen Gruppen vor Ort. Das Projekt hat einen regionalen Schwerpunkt in Stadtn\u00e4he, dieser wird mit der\/dem Stelleninhaber*in festgelegt.<\/p>\n\n\n\n<div data-wp-interactive=\"core\/file\" class=\"wp-block-file\"><object data-wp-bind--hidden=\"!state.hasPdfPreview\" hidden class=\"wp-block-file__embed\" data=\"https:\/\/www.vcp.de\/pfadfinden\/wp-content\/uploads\/2023\/11\/Stellenausschreibung-VCP-Hessen_2.pdf\" type=\"application\/pdf\" style=\"width:100%;height:600px\" aria-label=\"Einbettung von Stellenausschreibung-VCP-Hessen_2.\"><\/object><a id=\"wp-block-file--media-bfdef244-1688-41bc-83e7-5aac9a39798e\" href=\"https:\/\/www.vcp.de\/pfadfinden\/wp-content\/uploads\/2023\/11\/Stellenausschreibung-VCP-Hessen_2.pdf\">Stellenausschreibung-VCP-Hessen_2<\/a><a href=\"https:\/\/www.vcp.de\/pfadfinden\/wp-content\/uploads\/2023\/11\/Stellenausschreibung-VCP-Hessen_2.pdf\" class=\"wp-block-file__button wp-element-button\" download aria-describedby=\"wp-block-file--media-bfdef244-1688-41bc-83e7-5aac9a39798e\">Herunterladen<\/a><\/div>\n","protected":false},"excerpt":{"rendered":"<p>Wir wollen, dass mehr Jugendliche und Kinder Pfadfinder*in werden k\u00f6nnen und suchen daher ab dem 01.01.2024 einen*eine St\u00e4mme-Gr\u00fcnder*in in Teilzeit (Vollzeit m\u00f6glich) Deine Aufgabe ist der Aufbau von 3-5 (oder mehr) neuen St\u00e4mmen in Hessen und \/oder die Revitalisierung von St\u00e4mmen. Du findest und unterst\u00fctzt Interessent*innen, schaffst Kontakte vor Ort und begleitest die ersten Schritte [&hellip;]<\/p>\n","protected":false},"author":52,"featured_media":26227,"comment_status":"closed","ping_status":"open","sticky":false,"template":"","format":"standard","meta":{"_acf_changed":false,"inline_featured_image":false,"footnotes":""},"categories":[237],"tags":[],"class_list":["post-32691","post","type-post","status-publish","format-standard","has-post-thumbnail","hentry","category-jobs"],"acf":[],"_links":{"self":[{"href":"https:\/\/vcp.de\/pfadfinden\/wp-json\/wp\/v2\/posts\/32691","targetHints":{"allow":["GET"]}}],"collection":[{"href":"https:\/\/vcp.de\/pfadfinden\/wp-json\/wp\/v2\/posts"}],"about":[{"href":"https:\/\/vcp.de\/pfadfinden\/wp-json\/wp\/v2\/types\/post"}],"author":[{"embeddable":true,"href":"https:\/\/vcp.de\/pfadfinden\/wp-json\/wp\/v2\/users\/52"}],"replies":[{"embeddable":true,"href":"https:\/\/vcp.de\/pfadfinden\/wp-json\/wp\/v2\/comments?post=32691"}],"version-history":[{"count":1,"href":"https:\/\/vcp.de\/pfadfinden\/wp-json\/wp\/v2\/posts\/32691\/revisions"}],"predecessor-version":[{"id":32694,"href":"https:\/\/vcp.de\/pfadfinden\/wp-json\/wp\/v2\/posts\/32691\/revisions\/32694"}],"wp:featuredmedia":[{"embeddable":true,"href":"https:\/\/vcp.de\/pfadfinden\/wp-json\/wp\/v2\/media\/26227"}],"wp:attachment":[{"href":"https:\/\/vcp.de\/pfadfinden\/wp-json\/wp\/v2\/media?parent=32691"}],"wp:term":[{"taxonomy":"category","embeddable":true,"href":"https:\/\/vcp.de\/pfadfinden\/wp-json\/wp\/v2\/categories?post=32691"},{"taxonomy":"post_tag","embeddable":true,"href":"https:\/\/vcp.de\/pfadfinden\/wp-json\/wp\/v2\/tags?post=32691"}],"curies":[{"name":"wp","href":"https:\/\/api.w.org\/{rel}","templated":true}]}}