{"id":32543,"date":"2023-10-25T13:46:30","date_gmt":"2023-10-25T11:46:30","guid":{"rendered":"https:\/\/www.vcp.de\/pfadfinden\/?p=32543"},"modified":"2023-10-25T13:46:31","modified_gmt":"2023-10-25T11:46:31","slug":"ausschreibung-ag-friedenslicht","status":"publish","type":"post","link":"https:\/\/vcp.de\/pfadfinden\/friedenslicht\/ausschreibung-ag-friedenslicht\/","title":{"rendered":"Ausschreibung AG Friedenslicht"},"content":{"rendered":"\n<p><strong>Du\u2026<\/strong><\/p>\n\n\n\n<p>\u2026 interessierst dich f\u00fcr die Aktion Friedenslicht<\/p>\n\n\n\n<p>\u2026 bist kreativ und m\u00f6chtest dies in deinem Pfadi-Sein ausleben<\/p>\n\n\n\n<p>\u2026 hast Spa\u00df am Planen von Fahrten<\/p>\n\n\n\n<p>Dann werde Teil der AG Friedenslicht!<\/p>\n\n\n\n<p><strong>Gemeinsam mit deinen AG-Mitstreiter*innen hast du folgende Aufgaben:<\/strong><\/p>\n\n\n\n<ul class=\"wp-block-list\">\n<li>Festlegung des j\u00e4hrlichen Mottos und Begleittextes<\/li>\n\n\n\n<li>Mitwirken bei der Erstellung des Friedenslichtplakates<\/li>\n\n\n\n<li>Erstellung weiterer Materialien zum Friedenslicht, z. B. Arbeitshilfe, Aufn\u00e4her, Flyer<\/li>\n\n\n\n<li>Vorbereitung, Organisation und Durchf\u00fchrung der Delegationsfahrt nach \u00d6sterreich<\/li>\n\n\n\n<li>Organisation des Lichttransports nach Deutschland und die Verteilung in die Regionen<\/li>\n\n\n\n<li>Betreuung der Homepage und der Social Media-Kan\u00e4le der Aktion Friedenslicht<\/li>\n<\/ul>\n\n\n\n<p><strong>Was erwartet dich:<\/strong><\/p>\n\n\n\n<ul class=\"wp-block-list\">\n<li>Eine spannende Aufgabe im rdp, die den rdp nach au\u00dfen repr\u00e4sentiert<\/li>\n\n\n\n<li>Regelm\u00e4\u00dfiger Austausch mit dem Vorstand und Berichten zu den Ringversammlungen<\/li>\n\n\n\n<li>Du arbeitest mit viel Gestaltungsspielraum<\/li>\n\n\n\n<li>Ein vielf\u00e4ltiges Team aus Pfadfinder*innen der Mitgliedsverb\u00e4nde und dem VDAPG<\/li>\n<\/ul>\n\n\n\n<p><strong>Voraussetzungen:<\/strong><\/p>\n\n\n\n<ul class=\"wp-block-list\">\n<li>Mitglied in einem der Verb\u00e4nde BdP, BMPPD, DPSG, PSG und VCP<\/li>\n\n\n\n<li>Lust auf die Zusammenarbeit mit dem Ringvorstand<\/li>\n\n\n\n<li>Gute organisatorische und kommunikative F\u00e4higkeiten<\/li>\n\n\n\n<li>Ziel- und l\u00f6sungsorientiertes Arbeiten<\/li>\n\n\n\n<li>Zeit f\u00fcr regelm\u00e4\u00dfige digitale Zusammenarbeit, ein Pr\u00e4senz-Vorbereitungstreffen im Jahr<\/li>\n<\/ul>\n\n\n\n<p><strong>Zeitlicher Rahmen der Beauftragung:<\/strong><\/p>\n\n\n\n<p>Ab Januar 2024 \u2013 Dezember 2025 (danach l\u00e4uft der 3-j\u00e4hrige Wahlturnus im rdp aus; eine Wiederbewerbung ist m\u00f6glich).<\/p>\n\n\n\n<p><strong>Interesse?<\/strong><\/p>\n\n\n\n<p>Dann schreibe uns eine kurze Mail mit deiner Motivation bis zum 15.11.2023 an <a href=\"mailto:vorstand@rdp-bund.de\">vorstand@rdp-bund.de<\/a><\/p>\n\n\n\n<p>Alle Informationen rund um die Friedenslicht-Aktion findest du <a href=\"https:\/\/www.friedenslicht.de\/\" target=\"_blank\" rel=\"noreferrer noopener\">hier<\/a>.<\/p>\n","protected":false},"excerpt":{"rendered":"<p>Du\u2026 \u2026 interessierst dich f\u00fcr die Aktion Friedenslicht \u2026 bist kreativ und m\u00f6chtest dies in deinem Pfadi-Sein ausleben \u2026 hast Spa\u00df am Planen von Fahrten Dann werde Teil der AG Friedenslicht! Gemeinsam mit deinen AG-Mitstreiter*innen hast du folgende Aufgaben: Was erwartet dich: Voraussetzungen: Zeitlicher Rahmen der Beauftragung: Ab Januar 2024 \u2013 Dezember 2025 (danach l\u00e4uft [&hellip;]<\/p>\n","protected":false},"author":52,"featured_media":19756,"comment_status":"closed","ping_status":"open","sticky":false,"template":"","format":"standard","meta":{"_acf_changed":false,"inline_featured_image":false,"footnotes":""},"categories":[94],"tags":[],"class_list":["post-32543","post","type-post","status-publish","format-standard","has-post-thumbnail","hentry","category-friedenslicht"],"acf":[],"_links":{"self":[{"href":"https:\/\/vcp.de\/pfadfinden\/wp-json\/wp\/v2\/posts\/32543","targetHints":{"allow":["GET"]}}],"collection":[{"href":"https:\/\/vcp.de\/pfadfinden\/wp-json\/wp\/v2\/posts"}],"about":[{"href":"https:\/\/vcp.de\/pfadfinden\/wp-json\/wp\/v2\/types\/post"}],"author":[{"embeddable":true,"href":"https:\/\/vcp.de\/pfadfinden\/wp-json\/wp\/v2\/users\/52"}],"replies":[{"embeddable":true,"href":"https:\/\/vcp.de\/pfadfinden\/wp-json\/wp\/v2\/comments?post=32543"}],"version-history":[{"count":1,"href":"https:\/\/vcp.de\/pfadfinden\/wp-json\/wp\/v2\/posts\/32543\/revisions"}],"predecessor-version":[{"id":32544,"href":"https:\/\/vcp.de\/pfadfinden\/wp-json\/wp\/v2\/posts\/32543\/revisions\/32544"}],"wp:featuredmedia":[{"embeddable":true,"href":"https:\/\/vcp.de\/pfadfinden\/wp-json\/wp\/v2\/media\/19756"}],"wp:attachment":[{"href":"https:\/\/vcp.de\/pfadfinden\/wp-json\/wp\/v2\/media?parent=32543"}],"wp:term":[{"taxonomy":"category","embeddable":true,"href":"https:\/\/vcp.de\/pfadfinden\/wp-json\/wp\/v2\/categories?post=32543"},{"taxonomy":"post_tag","embeddable":true,"href":"https:\/\/vcp.de\/pfadfinden\/wp-json\/wp\/v2\/tags?post=32543"}],"curies":[{"name":"wp","href":"https:\/\/api.w.org\/{rel}","templated":true}]}}