{"id":32529,"date":"2023-10-31T12:44:00","date_gmt":"2023-10-31T11:44:00","guid":{"rendered":"https:\/\/www.vcp.de\/pfadfinden\/?p=32529"},"modified":"2024-04-02T11:59:17","modified_gmt":"2024-04-02T09:59:17","slug":"fahrtentipp-sinnsuche","status":"publish","type":"post","link":"https:\/\/vcp.de\/pfadfinden\/allgemein\/fahrtentipp-sinnsuche\/","title":{"rendered":"Fahrtentipp: Sinnsuche"},"content":{"rendered":"\n<h2 class=\"wp-block-heading\">Auf der Suche nach der Sinn<\/h2>\n\n\n\n<p>Den Sinn suchen kann man wohl immer und \u00fcberall &#8211; aber habt ihr auch schon einmal die Sinn gesucht? Die Sinn ist der gr\u00f6\u00dfte Nebenfluss der Fr\u00e4nkischen Saale, sie entspringt in der Rh\u00f6n und m\u00fcndet in der fr\u00e4nkischen Saale. Auf 69 Kilometern schl\u00e4ngelt sie sich durch das beschauliche Sinntal &#8211; das Tal verdankt dem Fluss auch seinen Namen.<\/p>\n\n\n\n<p>In der Region k\u00f6nnt ihr wunderbar wandern gehen, verwunschene T\u00e4ler finden und gro\u00dfe Waldgebiete. An manchen Stellen pl\u00e4tschert die Sinn ganz ruhig dahin, an anderen besticht sie mit richtigen Stromschnellen.<\/p>\n\n\n\n<p>Und wisst ihr, was auch im Sinntal liegt? Burg Rieneck, unser Bundeszentrum! Vom dicken Turm aus k\u00f6nnt ihr die Sinn schon ersp\u00e4hen &#8211; wie ein blaues Band teilt sie Rieneck in Altstadt und Neustadt. Wobei die Neustadt nicht wirklich so hei\u00dft, dieser Teil des Ortes wird Schellhof genannt.<\/p>\n\n\n\n<p>Seit Kurzem gibt es in Rieneck sogar eine offizielle Badestelle gleich an der Sinn &#8211; das Beste daran? In nur zehn Minuten seid ihr an dem breiten Sandstrand und k\u00f6nnt durch das seichte Wasser der Sinn waten. Daf\u00fcr geht ihr einfach den Burgberg runter und folgt der Stra\u00dfe bis zum Sportplatz. Kurz unterhalb der Umgehungsstra\u00dfe befindet sich der Strand direkt an der Sinn. B\u00e4nke laden zum Verweilen ein.<\/p>\n\n\n<!-- TEST -->\n<figure class=\"wp-block-image size-medium is-style-default\"><a href=\"https:\/\/www.vcp.de\/pfadfinden\/wp-content\/uploads\/2023\/10\/Sinn-Rica-Roesner-2-1.jpeg\"><img loading=\"lazy\" decoding=\"async\" width=\"300\" height=\"225\" src=\"https:\/\/www.vcp.de\/pfadfinden\/wp-content\/uploads\/2023\/10\/Sinn-Rica-Roesner-2-1-300x225.jpeg\" alt=\"\" class=\"wp-image-32656\" srcset=\"https:\/\/vcp.de\/pfadfinden\/wp-content\/uploads\/2023\/10\/Sinn-Rica-Roesner-2-1-300x225.jpeg 300w, https:\/\/vcp.de\/pfadfinden\/wp-content\/uploads\/2023\/10\/Sinn-Rica-Roesner-2-1-1024x768.jpeg 1024w, https:\/\/vcp.de\/pfadfinden\/wp-content\/uploads\/2023\/10\/Sinn-Rica-Roesner-2-1-768x576.jpeg 768w, https:\/\/vcp.de\/pfadfinden\/wp-content\/uploads\/2023\/10\/Sinn-Rica-Roesner-2-1-1536x1152.jpeg 1536w, https:\/\/vcp.de\/pfadfinden\/wp-content\/uploads\/2023\/10\/Sinn-Rica-Roesner-2-1-750x563.jpeg 750w, https:\/\/vcp.de\/pfadfinden\/wp-content\/uploads\/2023\/10\/Sinn-Rica-Roesner-2-1.jpeg 2048w\" sizes=\"auto, (max-width: 300px) 100vw, 300px\" \/><\/a><\/figure>\n\n\n\n<p>Kleiner Profitipp: Macht am besten vorher noch einen Abstecher beim Caf\u00e9 Klein &amp; Fein, um euch leckeren Kuchen zu kaufen und veranstaltet ein kleines Picknick. Und wer wei\u00df, vielleicht findet ihr im Sinntal ja nicht nur die Sinn, sondern auch den Sinn.<\/p>\n\n\n\n<p><em>von Rica R\u00f6sner<\/em><\/p>\n","protected":false},"excerpt":{"rendered":"<p>Auf der Suche nach der Sinn Den Sinn suchen kann man wohl immer und \u00fcberall &#8211; aber habt ihr auch schon einmal die Sinn gesucht? Die Sinn ist der gr\u00f6\u00dfte Nebenfluss der Fr\u00e4nkischen Saale, sie entspringt in der Rh\u00f6n und m\u00fcndet in der fr\u00e4nkischen Saale. Auf 69 Kilometern schl\u00e4ngelt sie sich durch das beschauliche Sinntal [&hellip;]<\/p>\n","protected":false},"author":52,"featured_media":32655,"comment_status":"closed","ping_status":"open","sticky":false,"template":"","format":"standard","meta":{"_acf_changed":false,"inline_featured_image":false,"footnotes":""},"categories":[1,419],"tags":[292,281,241],"class_list":["post-32529","post","type-post","status-publish","format-standard","has-post-thumbnail","hentry","category-allgemein","category-auf-neuem-pfad","tag-burg-rieneck","tag-fahrtentipp","tag-mitmachen"],"acf":[],"_links":{"self":[{"href":"https:\/\/vcp.de\/pfadfinden\/wp-json\/wp\/v2\/posts\/32529","targetHints":{"allow":["GET"]}}],"collection":[{"href":"https:\/\/vcp.de\/pfadfinden\/wp-json\/wp\/v2\/posts"}],"about":[{"href":"https:\/\/vcp.de\/pfadfinden\/wp-json\/wp\/v2\/types\/post"}],"author":[{"embeddable":true,"href":"https:\/\/vcp.de\/pfadfinden\/wp-json\/wp\/v2\/users\/52"}],"replies":[{"embeddable":true,"href":"https:\/\/vcp.de\/pfadfinden\/wp-json\/wp\/v2\/comments?post=32529"}],"version-history":[{"count":3,"href":"https:\/\/vcp.de\/pfadfinden\/wp-json\/wp\/v2\/posts\/32529\/revisions"}],"predecessor-version":[{"id":34832,"href":"https:\/\/vcp.de\/pfadfinden\/wp-json\/wp\/v2\/posts\/32529\/revisions\/34832"}],"wp:featuredmedia":[{"embeddable":true,"href":"https:\/\/vcp.de\/pfadfinden\/wp-json\/wp\/v2\/media\/32655"}],"wp:attachment":[{"href":"https:\/\/vcp.de\/pfadfinden\/wp-json\/wp\/v2\/media?parent=32529"}],"wp:term":[{"taxonomy":"category","embeddable":true,"href":"https:\/\/vcp.de\/pfadfinden\/wp-json\/wp\/v2\/categories?post=32529"},{"taxonomy":"post_tag","embeddable":true,"href":"https:\/\/vcp.de\/pfadfinden\/wp-json\/wp\/v2\/tags?post=32529"}],"curies":[{"name":"wp","href":"https:\/\/api.w.org\/{rel}","templated":true}]}}