{"id":32367,"date":"2023-10-09T12:52:18","date_gmt":"2023-10-09T10:52:18","guid":{"rendered":"https:\/\/www.vcp.de\/pfadfinden\/?p=32367"},"modified":"2023-10-09T12:52:19","modified_gmt":"2023-10-09T10:52:19","slug":"nachruf-elisabeth-schwedhelm","status":"publish","type":"post","link":"https:\/\/vcp.de\/pfadfinden\/aus-dem-verband\/gedenken\/nachruf-elisabeth-schwedhelm\/","title":{"rendered":"Nachruf Elisabeth Schwedhelm"},"content":{"rendered":"\n<p><strong>Abschiednehmen ist ein sich erinnern.<\/strong><\/p>\n\n\n\n<p>Am 22.5.23 wurde Elisabeth Schwedhelm, fast 96-J\u00e4hrig, in Hannover beerdigt. Einige von uns \u00c4lteren werden sich noch an sie und ihr vielf\u00e4ltiges Engagement im W\u00fcrttemberger EMP erinnern.<\/p>\n\n\n\n<p>Elisabeth Schwedhelm kam schon fr\u00fch mit der Pfadfinderarbeit in Ber\u00fchrung, nicht nur von ihrem Bruder erfuhr sie manches \u00fcber die Pfadfinderarbeit, vor allem in der Zeit ihrer Ausbildung im Burkhardtshaus als Gemeindehelferin (heute Diakonin) in Gelnhausen.<br>Bevor sie nach Stuttgart kam, war sie u.a. 5 Jahre Landessekret\u00e4rin (heute: Bildungsreferentin) f\u00fcr die Pfadfinderinnenarbeit in der Hannoverschen Landeskirche und von 1962 -1966, zur\u00fcck in Gelnhausen, stand sie der damaligen Bundesmeisterin Marianne Maus als Bundesreferentin zur Seite.<br>Pfarrer Traugott Scheytt, damaliger Leiter des ev. M\u00e4dchenwerks in Stuttgart, bat sie anl\u00e4sslich einer Konferenz in Gelnhausen, doch als EMP-Referentin nach Stuttgart zu kommen.<\/p>\n\n\n\n<p>Sie sagte zu und kam 1967 als EMP-Landesmeisterin zu uns ins L\u00e4ndle. Ihr zur Seite stand ein VW K\u00e4fer, der sie verl\u00e4sslich zu den Gruppen im L\u00e4ndle brachte.<br>Sie war f\u00fcr uns EMP\u2019lerinnen etwas Einmaliges, jemand dem die Pfadfinderarbeit und die M\u00e4dchen am Herzen lag.<br>Gruppenarbeit am Ort, na klar, aber da gab es noch einen Tellerrand, \u00fcber den man hinausblicken konnte. Jedes M\u00e4dchen entsprechend ihrer Gaben, ihrer Interessen und M\u00f6glichkeiten, verstand sie uns EMPlerinnen zu begeistern. Kunst, Kultur andere L\u00e4nder, andere Arbeitsweisen, nicht stehenbleiben, sondern immer neugierig auf Neues zu sein. Und dies auch auszuprobieren.<br>Ganz wichtig war ihr zu vermitteln, dass M\u00e4dchen und Frauen selbst\u00e4ndig und wirtschaftlich unabh\u00e4ngig sein und auch einen eigenen Beruf haben sollten.<\/p>\n\n\n\n<p>R\u00fcckblickend war es zu dieser Zeit kein selbstverst\u00e4ndliches Thema, da damals noch viele der EMPlerinnen einfach weggeheiratet wurden und damit die aktive Arbeit beendet wurde.<\/p>\n\n\n\n<p>Noch heute erinnern wir alte EMPlerinen uns an Schulungen in der Danneckerstra\u00dfe. Und nat\u00fcrlich an Auslandslager in Holland und Schweden, an das Bundeslager im Sachsenhain und an Lager auf dem Schachen. Immer dabei unsere braunen Hauszelte.<\/p>\n\n\n\n<p>Nicht einfach wurde ihre Arbeit in der Zeit des Umbruchs, als die CP 1969 einseitig beschlossen hat, koedukative Arbeit zu machen, ohne die EMP mit einzubeziehen, obwohl diese Thematik bei der Bundes-EMP auch schon besprochen wurde. Nat\u00fcrlich wollten und konnten wir das nicht einfach so hinnehmen. Wenn ihr Koedukation haben wollt, dann mit uns und mit unseren Vorstellungen.<\/p>\n\n\n\n<p>Viele lange, intensive und auch harte Diskussionen waren die Folge. Elisabeth Schwedhelm, unterst\u00fctzt von Herta Leistner, damals ihre Sekret\u00e4rin, und der Landesrat der EMP in W\u00fcrttemberg setzten sich daf\u00fcr ein, dass wichtige Inhalte ihrer mehrmaligen \u00fcberarbeitenden und somit zeitgem\u00e4\u00dfen Bundesordnung sich in der neuen Ordnung auch wiederfanden.<\/p>\n\n\n\n<p>Ein Satz von Uli N\u00fcbel am Ende der Fusionsverhandlungen beschreibt es treffend: \u201eIhr wart starke Frauen &#8211; das hat uns gewundert\u201c<\/p>\n\n\n\n<p>1970 erhielt Elisabeth ein Angebot aus N\u00fcrnberg, dort die Familienarbeit mitaufzubauen. Sie nahm dieses Angebot an.<\/p>\n\n\n\n<p>Uns bleiben die Erinnerungen an eine EMP-Pers\u00f6nlichkeit, die auch als \u201eReigschmeckte\u201c hier in W\u00fcrttemberg mit Leidenschaft, Hartn\u00e4ckigkeit, und Herzblut viel f\u00fcr die EMP-M\u00e4dchen geleistet hat. Daf\u00fcr danken wir ihr noch heute.<\/p>\n\n\n<!-- TEST -->\n<figure class=\"wp-block-image size-full\"><a href=\"https:\/\/www.vcp.de\/pfadfinden\/wp-content\/uploads\/2023\/10\/schwedi_1.jpg\"><img loading=\"lazy\" decoding=\"async\" width=\"773\" height=\"508\" src=\"https:\/\/www.vcp.de\/pfadfinden\/wp-content\/uploads\/2023\/10\/schwedi_1.jpg\" alt=\"\" class=\"wp-image-32369\" srcset=\"https:\/\/vcp.de\/pfadfinden\/wp-content\/uploads\/2023\/10\/schwedi_1.jpg 773w, https:\/\/vcp.de\/pfadfinden\/wp-content\/uploads\/2023\/10\/schwedi_1-300x197.jpg 300w, https:\/\/vcp.de\/pfadfinden\/wp-content\/uploads\/2023\/10\/schwedi_1-768x505.jpg 768w, https:\/\/vcp.de\/pfadfinden\/wp-content\/uploads\/2023\/10\/schwedi_1-750x493.jpg 750w\" sizes=\"auto, (max-width: 773px) 100vw, 773px\" \/><\/a><\/figure>\n\n\n\n<p>\u00a0\u00a0\u00a0\u00a0\u00a0\u00a0\u00a0\u00a0\u00a0\u00a0\u00a0\u00a0\u00a0\u00a0\u00a0\u00a0\u00a0\u00a0\u00a0\u00a0\u00a0\u00a0\u00a0\u00a0\u00a0\u00a0\u00a0\u00a0\u00a0\u00a0\u00a0\u00a0\u00a0\u00a0\u00a0\u00a0\u00a0\u00a0\u00a0\u00a0\u00a0\u00a0\u00a0\u00a0\u00a0\u00a0\u00a0\u00a0\u00a0\u00a0\u00a0\u00a0\u00a0\u00a0\u00a0\u00a0\u00a0\u00a0\u00a0\u00a0\u00a0<\/p>\n\n\n\n<div data-wp-interactive=\"core\/file\" class=\"wp-block-file\"><object data-wp-bind--hidden=\"!state.hasPdfPreview\" hidden class=\"wp-block-file__embed\" data=\"https:\/\/www.vcp.de\/pfadfinden\/wp-content\/uploads\/2023\/10\/Traueranzeige-Elisabeth-Schwedhelm.pdf\" type=\"application\/pdf\" style=\"width:100%;height:600px\" aria-label=\"Einbettung von Traueranzeige-Elisabeth-Schwedhelm.\"><\/object><a id=\"wp-block-file--media-cb4a1722-054d-461c-adcb-396fc0bdaa26\" href=\"https:\/\/www.vcp.de\/pfadfinden\/wp-content\/uploads\/2023\/10\/Traueranzeige-Elisabeth-Schwedhelm.pdf\">Traueranzeige-Elisabeth-Schwedhelm<\/a><a href=\"https:\/\/www.vcp.de\/pfadfinden\/wp-content\/uploads\/2023\/10\/Traueranzeige-Elisabeth-Schwedhelm.pdf\" class=\"wp-block-file__button wp-element-button\" download aria-describedby=\"wp-block-file--media-cb4a1722-054d-461c-adcb-396fc0bdaa26\">Herunterladen<\/a><\/div>\n","protected":false},"excerpt":{"rendered":"<p>Abschiednehmen ist ein sich erinnern. Am 22.5.23 wurde Elisabeth Schwedhelm, fast 96-J\u00e4hrig, in Hannover beerdigt. Einige von uns \u00c4lteren werden sich noch an sie und ihr vielf\u00e4ltiges Engagement im W\u00fcrttemberger EMP erinnern. Elisabeth Schwedhelm kam schon fr\u00fch mit der Pfadfinderarbeit in Ber\u00fchrung, nicht nur von ihrem Bruder erfuhr sie manches \u00fcber die Pfadfinderarbeit, vor allem [&hellip;]<\/p>\n","protected":false},"author":52,"featured_media":32368,"comment_status":"closed","ping_status":"open","sticky":false,"template":"","format":"standard","meta":{"_acf_changed":false,"inline_featured_image":false,"footnotes":""},"categories":[208],"tags":[],"class_list":["post-32367","post","type-post","status-publish","format-standard","has-post-thumbnail","hentry","category-gedenken"],"acf":[],"_links":{"self":[{"href":"https:\/\/vcp.de\/pfadfinden\/wp-json\/wp\/v2\/posts\/32367","targetHints":{"allow":["GET"]}}],"collection":[{"href":"https:\/\/vcp.de\/pfadfinden\/wp-json\/wp\/v2\/posts"}],"about":[{"href":"https:\/\/vcp.de\/pfadfinden\/wp-json\/wp\/v2\/types\/post"}],"author":[{"embeddable":true,"href":"https:\/\/vcp.de\/pfadfinden\/wp-json\/wp\/v2\/users\/52"}],"replies":[{"embeddable":true,"href":"https:\/\/vcp.de\/pfadfinden\/wp-json\/wp\/v2\/comments?post=32367"}],"version-history":[{"count":1,"href":"https:\/\/vcp.de\/pfadfinden\/wp-json\/wp\/v2\/posts\/32367\/revisions"}],"predecessor-version":[{"id":32371,"href":"https:\/\/vcp.de\/pfadfinden\/wp-json\/wp\/v2\/posts\/32367\/revisions\/32371"}],"wp:featuredmedia":[{"embeddable":true,"href":"https:\/\/vcp.de\/pfadfinden\/wp-json\/wp\/v2\/media\/32368"}],"wp:attachment":[{"href":"https:\/\/vcp.de\/pfadfinden\/wp-json\/wp\/v2\/media?parent=32367"}],"wp:term":[{"taxonomy":"category","embeddable":true,"href":"https:\/\/vcp.de\/pfadfinden\/wp-json\/wp\/v2\/categories?post=32367"},{"taxonomy":"post_tag","embeddable":true,"href":"https:\/\/vcp.de\/pfadfinden\/wp-json\/wp\/v2\/tags?post=32367"}],"curies":[{"name":"wp","href":"https:\/\/api.w.org\/{rel}","templated":true}]}}