{"id":32231,"date":"2023-09-18T11:49:42","date_gmt":"2023-09-18T09:49:42","guid":{"rendered":"https:\/\/www.vcp.de\/pfadfinden\/?p=32231"},"modified":"2023-09-18T12:11:25","modified_gmt":"2023-09-18T10:11:25","slug":"bericht-ueber-50plus-in-neudietendorf-vom-8-9-bis-10-9-23","status":"publish","type":"post","link":"https:\/\/vcp.de\/pfadfinden\/allgemein\/bericht-ueber-50plus-in-neudietendorf-vom-8-9-bis-10-9-23\/","title":{"rendered":"Bericht \u00fcber 50plus in Neudietendorf vom 08.09. bis 10.09.23"},"content":{"rendered":"\n<p>Zur Begr\u00fc\u00dfungsrunde trafen wir uns wie immer in der vertrauten Umgebung des Chorsaales, in einer beachtlichen Runde von ca. 55 Personen. Nach einigen Regularien konnten wir uns erstmal st\u00e4rken, denn es ging zum Abendbrot mit warmen und kalten Gerichten. Nach dem Abendessen wurde uns die Referentin zum Thema &#8211; RESILIENZ &#8211; vorgestellt, Frau Helene Hucho. Sie gab uns einen kurzen Einblick in das Thema, das wir am Samstagmorgen bearbeiten sollten, so konnten wir uns schon einmal gedanklich damit besch\u00e4ftigen.<\/p>\n\n\n\n<p>Anschlie\u00dfend begr\u00fc\u00dfte uns die Abordnung der Bundesleitung des VCP, flip Keil vom Vorstand und Phil als Zust\u00e4ndiger f\u00fcr das Referat St\u00e4mme. Wir h\u00f6rten Berichte aus verschiedenen Fachgruppen des VCP, so z.B. vom PfadiTag als Element der Wachstums-Strategie. Der VCP ist leider auch ein T\u00e4terverband. Die Aufarbeitung im VCP wird mit wissenschaftlicher Begleitung erfolgen. Gleichzeitig wird durch eine fakultative externe Anlaufstelle Strukturen f\u00fcr einen guten und professionellen Umgang mit Betroffenen geschaffen.<\/p>\n\n\n\n<p>Bei dem Jubil\u00e4umsgottesdienst zu 50 Jahre VCP auf dem Kirchentag in N\u00fcrnberg waren unter den 300 Teilnehmenden viele Jubilare mit ebensolcher Mitgliedschaft dabei. W\u00e4hrend der Abendandacht wurden die Namen der verstorbenen Freund*innen des letzten Jahres verlesen und ihrer gedacht.&nbsp;Zum Abschluss sangen wir \u2013 Abend ward bald kommt die Nacht \u2013 Die Unerm\u00fcdlichen lie\u00dfen den Abend bei gem\u00fctlichen Gespr\u00e4chen, Erz\u00e4hlungen \u00fcber das vergangene Jahr und den beliebten Getr\u00e4nken Bier, Wein und Wasser ausklingen, wobei die Reihenfolge rein zuf\u00e4llig ist.<\/p>\n\n\n\n<p>Nach erfrischendem Schlaf wurden wir, fast schon traditionell, durch aufmunternden Bl\u00e4serklang von Monika, Andreas und Michael geweckt. Dann springt man gerne aus dem Bett und freut sich auf den neuen Tag. Von einem guten Fr\u00fchst\u00fcck gest\u00e4rkt trafen wir uns zur Morgenandacht. Es ist immer wieder sch\u00f6n, in einer vertrauten Runde eine Andacht zu halten. Anschlie\u00dfend wurde uns eine Baumpflanzaktion des Stammes \u201aDrei Gleichen\u2018 in Neudietendorf vorgestellt, dabei wurde um Spenden f\u00fcr diese Aktion gebeten, die alte Obstbaumsorten erhalten will.<\/p>\n\n\n\n<p>Dann trat Frau Helene Hucho auf den Plan, die ihr Seminar bereits gut vorbereitet hatte. Zu ihrem Vortrag hatte sie erl\u00e4uterndes, stimulierendes Bildmaterial vorbereitet, das von ihrem Laptop \u00fcber einen Beamer auf eine gro\u00dfe Leinwand geworfen wurde. Dazu erl\u00e4uterte sie einige Schlagworte wie&nbsp; \u201ementale Resilienz, seelische-, k\u00f6rperliche -, emotionale Resilienz\u201c.<\/p>\n\n\n\n<p>Anschlie\u00dfend wurden wir f\u00fcr 30 Minuten in 7&nbsp; Gruppen eingeteilt, in denen wir durch Gespr\u00e4ch und Erz\u00e4hlungen Beispiele f\u00fcr Resilienz erarbeiten und aufschreiben sollten. Diese erarbeiteten Fallbeispiele wurden uns anschlie\u00dfend wieder im gro\u00dfen Kreis vorgestellt. Helene erl\u00e4uterte uns die unterschiedlichen Reaktionen und Verhaltensbeispiele zu den einzelnen F\u00e4llen. Was gut funktionieren kann und was eher nicht. In einer zweiten Gruppenarbeit mussten wir L\u00f6sungsm\u00f6glichkeiten vorschlagen und erarbeiten. Auch dieses wurde dann wieder im gro\u00dfen Kreis diskutiert. Dazu zeigte uns Helene mehrere L\u00f6sungsm\u00f6glichkeiten und eventuelle dadurch hervorgerufene Folgen auf. Das Resumee des Resilienz Coachings am Sonntagmorgen war, dass das Coaching sehr interessant und aufschlussreich war und es als \u00fcberwiegend positiv empfunden wurde. Das Geld f\u00fcr das Honorar von Helene Hucho sei wertvoll eingesetzt worden.<\/p>\n\n\n\n<p>Nach dem Mittagessen fuhren wir mit dem Zug nach Gotha. Vom Bahnhof gingen wir durch den riesigen Schlo\u00dfpark, der als erster Englischer Landschaftspark in Europa gilt.&nbsp; Michael hatte f\u00fcr uns eine F\u00fchrung mit einem Stadtf\u00fchrer vereinbart, der uns wunderbar die geschichtlichen Hintergr\u00fcnde erkl\u00e4rte. Allerdings konnte ich das meiste nicht behalten, nur soviel, dass das Herrschaftshaus Gotha mit allen Europ\u00e4ischen K\u00f6nigsh\u00e4usern verwandt oder verschw\u00e4gert war. Der zweist\u00fcndige Spaziergang hatte bei uns Appetit auf Eis oder \u00e4hnliche Erfrischungen geweckt und so setzten wir uns am Markt in ein Eiskaffee, das an diesem Nachmittag bestimmt nicht mehr mit so einem guten Umsatz gerechnet hatte. P\u00fcnktlich zum Abendbrot waren wir wieder im Zinzendorfhaus. Anschlie\u00dfend trafen wir uns&nbsp; zum Abend der Begegnung, zur Diskussion und zum Singen in gro\u00dfer Runde im Saal. Dabei stellte Norbert auch die vielf\u00e4ltige Arbeit der Stiftung vor. Nach der Abendandacht strebten einige Singem\u00fcde unaufhaltsam wieder in die gesellige Cafeteria.<\/p>\n\n\n\n<p>Am Sonntagmorgen war nach einer R\u00fcckmeldung zum Thema und dem gemeinsamen Foto Gottesdienst im Pfadfinderzentrum vom Stamm Drei Gleichen angesagt. Michael aus Neudietendorf gestaltete den stimmigen Gottesdienst mit einem Team von Ranger*Rovern zum Thema des N\u00e4chsten. Dort \u00fcberreichten wir auch das von uns gesammelte Geld f\u00fcr die Baumpflanzaktion.<\/p>\n\n\n\n<p>Es gab an diesem Tag zwei Jubil\u00e4en zu bedenken und zu feiern. Vor 20 Jahren hatten die Pfadfinder*innen in Neudietendorf die M\u00f6glichkeit, von der Stadt das Freibadgel\u00e4nde zu \u00fcbernehmen, denn das Freibad war zu kostspielig und sollte stillgelegt werden. In unerm\u00fcdlicher Eigenarbeit haben die Pfadfinder*innen das Gel\u00e4nde zu einem sch\u00f6nen Park mit allen sanit\u00e4ren M\u00f6glichkeiten, K\u00fcche, und &nbsp;viel Platz f\u00fcr Koten und Aktivit\u00e4ten ausgebaut. Ein gutes Ziel f\u00fcr Stammesfahrten! Auch der B\u00fcrgermeister nahm an dieser Jubil\u00e4umsfeier teil.<\/p>\n\n\n\n<p>Das 10 j\u00e4hrige&nbsp; Jubil\u00e4um feierte die Gilde \u201aDrei Gleichen\u2018 im Verband der deutschen Altpfadfindergilden, die in Neudietendorf die Erwachsenenarbeit organisieren. Bereits w\u00e4hrend des Gottesdienstes duftete es verf\u00fchrerisch nach den Th\u00fcringer Bratw\u00fcrsten vom Grill. Sie waren hergestellt nach einem alten Rezept eines Schlachter-Gro\u00dfvaters extra f\u00fcr diese Feier. Perfekt gegrillt standen sie nach dem Gottesdienst sofort in gro\u00dfer Anzahl zum Schmaus bereit. Dazu gab es verschiedene Salate, Br\u00f6tchen und Getr\u00e4nke. Es schmeckte uns allen vorz\u00fcglich. Gut ges\u00e4ttigt verabschiedeten wir uns und machten uns auf den Heimweg, der allerdings nicht f\u00fcr alle gleicherma\u00dfen problemlos verlief.<\/p>\n\n\n\n<p>Jetzt freuen wir uns auf das n\u00e4chste Treffen, das <strong>vom  30.8. \u2013 01.09.2024 wiederum in Neudietendorf <\/strong>stattfinden wird.<\/p>\n\n\n\n<p><\/p>\n","protected":false},"excerpt":{"rendered":"<p>Zur Begr\u00fc\u00dfungsrunde trafen wir uns wie immer in der vertrauten Umgebung des Chorsaales, in einer beachtlichen Runde von ca. 55 Personen. Nach einigen Regularien konnten wir uns erstmal st\u00e4rken, denn es ging zum Abendbrot mit warmen und kalten Gerichten. Nach dem Abendessen wurde uns die Referentin zum Thema &#8211; RESILIENZ &#8211; vorgestellt, Frau Helene Hucho. [&hellip;]<\/p>\n","protected":false},"author":52,"featured_media":32232,"comment_status":"closed","ping_status":"open","sticky":false,"template":"","format":"standard","meta":{"_acf_changed":false,"inline_featured_image":false,"footnotes":""},"categories":[1],"tags":[],"class_list":["post-32231","post","type-post","status-publish","format-standard","has-post-thumbnail","hentry","category-allgemein"],"acf":[],"_links":{"self":[{"href":"https:\/\/vcp.de\/pfadfinden\/wp-json\/wp\/v2\/posts\/32231","targetHints":{"allow":["GET"]}}],"collection":[{"href":"https:\/\/vcp.de\/pfadfinden\/wp-json\/wp\/v2\/posts"}],"about":[{"href":"https:\/\/vcp.de\/pfadfinden\/wp-json\/wp\/v2\/types\/post"}],"author":[{"embeddable":true,"href":"https:\/\/vcp.de\/pfadfinden\/wp-json\/wp\/v2\/users\/52"}],"replies":[{"embeddable":true,"href":"https:\/\/vcp.de\/pfadfinden\/wp-json\/wp\/v2\/comments?post=32231"}],"version-history":[{"count":3,"href":"https:\/\/vcp.de\/pfadfinden\/wp-json\/wp\/v2\/posts\/32231\/revisions"}],"predecessor-version":[{"id":32236,"href":"https:\/\/vcp.de\/pfadfinden\/wp-json\/wp\/v2\/posts\/32231\/revisions\/32236"}],"wp:featuredmedia":[{"embeddable":true,"href":"https:\/\/vcp.de\/pfadfinden\/wp-json\/wp\/v2\/media\/32232"}],"wp:attachment":[{"href":"https:\/\/vcp.de\/pfadfinden\/wp-json\/wp\/v2\/media?parent=32231"}],"wp:term":[{"taxonomy":"category","embeddable":true,"href":"https:\/\/vcp.de\/pfadfinden\/wp-json\/wp\/v2\/categories?post=32231"},{"taxonomy":"post_tag","embeddable":true,"href":"https:\/\/vcp.de\/pfadfinden\/wp-json\/wp\/v2\/tags?post=32231"}],"curies":[{"name":"wp","href":"https:\/\/api.w.org\/{rel}","templated":true}]}}