{"id":32198,"date":"2023-09-14T08:14:47","date_gmt":"2023-09-14T06:14:47","guid":{"rendered":"https:\/\/www.vcp.de\/pfadfinden\/?p=32198"},"modified":"2023-09-14T08:14:47","modified_gmt":"2023-09-14T06:14:47","slug":"rezension-wie-erklaere-ich-kindern-rassismus-rassismussensible-begleitung-und-empowerment-von-klein-auf","status":"publish","type":"post","link":"https:\/\/vcp.de\/pfadfinden\/buchecke\/rezension-wie-erklaere-ich-kindern-rassismus-rassismussensible-begleitung-und-empowerment-von-klein-auf\/","title":{"rendered":"Rezension: Wie erkl\u00e4re ich Kindern Rassismus? Rassismussensible Begleitung und Empowerment von klein auf"},"content":{"rendered":"\n<p><strong>Autorin:<\/strong> Josephine Apraku<br><strong>Verlag:<\/strong> <a href=\"https:\/\/familiarfaces.de\/\" target=\"_blank\" rel=\"noreferrer noopener\">familiar faces Verlag<\/a><\/p>\n\n\n\n<p>In dem Buch wird aufgezeigt, wie Rassismus tief in unserer Gesellschaft verankert ist und dadurch uns und unsere Kinder von Klein auf pr\u00e4gt. Dabei werden die Inhalte kindergerecht aufgezeigt, wodurch auch Kinder die M\u00f6glichkeit erhalten Rassismus im Alltag zu erkennen und damit auch die Strukturen in denen Rassismus greift durchbrechen k\u00f6nnen.<\/p>\n\n\n\n<p>Das Buch verdeutlicht, wie komplex und vielschichtig das Thema Rassismus ist. In vier Kapiteln werden verschiedene Themenschwerpunkte gesetzt und theoretische sowie konkrete Handlungsempfehlungen beschrieben. Zu Beginn werden die Leser*innen in die Strukturen des Rassismus eingef\u00fchrt. Hier gibt es bei dem gut zusammengefassten Kapitel auch immer wieder Buchempfehlungen oder Worterkl\u00e4rungen am Rand. So k\u00f6nnen Leser*innen mit unterschiedlichem Wissenstand gut abgeholt werden. Die nachfolgenden Kapitel sind in Altersabschnitte getrennt. In den jeweiligen Abschnitten kommen auch immer wieder Expert*innen zu Wort, die uns Wissen an die Hand geben wie Kinder beispielsweise Rassismus lernen oder wie Kindern geholfen werden kann, Rassismus in der Schule zu begegnen. Besonders h\u00e4ngen geblieben ist mir dabei Kapitel 2.2. Hier verdeutlicht der Autor, dass alleine durch die Spielzeugwahl \u201eWei\u00dfsein\u201c als Norm beigebracht werden kann. Das Buch schafft es trotz seines kurzen Umfangs das Thema Rassismus gut aufzubereiten und neue Blickwinkel zu \u00f6ffnen. Dabei ist es nicht nur f\u00fcr Eltern und P\u00e4dagog*innen geeigent, , sondern f\u00fcr jede*n von uns. Denn nur wenn wir alle Rassismen und die Struktur in denen er wirkt erkennen und uns aktiv dagegenstellen, kann sich etwas \u00e4ndern.Hierf\u00fcr ist es wichtig schon von klein auf daf\u00fcr Sensibilisiert zu werden und Sichtbarkeit zu schaffen. Alles in allem hat mich die Aufmachung des Buches abgeholt. Die sch\u00f6nen Illustrationen, die Kombination als Theorie und Praxisbezug und die Einsch\u00fcbe von Expert*innen machen dieses Buch zu einer \u201ePflichtlekt\u00fcre\u201c.<\/p>\n","protected":false},"excerpt":{"rendered":"<p>Autorin: Josephine AprakuVerlag: familiar faces Verlag In dem Buch wird aufgezeigt, wie Rassismus tief in unserer Gesellschaft verankert ist und dadurch uns und unsere Kinder von Klein auf pr\u00e4gt. Dabei werden die Inhalte kindergerecht aufgezeigt, wodurch auch Kinder die M\u00f6glichkeit erhalten Rassismus im Alltag zu erkennen und damit auch die Strukturen in denen Rassismus greift [&hellip;]<\/p>\n","protected":false},"author":52,"featured_media":32199,"comment_status":"closed","ping_status":"open","sticky":false,"template":"","format":"standard","meta":{"_acf_changed":false,"inline_featured_image":false,"footnotes":""},"categories":[48],"tags":[],"class_list":["post-32198","post","type-post","status-publish","format-standard","has-post-thumbnail","hentry","category-buchecke"],"acf":[],"_links":{"self":[{"href":"https:\/\/vcp.de\/pfadfinden\/wp-json\/wp\/v2\/posts\/32198","targetHints":{"allow":["GET"]}}],"collection":[{"href":"https:\/\/vcp.de\/pfadfinden\/wp-json\/wp\/v2\/posts"}],"about":[{"href":"https:\/\/vcp.de\/pfadfinden\/wp-json\/wp\/v2\/types\/post"}],"author":[{"embeddable":true,"href":"https:\/\/vcp.de\/pfadfinden\/wp-json\/wp\/v2\/users\/52"}],"replies":[{"embeddable":true,"href":"https:\/\/vcp.de\/pfadfinden\/wp-json\/wp\/v2\/comments?post=32198"}],"version-history":[{"count":1,"href":"https:\/\/vcp.de\/pfadfinden\/wp-json\/wp\/v2\/posts\/32198\/revisions"}],"predecessor-version":[{"id":32200,"href":"https:\/\/vcp.de\/pfadfinden\/wp-json\/wp\/v2\/posts\/32198\/revisions\/32200"}],"wp:featuredmedia":[{"embeddable":true,"href":"https:\/\/vcp.de\/pfadfinden\/wp-json\/wp\/v2\/media\/32199"}],"wp:attachment":[{"href":"https:\/\/vcp.de\/pfadfinden\/wp-json\/wp\/v2\/media?parent=32198"}],"wp:term":[{"taxonomy":"category","embeddable":true,"href":"https:\/\/vcp.de\/pfadfinden\/wp-json\/wp\/v2\/categories?post=32198"},{"taxonomy":"post_tag","embeddable":true,"href":"https:\/\/vcp.de\/pfadfinden\/wp-json\/wp\/v2\/tags?post=32198"}],"curies":[{"name":"wp","href":"https:\/\/api.w.org\/{rel}","templated":true}]}}