{"id":31989,"date":"2023-08-14T11:17:34","date_gmt":"2023-08-14T09:17:34","guid":{"rendered":"https:\/\/www.vcp.de\/pfadfinden\/?p=31989"},"modified":"2023-08-14T11:17:35","modified_gmt":"2023-08-14T09:17:35","slug":"stammesvorstellung-stamm-eisvogel-aus-leipzig-sachsen","status":"publish","type":"post","link":"https:\/\/vcp.de\/pfadfinden\/allgemein\/stammesvorstellung-stamm-eisvogel-aus-leipzig-sachsen\/","title":{"rendered":"Stammesvorstellung: Stamm Eisvogel aus Leipzig (Sachsen)"},"content":{"rendered":"\n<p>Gut Pfad,<\/p>\n\n\n\n<p>wir sind der Stamm Eisvogel aus Leipzig (Sachsen) und unseren Stamm gibt es schon seit \u00fcber 10 Jahren. Wir haben derzeit ca. 35 Mitglieder, zwei davon befinden sich gerade auf dem World Scout Jamboree in S\u00fcdkorea und ein paar andere waren in den letzten Tagen in Th\u00fcringen auf Fahrt.<\/p>\n\n\n\n<p>Im letzten Jahr haben wir unser 10-j\u00e4hriges Jubil\u00e4um gefeiert, mit vielen G\u00e4sten und gutem Essen.<\/p>\n\n\n\n<p>Jetzt etwas zu unseren Gruppen:<\/p>\n\n\n\n<p>Unser Stamm trifft sich meistens, wenn wir nicht z.B. in den Park gehen, in den Kinder- und Jugendr\u00e4umen der Thomaskirche. Als wir dort angefangen haben waren wir eine kleine Gruppe. Heute sind es meist mehr als 20 Personen!<\/p>\n\n\n\n<p>Bei den Gruppenstunden wird es daher langsam etwas eng. (Falls jemand eine Idee hat, wie man in einer Stadt wie Leipzig einen guten Ort finden kann, meldet euch gerne bei uns)<\/p>\n\n\n\n<p>Aktuell haben wir 3 Gruppen: die W\u00f6lflinge, die Jungpfadfinder und die Pfadfinder. Letztes Jahr waren die jetzigen Pfadfinder auf dem Bundeslager und im Jahr davor war ein Teil unseres Stammes auf der Bundesfahrt dabei.<\/p>\n\n\n\n<p>In unserem Stamm gibt es auch verschiedene Teams, die daf\u00fcr sorgen, dass alles gut funktioniert.<\/p>\n\n\n\n<p>Es gibt ein \u00d6ffentlichkeitsteam. Dem k\u00f6nnt ihr auch gerne auf Instagram (@stamm_eisv\u00f6gel) folgen.<\/p>\n\n\n\n<p>Dann gibt es noch das Zeug-Team, das sich um unser Material k\u00fcmmert und ein Care-Team, das f\u00fcr die Verpflegung auf allen m\u00f6glichen Veranstaltungen zust\u00e4ndig ist.<\/p>\n\n\n\n<p>Zu guter Letzt gibt es dann noch das Finanzteam, das Pr\u00e4ventionsteam und (am wichtigsten) die Stammesleitung.<\/p>\n\n\n\n<p>Die Stammesleitung ist mit Selina Rausch und Margarethe Wermke besetzt.<\/p>\n\n\n\n<p>Wir hoffen ihr konntet einen kleinen Eindruck \u00fcber unseren Stamm bekommen, falls ihr aus unserer N\u00e4he seid, schaut gerne mal vorbei, wir freuen uns \u00fcber neue Gesichter. Besucht auch gerne unsere <a href=\"https:\/\/eisvogel.vcp-sachsen.de\/\">Stammeswebsite<\/a>, dort findet ihr auch noch ganz viel mehr Infos \u00fcber uns.<\/p>\n\n\n\n<p><\/p>\n\n\n\n<p><\/p>\n","protected":false},"excerpt":{"rendered":"<p>Gut Pfad, wir sind der Stamm Eisvogel aus Leipzig (Sachsen) und unseren Stamm gibt es schon seit \u00fcber 10 Jahren. Wir haben derzeit ca. 35 Mitglieder, zwei davon befinden sich gerade auf dem World Scout Jamboree in S\u00fcdkorea und ein paar andere waren in den letzten Tagen in Th\u00fcringen auf Fahrt. Im letzten Jahr haben [&hellip;]<\/p>\n","protected":false},"author":52,"featured_media":31990,"comment_status":"closed","ping_status":"open","sticky":false,"template":"","format":"standard","meta":{"_acf_changed":false,"inline_featured_image":false,"footnotes":""},"categories":[1],"tags":[],"class_list":["post-31989","post","type-post","status-publish","format-standard","has-post-thumbnail","hentry","category-allgemein"],"acf":[],"_links":{"self":[{"href":"https:\/\/vcp.de\/pfadfinden\/wp-json\/wp\/v2\/posts\/31989","targetHints":{"allow":["GET"]}}],"collection":[{"href":"https:\/\/vcp.de\/pfadfinden\/wp-json\/wp\/v2\/posts"}],"about":[{"href":"https:\/\/vcp.de\/pfadfinden\/wp-json\/wp\/v2\/types\/post"}],"author":[{"embeddable":true,"href":"https:\/\/vcp.de\/pfadfinden\/wp-json\/wp\/v2\/users\/52"}],"replies":[{"embeddable":true,"href":"https:\/\/vcp.de\/pfadfinden\/wp-json\/wp\/v2\/comments?post=31989"}],"version-history":[{"count":1,"href":"https:\/\/vcp.de\/pfadfinden\/wp-json\/wp\/v2\/posts\/31989\/revisions"}],"predecessor-version":[{"id":31991,"href":"https:\/\/vcp.de\/pfadfinden\/wp-json\/wp\/v2\/posts\/31989\/revisions\/31991"}],"wp:featuredmedia":[{"embeddable":true,"href":"https:\/\/vcp.de\/pfadfinden\/wp-json\/wp\/v2\/media\/31990"}],"wp:attachment":[{"href":"https:\/\/vcp.de\/pfadfinden\/wp-json\/wp\/v2\/media?parent=31989"}],"wp:term":[{"taxonomy":"category","embeddable":true,"href":"https:\/\/vcp.de\/pfadfinden\/wp-json\/wp\/v2\/categories?post=31989"},{"taxonomy":"post_tag","embeddable":true,"href":"https:\/\/vcp.de\/pfadfinden\/wp-json\/wp\/v2\/tags?post=31989"}],"curies":[{"name":"wp","href":"https:\/\/api.w.org\/{rel}","templated":true}]}}