{"id":31908,"date":"2023-08-03T12:22:35","date_gmt":"2023-08-03T10:22:35","guid":{"rendered":"https:\/\/www.vcp.de\/pfadfinden\/?p=31908"},"modified":"2023-08-03T12:22:38","modified_gmt":"2023-08-03T10:22:38","slug":"world-scout-jamboree-2023-in-korea-ist-offiziell-eroeffnet","status":"publish","type":"post","link":"https:\/\/vcp.de\/pfadfinden\/internationales\/world-scout-jamboree-2023-in-korea-ist-offiziell-eroeffnet\/","title":{"rendered":"World Scout Jamboree 2023 in Korea ist offiziell er\u00f6ffnet"},"content":{"rendered":"\n<p>Opening Ceremony\u00a0des Weltpfadfindertreffens\u00a0mit knapp 45 000 Pfadfinder*innen, darunter 2200 aus Deutschland<br><br><strong>Saemangeum, den 3. August 2023.\u00a0<\/strong>\u200b\u200b\u200b\u200bDas 25. World Scout Jamboree in S\u00fcdkorea ist am gestrigen Abend mit einer feierlichen Opening Ceremony offiziell er\u00f6ffnet worden. Mit kulturellen und musikalischen Performances sowie einer spektakul\u00e4ren Lichtshow begr\u00fc\u00dfte das Gastland Korea die Pfadfinder*innen aus aller Welt. Als rangh\u00f6chster Redner richtete\u00a0der s\u00fcdkoreanische Pr\u00e4sident\u00a0Yoon Suk-yeol in Pfadfinderkluft auf dem Platz des Jamborees Worte an das Publikum.\u00a0<br><br>Das seit 1920 alle vier Jahre stattfindende Weltpfadfindertreffen wird bis zum 12. August in Saemangeum im Landkreis Buan an der koreanischen Westk\u00fcste veranstaltet.\u00a0Rund 43 300 Teilnehmer aus 158 L\u00e4ndern zelten in insgesamt 22 Camps auf einem knapp neun Quadratkilometer gro\u00dfen Gel\u00e4nde.\u00a0Aus Deutschland nehmen 2200 Pfadfinder*innen an dem gr\u00f6\u00dften Pfadfinderlager der Welt statt.\u00a0<br><br>Gernot Knittel, Leiter des Deutschen Kontingents: &#8222;Wir freuen uns, als gr\u00f6\u00dftes \u00dcberseekontingent deutscher Pfadfinder*innen\u00a0aller Zeiten\u00a0in Korea zu Gast zu sein.\u00a0Auf dem World Scout Jamboree erleben Pfadfinder*innen aus allen Regionen Deutschlands die Internationalit\u00e4t des Pfadfindens, lernen andere Kulturen kennen und schlie\u00dfen neue Freundschaften.\u00a0Die beeindruckende Opening Ceremony war ein toller Startschuss f\u00fcr das, was uns hier erwartet. Die Zeit wird f\u00fcr die Kinder, Jugendlichen und Erwachsenen ein einmaliges Abenteuer.\u201c<br><br>In den kommenden Tagen sind f\u00fcr die Pfadfinder*innen neben Outdoor-Aktivit\u00e4ten wie Klettern und Rafting auch kulturelle Ereignisse geplant. So findet am 6. August der Cultural Day des Jamborees statt, an dem sich alle Nationen mit ihrer Kultur, ihren Traditionen und\u00a0\u00a0kulinarischen Spezialit\u00e4ten ihrer Heimatl\u00e4nder vorstellen.<br><br><br><em><strong>Pressefotos<\/strong>\u00a0von der Opening Ceremony f\u00fcr die Berichterstattung: \u00a0<\/em><a href=\"https:\/\/www.worldscoutjamboree.de\/fotos\/\" target=\"_blank\" rel=\"noreferrer noopener\">https:\/\/www.worldscoutjamboree.de\/fotos\/<\/a>\u00a0<br><br><br>Das 25. World Scout Jamboree findet vom 1. bis 12. August 2023 in SaeManGeum, S\u00fcdkorea statt.\u00a0Das Deutsche Kontingent umfasst 2200 Pfadfinder*innen aus den Mitgliedsverb\u00e4nden des Rings deutscher Pfadfinder*innenverb\u00e4nde (rdp).\u00a0Sie nehmen teil am gr\u00f6\u00dften Pfadfindertreffen der Welt mit knapp 45 000 Menschen aus \u00fcber 158 L\u00e4ndern.<\/p>\n","protected":false},"excerpt":{"rendered":"<p>Opening Ceremony\u00a0des Weltpfadfindertreffens\u00a0mit knapp 45 000 Pfadfinder*innen, darunter 2200 aus Deutschland Saemangeum, den 3. August 2023.\u00a0\u200b\u200b\u200b\u200bDas 25. World Scout Jamboree in S\u00fcdkorea ist am gestrigen Abend mit einer feierlichen Opening Ceremony offiziell er\u00f6ffnet worden. Mit kulturellen und musikalischen Performances sowie einer spektakul\u00e4ren Lichtshow begr\u00fc\u00dfte das Gastland Korea die Pfadfinder*innen aus aller Welt. Als rangh\u00f6chster Redner [&hellip;]<\/p>\n","protected":false},"author":52,"featured_media":31909,"comment_status":"closed","ping_status":"open","sticky":false,"template":"","format":"standard","meta":{"_acf_changed":false,"inline_featured_image":false,"footnotes":""},"categories":[14],"tags":[],"class_list":["post-31908","post","type-post","status-publish","format-standard","has-post-thumbnail","hentry","category-internationales"],"acf":[],"_links":{"self":[{"href":"https:\/\/vcp.de\/pfadfinden\/wp-json\/wp\/v2\/posts\/31908","targetHints":{"allow":["GET"]}}],"collection":[{"href":"https:\/\/vcp.de\/pfadfinden\/wp-json\/wp\/v2\/posts"}],"about":[{"href":"https:\/\/vcp.de\/pfadfinden\/wp-json\/wp\/v2\/types\/post"}],"author":[{"embeddable":true,"href":"https:\/\/vcp.de\/pfadfinden\/wp-json\/wp\/v2\/users\/52"}],"replies":[{"embeddable":true,"href":"https:\/\/vcp.de\/pfadfinden\/wp-json\/wp\/v2\/comments?post=31908"}],"version-history":[{"count":1,"href":"https:\/\/vcp.de\/pfadfinden\/wp-json\/wp\/v2\/posts\/31908\/revisions"}],"predecessor-version":[{"id":31910,"href":"https:\/\/vcp.de\/pfadfinden\/wp-json\/wp\/v2\/posts\/31908\/revisions\/31910"}],"wp:featuredmedia":[{"embeddable":true,"href":"https:\/\/vcp.de\/pfadfinden\/wp-json\/wp\/v2\/media\/31909"}],"wp:attachment":[{"href":"https:\/\/vcp.de\/pfadfinden\/wp-json\/wp\/v2\/media?parent=31908"}],"wp:term":[{"taxonomy":"category","embeddable":true,"href":"https:\/\/vcp.de\/pfadfinden\/wp-json\/wp\/v2\/categories?post=31908"},{"taxonomy":"post_tag","embeddable":true,"href":"https:\/\/vcp.de\/pfadfinden\/wp-json\/wp\/v2\/tags?post=31908"}],"curies":[{"name":"wp","href":"https:\/\/api.w.org\/{rel}","templated":true}]}}