{"id":31820,"date":"2023-07-18T14:18:47","date_gmt":"2023-07-18T12:18:47","guid":{"rendered":"https:\/\/www.vcp.de\/pfadfinden\/?p=31820"},"modified":"2023-07-19T10:25:49","modified_gmt":"2023-07-19T08:25:49","slug":"annaberg","status":"publish","type":"post","link":"https:\/\/vcp.de\/pfadfinden\/zeltplatz\/annaberg\/","title":{"rendered":"Annaberg"},"content":{"rendered":"\n<p>Was kann es Sch\u00f6neres geben, als im Sommer unsere VCP-Zeltpl\u00e4tze zu erkunden?<br><br>Heute stellen wir euch den Annaberg (Haus + Zeltplatz) vor:<\/p>\n\n\n\n<p>VCP-Land: Rheinland-Pfalz\/Saar<\/p>\n\n\n\n<p>Pfadfinderzeltplatz Stamm &#8222;Salier&#8220; Bad D\u00fcrkheim<br><br>Lage: an der Kreisstra\u00dfe K3, zwischen Hotel &#8222;Annaberg&#8220; und Forsthaus Weilach. 49,474905\u00b0 n\u00f6rdliche Breite, 8,1574\u00b0 \u00f6stliche Breite<br><br>Buchung: <a href=\"mailto:Platzverwalter.annaberg@gmail.com\">Platzverwalter.annaberg@gmail.com<\/a><\/p>\n\n\n\n<p>\u00dcberblick:<\/p>\n\n\n\n<ul class=\"wp-block-list\">\n<li>100 Personen<\/li>\n\n\n\n<li>N\u00e4chster Bahnhof Bad D\u00fcrkheim<\/li>\n\n\n\n<li>Von jeglicher Siedlung abgelegen im Pf\u00e4lzer Wald<\/li>\n\n\n\n<li>Kein Strom, kein Wasseranschluss vorhanden<\/li>\n\n\n\n<li>Sanit\u00e4ranlagen mit Plumpsklos und Trockentoilette<\/li>\n\n\n\n<li>Stangenholz und Feuerholz vorhanden<\/li>\n\n\n\n<li>Gro\u00dfe Spielfl\u00e4che, gro\u00dfer Sitz Ring (Arena)<\/li>\n\n\n\n<li>Programm \u201eBacken im Pizzaofen\u201c auf Anfrage<\/li>\n<\/ul>\n\n\n\n<p><br>Den Lagerplatz Annaberg ist mit dem \u00d6PNV \u00fcber den Bahnhof Bad D\u00fcrkheim zu erreichen. Bis zum Lagerplatz sind es noch ca. 5 km, die man entweder mit dem Bus oder zu Fu\u00df zur\u00fccklegen kann.<br><br>Der Annaberg liegt mitten im Pf\u00e4lzer Wald von jeglicher Siedlung abgelegen. Auf dem Lagerplatz gibt es keinen Strom oder Wasser (Wasser muss mitgebracht werden), aber Stangenholz und Holz f\u00fcrs Lagerfeuer sind vorhanden.<br>Der Pf\u00e4lzer Wald eignet sich prima f\u00fcr Wanderungen, weiter befindet sich ein Schwimmbad (Salinarium) in der N\u00e4he.<\/p>\n","protected":false},"excerpt":{"rendered":"<p>Was kann es Sch\u00f6neres geben, als im Sommer unsere VCP-Zeltpl\u00e4tze zu erkunden? Heute stellen wir euch den Annaberg (Haus + Zeltplatz) vor: VCP-Land: Rheinland-Pfalz\/Saar Pfadfinderzeltplatz Stamm &#8222;Salier&#8220; Bad D\u00fcrkheim Lage: an der Kreisstra\u00dfe K3, zwischen Hotel &#8222;Annaberg&#8220; und Forsthaus Weilach. 49,474905\u00b0 n\u00f6rdliche Breite, 8,1574\u00b0 \u00f6stliche Breite Buchung: Platzverwalter.annaberg@gmail.com \u00dcberblick: Den Lagerplatz Annaberg ist mit dem [&hellip;]<\/p>\n","protected":false},"author":52,"featured_media":31821,"comment_status":"closed","ping_status":"open","sticky":false,"template":"","format":"standard","meta":{"_acf_changed":false,"inline_featured_image":false,"footnotes":""},"categories":[510],"tags":[],"class_list":["post-31820","post","type-post","status-publish","format-standard","has-post-thumbnail","hentry","category-zeltplatz"],"acf":[],"_links":{"self":[{"href":"https:\/\/vcp.de\/pfadfinden\/wp-json\/wp\/v2\/posts\/31820","targetHints":{"allow":["GET"]}}],"collection":[{"href":"https:\/\/vcp.de\/pfadfinden\/wp-json\/wp\/v2\/posts"}],"about":[{"href":"https:\/\/vcp.de\/pfadfinden\/wp-json\/wp\/v2\/types\/post"}],"author":[{"embeddable":true,"href":"https:\/\/vcp.de\/pfadfinden\/wp-json\/wp\/v2\/users\/52"}],"replies":[{"embeddable":true,"href":"https:\/\/vcp.de\/pfadfinden\/wp-json\/wp\/v2\/comments?post=31820"}],"version-history":[{"count":2,"href":"https:\/\/vcp.de\/pfadfinden\/wp-json\/wp\/v2\/posts\/31820\/revisions"}],"predecessor-version":[{"id":31823,"href":"https:\/\/vcp.de\/pfadfinden\/wp-json\/wp\/v2\/posts\/31820\/revisions\/31823"}],"wp:featuredmedia":[{"embeddable":true,"href":"https:\/\/vcp.de\/pfadfinden\/wp-json\/wp\/v2\/media\/31821"}],"wp:attachment":[{"href":"https:\/\/vcp.de\/pfadfinden\/wp-json\/wp\/v2\/media?parent=31820"}],"wp:term":[{"taxonomy":"category","embeddable":true,"href":"https:\/\/vcp.de\/pfadfinden\/wp-json\/wp\/v2\/categories?post=31820"},{"taxonomy":"post_tag","embeddable":true,"href":"https:\/\/vcp.de\/pfadfinden\/wp-json\/wp\/v2\/tags?post=31820"}],"curies":[{"name":"wp","href":"https:\/\/api.w.org\/{rel}","templated":true}]}}