{"id":31803,"date":"2023-07-18T10:57:01","date_gmt":"2023-07-18T08:57:01","guid":{"rendered":"https:\/\/www.vcp.de\/pfadfinden\/?p=31803"},"modified":"2023-07-18T10:57:02","modified_gmt":"2023-07-18T08:57:02","slug":"pfadfinden-international-ola-aus-brasilien","status":"publish","type":"post","link":"https:\/\/vcp.de\/pfadfinden\/auf-neuem-pfad\/pfadfinden-international-ola-aus-brasilien\/","title":{"rendered":"Pfadfinden international &#8211; Ol\u00e1 aus Brasilien"},"content":{"rendered":"\n<p><em>von Tha\u00ecs Querioz<\/em><\/p>\n\n\n\n<p>Ist Pfadfinden \u00fcberall gleich? Na ja, irgendwie schon. Pfadfinden ist \u00fcberall gleich und gleichzeitig ist es auch super verschieden. Ich bin im Alter von sechs Jahren meiner lokalen Pfadigruppe im S\u00fcden Brasiliens beigetreten, da mein \u00e4lterer Bruder schon dabei war und ich auch jeden Samstag Spa\u00df haben wollte \u2013 so wie er!<\/p>\n\n\n\n<p>In Brasilien treffen sich fast alle der mehr als 1.200 Ortsgruppen samstags. Jede Altersgruppe hat ihre eigenen Aktivit\u00e4ten, aber an einem gemeinsamen Ort, manchmal mit einem gemeinsamen Anfang und Ende. Jede Gruppe hat einen eigenen Gesang, den ihrer Sippen und Meuten. Die Jungpfadfinder*innen sind zwischen sechs und zehn Jahren alt (lobinhas\/lobinhos), dann kommen die Pfadfinder*innen (escoteiras\/escoteiros) mit etwa elf bis 14 Jahren, dann die Oberpfadfinder*innen (guias\/seniors), zwischen 15 und 17, und wenn man 18 wird, wird man Rover (pioneiras\/pioneiros).<\/p>\n\n\n\n<p>In Deutschland treffen sich die Pfadis in kleinen Gruppen unter der Woche. Das fand ich zuerst komisch, denn in Brasilien finden die Aktivit\u00e4ten meistens in \u201eTroops&#8220; statt, die aus jeweils 4 \u201ePatrols\u201c zwischen sechs bis neun Mitgliedern bestehen. Auf diese Weise k\u00f6nnen wir viele Spiele zusammen machen, bei denen es mehr Leute ben\u00f6tigt. Wenn wir 18 werden und dem Rover-Clan beitreten, werden wir zu einer gro\u00dfen Gruppe. Dann arbeiten wir in \u201eProjekten&#8220;, manchmal zusammen mit anderen Clans, aber nicht immer. Das ist zum Beispiel etwas, das es mir erm\u00f6glichte, weiterhin Teil der Gruppe in meiner Heimatstadt zu sein, auch wenn ich f\u00fcr die Universit\u00e4t in ein anderes Bundesland zog. Gleichzeitig f\u00fchlte ich mich sicher genug, um mich einfach einer anderen Gruppe in Rio de Janeiro anzuschlie\u00dfen. Ich wusste, dass ich weiterhin Pfadfinderin sein konnte, trotz aller Unterschiede in der Arbeitsweise.<\/p>\n\n\n\n<p>Jetzt, wo ich nach Deutschland gekommen bin, sind die Unterschiede noch zahlreicher und gr\u00f6\u00dfer. Beispielsweise ist die L\u00e4nge der Lager unterschiedlich. In Brasilien ist das Bundeslager, welches alle vier Jahre stattfindet, das l\u00e4ngste Lager mit sechs Tagen. Sonst sind es oft viert\u00e4gige Lager. Ein anderer Unterschied ist, dass ausschlie\u00dflich Erwachsene die Leitung \u00fcbernehmen. So k\u00f6nnen die Jugendlichen die Zeit als Teilnehmer*in genie\u00dfen. Gleichzeitig werden die Kinder und Jugendlichen bei zu treffenden Entscheidungen mit einbezogen.<\/p>\n\n\n\n<p>Letztendlich waren es beide Male, als ich auswanderte, die Pfadfinderei, die mir mein erstes Zuhause bot. Durch die Pfadfinder*innen habe ich mich integriert gef\u00fchlt. Ich wusste, dass ich zelten gehen kann, wenn ich Kontakt zur Natur brauchte. Ich wusste, dass die Menschen um mich herum die gleichen Werte teilen und den Willen Pfadfinden international haben, diese Welt besser zu verlassen, als wir sie vorgefunden haben.<\/p>\n\n\n\n<p>Es spielt also keine Rolle, welche Farbe das Tuch um meinen Hals hat, ob die Lieder mit oder ohne Gitarrenbegleitung gesungen werden, oder ob die Struktur der Treffen ganz anders ist. Was z\u00e4hlt, ist, dass wir Br\u00fcder und Schwestern des Ideals sind. Und unabh\u00e4ngig vom Kontinent sind wir alle Pfadfinder*innen.<\/p>\n\n\n\n<p>Hier ein paar Eindr\u00fccke:<\/p>\n\n\n\n<figure class=\"wp-block-gallery has-nested-images columns-default is-cropped wp-block-gallery-1 is-layout-flex wp-block-gallery-is-layout-flex\"><!-- TEST -->\n<figure class=\"wp-block-image size-large\"><a href=\"https:\/\/www.vcp.de\/pfadfinden\/wp-content\/uploads\/2023\/07\/Bamboo.jpg\"><img loading=\"lazy\" decoding=\"async\" width=\"1024\" height=\"768\" data-id=\"31812\" src=\"https:\/\/www.vcp.de\/pfadfinden\/wp-content\/uploads\/2023\/07\/Bamboo-1024x768.jpg\" alt=\"\" class=\"wp-image-31812\" srcset=\"https:\/\/vcp.de\/pfadfinden\/wp-content\/uploads\/2023\/07\/Bamboo-1024x768.jpg 1024w, https:\/\/vcp.de\/pfadfinden\/wp-content\/uploads\/2023\/07\/Bamboo-300x225.jpg 300w, https:\/\/vcp.de\/pfadfinden\/wp-content\/uploads\/2023\/07\/Bamboo-768x576.jpg 768w, https:\/\/vcp.de\/pfadfinden\/wp-content\/uploads\/2023\/07\/Bamboo-750x562.jpg 750w, https:\/\/vcp.de\/pfadfinden\/wp-content\/uploads\/2023\/07\/Bamboo.jpg 1379w\" sizes=\"auto, (max-width: 1024px) 100vw, 1024px\" \/><\/a><\/figure>\n\n\n<!-- TEST -->\n<figure class=\"wp-block-image size-large\"><a href=\"https:\/\/www.vcp.de\/pfadfinden\/wp-content\/uploads\/2023\/07\/Between-the-ages-11-and-17-scouts-and-seniors-at-camps-usually-each-patrol-cooks-the-meals.jpg\"><img loading=\"lazy\" decoding=\"async\" width=\"1024\" height=\"682\" data-id=\"31817\" src=\"https:\/\/www.vcp.de\/pfadfinden\/wp-content\/uploads\/2023\/07\/Between-the-ages-11-and-17-scouts-and-seniors-at-camps-usually-each-patrol-cooks-the-meals-1024x682.jpg\" alt=\"\" class=\"wp-image-31817\" srcset=\"https:\/\/vcp.de\/pfadfinden\/wp-content\/uploads\/2023\/07\/Between-the-ages-11-and-17-scouts-and-seniors-at-camps-usually-each-patrol-cooks-the-meals-1024x682.jpg 1024w, https:\/\/vcp.de\/pfadfinden\/wp-content\/uploads\/2023\/07\/Between-the-ages-11-and-17-scouts-and-seniors-at-camps-usually-each-patrol-cooks-the-meals-300x200.jpg 300w, https:\/\/vcp.de\/pfadfinden\/wp-content\/uploads\/2023\/07\/Between-the-ages-11-and-17-scouts-and-seniors-at-camps-usually-each-patrol-cooks-the-meals-768x512.jpg 768w, https:\/\/vcp.de\/pfadfinden\/wp-content\/uploads\/2023\/07\/Between-the-ages-11-and-17-scouts-and-seniors-at-camps-usually-each-patrol-cooks-the-meals-750x500.jpg 750w, https:\/\/vcp.de\/pfadfinden\/wp-content\/uploads\/2023\/07\/Between-the-ages-11-and-17-scouts-and-seniors-at-camps-usually-each-patrol-cooks-the-meals.jpg 1379w\" sizes=\"auto, (max-width: 1024px) 100vw, 1024px\" \/><\/a><\/figure>\n\n\n<!-- TEST -->\n<figure class=\"wp-block-image size-large\"><a href=\"https:\/\/www.vcp.de\/pfadfinden\/wp-content\/uploads\/2023\/07\/Building-them-up.jpg\"><img loading=\"lazy\" decoding=\"async\" width=\"1024\" height=\"682\" data-id=\"31811\" src=\"https:\/\/www.vcp.de\/pfadfinden\/wp-content\/uploads\/2023\/07\/Building-them-up-1024x682.jpg\" alt=\"\" class=\"wp-image-31811\" srcset=\"https:\/\/vcp.de\/pfadfinden\/wp-content\/uploads\/2023\/07\/Building-them-up-1024x682.jpg 1024w, https:\/\/vcp.de\/pfadfinden\/wp-content\/uploads\/2023\/07\/Building-them-up-300x200.jpg 300w, https:\/\/vcp.de\/pfadfinden\/wp-content\/uploads\/2023\/07\/Building-them-up-768x512.jpg 768w, https:\/\/vcp.de\/pfadfinden\/wp-content\/uploads\/2023\/07\/Building-them-up-750x500.jpg 750w, https:\/\/vcp.de\/pfadfinden\/wp-content\/uploads\/2023\/07\/Building-them-up.jpg 1379w\" sizes=\"auto, (max-width: 1024px) 100vw, 1024px\" \/><\/a><\/figure>\n\n\n<!-- TEST -->\n<figure class=\"wp-block-image size-large\"><a href=\"https:\/\/www.vcp.de\/pfadfinden\/wp-content\/uploads\/2023\/07\/In-Brazil-we-dont-have-black-tents\u2026-And-for-some-reason-we-call-these-Canadian-tents.jpg\"><img loading=\"lazy\" decoding=\"async\" width=\"602\" height=\"451\" data-id=\"31818\" src=\"https:\/\/www.vcp.de\/pfadfinden\/wp-content\/uploads\/2023\/07\/In-Brazil-we-dont-have-black-tents\u2026-And-for-some-reason-we-call-these-Canadian-tents.jpg\" alt=\"\" class=\"wp-image-31818\" srcset=\"https:\/\/vcp.de\/pfadfinden\/wp-content\/uploads\/2023\/07\/In-Brazil-we-dont-have-black-tents\u2026-And-for-some-reason-we-call-these-Canadian-tents.jpg 602w, https:\/\/vcp.de\/pfadfinden\/wp-content\/uploads\/2023\/07\/In-Brazil-we-dont-have-black-tents\u2026-And-for-some-reason-we-call-these-Canadian-tents-300x225.jpg 300w\" sizes=\"auto, (max-width: 602px) 100vw, 602px\" \/><\/a><\/figure>\n\n\n<!-- TEST -->\n<figure class=\"wp-block-image size-large\"><a href=\"https:\/\/www.vcp.de\/pfadfinden\/wp-content\/uploads\/2023\/07\/In-Brazil-we-usually-build-the-structure-of-the-camp-with-bamboos-because-they-grow-very-fast.jpg\"><img loading=\"lazy\" decoding=\"async\" width=\"602\" height=\"802\" data-id=\"31814\" src=\"https:\/\/www.vcp.de\/pfadfinden\/wp-content\/uploads\/2023\/07\/In-Brazil-we-usually-build-the-structure-of-the-camp-with-bamboos-because-they-grow-very-fast.jpg\" alt=\"\" class=\"wp-image-31814\" srcset=\"https:\/\/vcp.de\/pfadfinden\/wp-content\/uploads\/2023\/07\/In-Brazil-we-usually-build-the-structure-of-the-camp-with-bamboos-because-they-grow-very-fast.jpg 602w, https:\/\/vcp.de\/pfadfinden\/wp-content\/uploads\/2023\/07\/In-Brazil-we-usually-build-the-structure-of-the-camp-with-bamboos-because-they-grow-very-fast-225x300.jpg 225w\" sizes=\"auto, (max-width: 602px) 100vw, 602px\" \/><\/a><\/figure>\n\n\n<!-- TEST -->\n<figure class=\"wp-block-image size-large\"><a href=\"https:\/\/www.vcp.de\/pfadfinden\/wp-content\/uploads\/2023\/07\/My-rover-clan-in-Rio-planning-a-project-together.jpg\"><img loading=\"lazy\" decoding=\"async\" width=\"600\" height=\"450\" data-id=\"31807\" src=\"https:\/\/www.vcp.de\/pfadfinden\/wp-content\/uploads\/2023\/07\/My-rover-clan-in-Rio-planning-a-project-together.jpg\" alt=\"\" class=\"wp-image-31807\" srcset=\"https:\/\/vcp.de\/pfadfinden\/wp-content\/uploads\/2023\/07\/My-rover-clan-in-Rio-planning-a-project-together.jpg 600w, https:\/\/vcp.de\/pfadfinden\/wp-content\/uploads\/2023\/07\/My-rover-clan-in-Rio-planning-a-project-together-300x225.jpg 300w\" sizes=\"auto, (max-width: 600px) 100vw, 600px\" \/><\/a><\/figure>\n\n\n<!-- TEST -->\n<figure class=\"wp-block-image size-large\"><a href=\"https:\/\/www.vcp.de\/pfadfinden\/wp-content\/uploads\/2023\/07\/My-rover-clan-very-proud-of-the-structure-we-built-during-a-camp-in-2012-in-Rio.jpg\"><img loading=\"lazy\" decoding=\"async\" width=\"1024\" height=\"768\" data-id=\"31810\" src=\"https:\/\/www.vcp.de\/pfadfinden\/wp-content\/uploads\/2023\/07\/My-rover-clan-very-proud-of-the-structure-we-built-during-a-camp-in-2012-in-Rio-1024x768.jpg\" alt=\"\" class=\"wp-image-31810\" srcset=\"https:\/\/vcp.de\/pfadfinden\/wp-content\/uploads\/2023\/07\/My-rover-clan-very-proud-of-the-structure-we-built-during-a-camp-in-2012-in-Rio-1024x768.jpg 1024w, https:\/\/vcp.de\/pfadfinden\/wp-content\/uploads\/2023\/07\/My-rover-clan-very-proud-of-the-structure-we-built-during-a-camp-in-2012-in-Rio-300x225.jpg 300w, https:\/\/vcp.de\/pfadfinden\/wp-content\/uploads\/2023\/07\/My-rover-clan-very-proud-of-the-structure-we-built-during-a-camp-in-2012-in-Rio-768x576.jpg 768w, https:\/\/vcp.de\/pfadfinden\/wp-content\/uploads\/2023\/07\/My-rover-clan-very-proud-of-the-structure-we-built-during-a-camp-in-2012-in-Rio-750x562.jpg 750w, https:\/\/vcp.de\/pfadfinden\/wp-content\/uploads\/2023\/07\/My-rover-clan-very-proud-of-the-structure-we-built-during-a-camp-in-2012-in-Rio.jpg 1379w\" sizes=\"auto, (max-width: 1024px) 100vw, 1024px\" \/><\/a><\/figure>\n\n\n<!-- TEST -->\n<figure class=\"wp-block-image size-large\"><a href=\"https:\/\/www.vcp.de\/pfadfinden\/wp-content\/uploads\/2023\/07\/My-scout-group-at-the-beginning-of-the-activity-with-all-troops-scout-packs-and-the-Rover-Clan-together.jpg\"><img loading=\"lazy\" decoding=\"async\" width=\"1024\" height=\"681\" data-id=\"31815\" src=\"https:\/\/www.vcp.de\/pfadfinden\/wp-content\/uploads\/2023\/07\/My-scout-group-at-the-beginning-of-the-activity-with-all-troops-scout-packs-and-the-Rover-Clan-together-1024x681.jpg\" alt=\"\" class=\"wp-image-31815\" srcset=\"https:\/\/vcp.de\/pfadfinden\/wp-content\/uploads\/2023\/07\/My-scout-group-at-the-beginning-of-the-activity-with-all-troops-scout-packs-and-the-Rover-Clan-together-1024x681.jpg 1024w, https:\/\/vcp.de\/pfadfinden\/wp-content\/uploads\/2023\/07\/My-scout-group-at-the-beginning-of-the-activity-with-all-troops-scout-packs-and-the-Rover-Clan-together-300x199.jpg 300w, https:\/\/vcp.de\/pfadfinden\/wp-content\/uploads\/2023\/07\/My-scout-group-at-the-beginning-of-the-activity-with-all-troops-scout-packs-and-the-Rover-Clan-together-768x511.jpg 768w, https:\/\/vcp.de\/pfadfinden\/wp-content\/uploads\/2023\/07\/My-scout-group-at-the-beginning-of-the-activity-with-all-troops-scout-packs-and-the-Rover-Clan-together-750x499.jpg 750w, https:\/\/vcp.de\/pfadfinden\/wp-content\/uploads\/2023\/07\/My-scout-group-at-the-beginning-of-the-activity-with-all-troops-scout-packs-and-the-Rover-Clan-together.jpg 1379w\" sizes=\"auto, (max-width: 1024px) 100vw, 1024px\" \/><\/a><\/figure>\n\n\n<!-- TEST -->\n<figure class=\"wp-block-image size-large\"><a href=\"https:\/\/www.vcp.de\/pfadfinden\/wp-content\/uploads\/2023\/07\/My-troop-in-a-camp-in-2004.jpg\"><img loading=\"lazy\" decoding=\"async\" width=\"602\" height=\"451\" data-id=\"31816\" src=\"https:\/\/www.vcp.de\/pfadfinden\/wp-content\/uploads\/2023\/07\/My-troop-in-a-camp-in-2004.jpg\" alt=\"\" class=\"wp-image-31816\" srcset=\"https:\/\/vcp.de\/pfadfinden\/wp-content\/uploads\/2023\/07\/My-troop-in-a-camp-in-2004.jpg 602w, https:\/\/vcp.de\/pfadfinden\/wp-content\/uploads\/2023\/07\/My-troop-in-a-camp-in-2004-300x225.jpg 300w\" sizes=\"auto, (max-width: 602px) 100vw, 602px\" \/><\/a><\/figure>\n\n\n<!-- TEST -->\n<figure class=\"wp-block-image size-large\"><a href=\"https:\/\/www.vcp.de\/pfadfinden\/wp-content\/uploads\/2023\/07\/My-troop-with-3-patrols-before-starting-a-game-in-the-mud-during-a-camp.jpg\"><img loading=\"lazy\" decoding=\"async\" width=\"602\" height=\"451\" data-id=\"31806\" src=\"https:\/\/www.vcp.de\/pfadfinden\/wp-content\/uploads\/2023\/07\/My-troop-with-3-patrols-before-starting-a-game-in-the-mud-during-a-camp.jpg\" alt=\"\" class=\"wp-image-31806\" srcset=\"https:\/\/vcp.de\/pfadfinden\/wp-content\/uploads\/2023\/07\/My-troop-with-3-patrols-before-starting-a-game-in-the-mud-during-a-camp.jpg 602w, https:\/\/vcp.de\/pfadfinden\/wp-content\/uploads\/2023\/07\/My-troop-with-3-patrols-before-starting-a-game-in-the-mud-during-a-camp-300x225.jpg 300w\" sizes=\"auto, (max-width: 602px) 100vw, 602px\" \/><\/a><\/figure>\n\n\n<!-- TEST -->\n<figure class=\"wp-block-image size-large\"><a href=\"https:\/\/www.vcp.de\/pfadfinden\/wp-content\/uploads\/2023\/07\/Wasserspiele.jpg\"><img loading=\"lazy\" decoding=\"async\" width=\"1024\" height=\"768\" data-id=\"31809\" src=\"https:\/\/www.vcp.de\/pfadfinden\/wp-content\/uploads\/2023\/07\/Wasserspiele-1024x768.jpg\" alt=\"\" class=\"wp-image-31809\" srcset=\"https:\/\/vcp.de\/pfadfinden\/wp-content\/uploads\/2023\/07\/Wasserspiele-1024x768.jpg 1024w, https:\/\/vcp.de\/pfadfinden\/wp-content\/uploads\/2023\/07\/Wasserspiele-300x225.jpg 300w, https:\/\/vcp.de\/pfadfinden\/wp-content\/uploads\/2023\/07\/Wasserspiele-768x576.jpg 768w, https:\/\/vcp.de\/pfadfinden\/wp-content\/uploads\/2023\/07\/Wasserspiele-750x562.jpg 750w, https:\/\/vcp.de\/pfadfinden\/wp-content\/uploads\/2023\/07\/Wasserspiele.jpg 1379w\" sizes=\"auto, (max-width: 1024px) 100vw, 1024px\" \/><\/a><\/figure>\n<\/figure>\n","protected":false},"excerpt":{"rendered":"<p>von Tha\u00ecs Querioz Ist Pfadfinden \u00fcberall gleich? Na ja, irgendwie schon. Pfadfinden ist \u00fcberall gleich und gleichzeitig ist es auch super verschieden. Ich bin im Alter von sechs Jahren meiner lokalen Pfadigruppe im S\u00fcden Brasiliens beigetreten, da mein \u00e4lterer Bruder schon dabei war und ich auch jeden Samstag Spa\u00df haben wollte \u2013 so wie er! [&hellip;]<\/p>\n","protected":false},"author":52,"featured_media":31804,"comment_status":"closed","ping_status":"open","sticky":false,"template":"","format":"standard","meta":{"_acf_changed":false,"inline_featured_image":false,"footnotes":""},"categories":[419],"tags":[508,228],"class_list":["post-31803","post","type-post","status-publish","format-standard","has-post-thumbnail","hentry","category-auf-neuem-pfad","tag-anp2302","tag-entdecken"],"acf":[],"_links":{"self":[{"href":"https:\/\/vcp.de\/pfadfinden\/wp-json\/wp\/v2\/posts\/31803","targetHints":{"allow":["GET"]}}],"collection":[{"href":"https:\/\/vcp.de\/pfadfinden\/wp-json\/wp\/v2\/posts"}],"about":[{"href":"https:\/\/vcp.de\/pfadfinden\/wp-json\/wp\/v2\/types\/post"}],"author":[{"embeddable":true,"href":"https:\/\/vcp.de\/pfadfinden\/wp-json\/wp\/v2\/users\/52"}],"replies":[{"embeddable":true,"href":"https:\/\/vcp.de\/pfadfinden\/wp-json\/wp\/v2\/comments?post=31803"}],"version-history":[{"count":1,"href":"https:\/\/vcp.de\/pfadfinden\/wp-json\/wp\/v2\/posts\/31803\/revisions"}],"predecessor-version":[{"id":31819,"href":"https:\/\/vcp.de\/pfadfinden\/wp-json\/wp\/v2\/posts\/31803\/revisions\/31819"}],"wp:featuredmedia":[{"embeddable":true,"href":"https:\/\/vcp.de\/pfadfinden\/wp-json\/wp\/v2\/media\/31804"}],"wp:attachment":[{"href":"https:\/\/vcp.de\/pfadfinden\/wp-json\/wp\/v2\/media?parent=31803"}],"wp:term":[{"taxonomy":"category","embeddable":true,"href":"https:\/\/vcp.de\/pfadfinden\/wp-json\/wp\/v2\/categories?post=31803"},{"taxonomy":"post_tag","embeddable":true,"href":"https:\/\/vcp.de\/pfadfinden\/wp-json\/wp\/v2\/tags?post=31803"}],"curies":[{"name":"wp","href":"https:\/\/api.w.org\/{rel}","templated":true}]}}