{"id":31789,"date":"2023-07-18T07:12:21","date_gmt":"2023-07-18T05:12:21","guid":{"rendered":"https:\/\/www.vcp.de\/pfadfinden\/?p=31789"},"modified":"2023-07-18T07:13:09","modified_gmt":"2023-07-18T05:13:09","slug":"rheuma-und-rollator-erwachsen-sein-im-vcp","status":"publish","type":"post","link":"https:\/\/vcp.de\/pfadfinden\/auf-neuem-pfad\/rheuma-und-rollator-erwachsen-sein-im-vcp\/","title":{"rendered":"Rheuma und Rollator &#8211; Erwachsen sein im VCP"},"content":{"rendered":"\n<p><em>von Lena Dohmann<\/em><\/p>\n\n\n\n<p>Mit 21 gilt man im VCP als erwachsen \u2013 mit dem \u201egef\u00fcrchteten\u201c, lila Halstuch ist die letzte Stufe erreicht. In ihr bleibt man, bis man mit Rheuma und Rollator \u00fcber den Lagerplatz eilt. Dabei gilt es in dieser Stufe die wohl schwierigste Aufgabe zu meistern \u2026<\/p>\n\n\n\n<p>Etwa jede*r Dritte im VCP tr\u00e4gt das lila Halstuch. Es ist \u00fcberall zu sehen, ob bei der Gruppenleitung oder den HaKas (Harter Kern) auf dem Kirchentag, in den Landes- und Bundesversammlungen, im IST (International Service Team) international unterwegs, bei der Kassenpr\u00fcfung oder beim Grillen mit der PfAU-Gruppe (Pfadfinden in Ausbildung und an Universit\u00e4ten). Und nat\u00fcrlich auch bei Stammes-Jubil\u00e4en, Treffen der VCP Stiftung, bei 50 Plus Treffen und dem Festakt zu 50 Jahre VCP. Und vor allem beratend Seite an Seite mit den J\u00fcngeren. Die Aufgaben in der Erwachsenenstufe sind vielf\u00e4ltig. Lila Halstuch hei\u00dft nicht gleich Altersheim \u2013 aber eben auch. Und das ist wundervoll.<\/p>\n\n\n\n<p>Das lila Halstuch ist nicht das Ende der Welt. Auch in dieser Stufe l\u00e4sst sich noch einiges lernen. Ja, in dieser Stufe muss das Wichtigste gelernt werden: Verantwortung tragen \u2013 aber auch Verantwortung abgeben. Ver\u00e4nderungen zulassen, ertragen, wenn Dinge anders laufen, als man selbst es gemacht h\u00e4tte.<\/p>\n\n\n\n<p>Loslassen. Das ist die gr\u00f6\u00dfte Herausforderung. Die einiges abverlangt. Auf der Bundesversammlung wurde eine Entscheidung getroffen, die das \u201eGesicht\u201c des VCP ver\u00e4ndern wird. Aus Verband Christlicher Pfadfinderinnen und Pfadfinder wird Verband Christlicher Pfadfinder*innen. Der VCP hat bereits bei seiner Gr\u00fcndung 1973 begonnen zu gendern: \u201ePfadfinderinnen und Pfadfinder\u201c \u2013 das war damals neu. Die Pfadfinderinnen wurden bewusst sichtbar gemacht. Wie damals wird Ver\u00e4nderung auch heute von den jungen Menschen eingefordert. Und mit den Pfadfinder*innen werden wieder mehr Menschen sichtbar. Der VCP war damals progressiv. Ist es heute. Und er ist politisch. Das ist kein agieren jung gegen alt \u2013 das ist einfach der VCP, der Jugendverband \u2013 der auf \u201elearning by doing\u201c setzt. Und der jung genauso braucht wie alt.<\/p>\n\n\n\n<p>In seiner Rede auf dem Festakt zu 50 Jahre VCP sagte flip aus dem Bundesvorstand so treffend:<\/p>\n\n\n\n<p><em>\u201eDie \u00c4lteren haben ihre K\u00e4mpfe schon gefochten und w\u00fcrden \u201eihren\u201c VCP jetzt gern so lassen und die Jungen wollen voller Tatendrang ihre Vorstellung der Welt ausfechten. Das ist und war nicht einfach! Aber das stete Aushandeln und Aushalten der unterschiedlichen Str\u00f6mungen im Verband bei gleichzeitiger Vergewisserung der Gemeinsamkeit geh\u00f6rt und geh\u00f6rte zum Grunderleben im VCP.\u201c<\/em><\/p>\n\n\n\n<p>Lasst uns auf unsere Gemeinsamkeiten besinnen. Und f\u00fcreinander Geduld aufbringen. Denn jede Stufe hat ihre ganz eigenen Herausforderungen<\/p>\n","protected":false},"excerpt":{"rendered":"<p>von Lena Dohmann Mit 21 gilt man im VCP als erwachsen \u2013 mit dem \u201egef\u00fcrchteten\u201c, lila Halstuch ist die letzte Stufe erreicht. In ihr bleibt man, bis man mit Rheuma und Rollator \u00fcber den Lagerplatz eilt. Dabei gilt es in dieser Stufe die wohl schwierigste Aufgabe zu meistern \u2026 Etwa jede*r Dritte im VCP tr\u00e4gt [&hellip;]<\/p>\n","protected":false},"author":52,"featured_media":26265,"comment_status":"closed","ping_status":"open","sticky":false,"template":"","format":"standard","meta":{"_acf_changed":false,"inline_featured_image":false,"footnotes":""},"categories":[419],"tags":[508,228],"class_list":["post-31789","post","type-post","status-publish","format-standard","has-post-thumbnail","hentry","category-auf-neuem-pfad","tag-anp2302","tag-entdecken"],"acf":[],"_links":{"self":[{"href":"https:\/\/vcp.de\/pfadfinden\/wp-json\/wp\/v2\/posts\/31789","targetHints":{"allow":["GET"]}}],"collection":[{"href":"https:\/\/vcp.de\/pfadfinden\/wp-json\/wp\/v2\/posts"}],"about":[{"href":"https:\/\/vcp.de\/pfadfinden\/wp-json\/wp\/v2\/types\/post"}],"author":[{"embeddable":true,"href":"https:\/\/vcp.de\/pfadfinden\/wp-json\/wp\/v2\/users\/52"}],"replies":[{"embeddable":true,"href":"https:\/\/vcp.de\/pfadfinden\/wp-json\/wp\/v2\/comments?post=31789"}],"version-history":[{"count":1,"href":"https:\/\/vcp.de\/pfadfinden\/wp-json\/wp\/v2\/posts\/31789\/revisions"}],"predecessor-version":[{"id":31790,"href":"https:\/\/vcp.de\/pfadfinden\/wp-json\/wp\/v2\/posts\/31789\/revisions\/31790"}],"wp:featuredmedia":[{"embeddable":true,"href":"https:\/\/vcp.de\/pfadfinden\/wp-json\/wp\/v2\/media\/26265"}],"wp:attachment":[{"href":"https:\/\/vcp.de\/pfadfinden\/wp-json\/wp\/v2\/media?parent=31789"}],"wp:term":[{"taxonomy":"category","embeddable":true,"href":"https:\/\/vcp.de\/pfadfinden\/wp-json\/wp\/v2\/categories?post=31789"},{"taxonomy":"post_tag","embeddable":true,"href":"https:\/\/vcp.de\/pfadfinden\/wp-json\/wp\/v2\/tags?post=31789"}],"curies":[{"name":"wp","href":"https:\/\/api.w.org\/{rel}","templated":true}]}}