{"id":3157,"date":"2015-09-18T17:18:37","date_gmt":"2015-09-18T15:18:37","guid":{"rendered":"http:\/\/www.vcp.de\/pfadfinden\/?p=3157"},"modified":"2015-10-23T13:29:48","modified_gmt":"2015-10-23T11:29:48","slug":"geht-doch-abenteuer-klimapilgern","status":"publish","type":"post","link":"https:\/\/vcp.de\/pfadfinden\/aus-dem-verband\/geht-doch-abenteuer-klimapilgern\/","title":{"rendered":"Geht doch\u2026 Abenteuer Klimapilgern"},"content":{"rendered":"<p><em>Von Sonja Rahtkens, Annkathrin Mertz, Moritz Dietzsch und Mark B\u00f6ing, Flensburg<\/em><\/p>\n<p>Am 12.09. begann in Flensburg das Klimapilgern in Deutschland. Auf der ganzen Welt machten sich Menschen auf den Weg zur Klimakonferenz nach Paris. Sie setzen ein Zeichen f\u00fcr Klimagerechtigkeit, daf\u00fcr, dass Klima alle angeht und wir nicht wegschauen d\u00fcrfen.<\/p>\n<p>Mit zwanzig Pfadfinderinnen und Pfadfindern haben wir die Auftaktveranstaltung durch unsere eigenen Schwerpunkte bereichert. Wir retteten Lebensmittel vor der Abfalltonne \u2013 aus L\u00e4den und vom Wochenmarkt. Daraus bereiten wir Suppen, Salate und bunte Obst-Mischungen f\u00fcr die Pilger zu. F\u00fcr alle Beteiligten waren \u00fcberraschend zu sehen, wie viele gute Lebensmittel weggeworfen werden (sollen) und wie einfach sich daraus leckere Gerichte zubereiten lassen.<\/p>\n<h2>Warmes Willkommen f\u00fcr viele Menschen<\/h2>\n<p>Aber nicht nur von den Klimapilgerinnen und Klimapilgern waren die Flensburger an diesem Wochenende bewegt, sondern auch von den vielen Fl\u00fcchtlingen, die auf dem Weg nach Skandinavien in Flensburg gestrandet waren.<\/p>\n<p>Kurz entschlossen haben wir dann nicht nur die 120 Menschen bei Symposium zur Klimagerechtigkeit, sondern auch etliche Fl\u00fcchtlinge, die am Samstagabend ankamen mit einer warmen Suppe willkommen gehei\u00dfen.<\/p>\n<p>Im Aussendungsgottesdienst am Sonntag wurde f\u00fcr alle sp\u00fcrbar, dass jede und jeder einzelne von uns sich f\u00fcr einen achtsamen Umgang mit unser Welt auf den Weg machen sollte: mit kleinen Energiespar-Tricks, dem \u201a\u00f6kologischen Fu\u00dfabdruck\u2018 im Hinterkopf beim Reisen und Einkaufen oder dem gro\u00dfen Abenteuer des Klimapilgerns.<\/p>\n<p>Auf ihrer Pilgertour werden viele Menschen von Gemeindehaus zu Gemeindehaus wandern und auf ihrem Weg auf Kraft- und Schmerzpunkte achten. Kraftpunkte sind beispielsweise ein Solarpark, ein nach bestm\u00f6glicher Energieeffizienz gestaltetes Gemeindehaus oder unsere geretteten Lebensmittel.<\/p>\n<p><img loading=\"lazy\" decoding=\"async\" class=\"aligncenter size-medium wp-image-3158\" src=\"https:\/\/www.vcp.de\/pfadfinden\/wp-content\/uploads\/2015\/09\/Klimapilgern_essen-300x200.jpg\" alt=\"Klimapilgern_essen\" width=\"300\" height=\"200\" \/><\/p>\n<h2>\u00a0Eine Wohnzimmerjurte wandert mit\u2026<\/h2>\n<p>In Schleswig-Holstein werden wir die Pilger bis zur Elbe begleiten, werden kochen, die Unterk\u00fcnfte vorbereiten und eine Jurte als Wohnzimmer mitwandern lassen. Anfang Oktober steht dann die n\u00e4chste Klima-Aktion vor der T\u00fcr. Dort werden wir auf der Jugendklimakonferenz der Nordkirche Forderungen an die Kirche und die Politik formulieren, die \u00fcber eine Delegation bis nach Paris getragen werden. Neben unser Teilnahme an den Workshops und Aktionen werden wir Marmelade aus vor der Abfalltonne geretteten Fr\u00fcchten und Tees aus selbst gesammelten Kr\u00e4uter kochen.Verschwenden beenden? Geht nicht? Geht doch!<\/p>\n<p>https:\/\/youtu.be\/S45yP1DNEnk?rel=0<\/p>\n<div class=\"brlbs-cmpnt-container brlbs-cmpnt-content-blocker brlbs-cmpnt-with-individual-styles\" data-borlabs-cookie-content-blocker-id=\"default\" data-borlabs-cookie-content=\"PGlmcmFtZSBzcmM9Imh0dHBzOi8vd3d3Lmdvb2dsZS5jb20vbWFwcy9kL2VtYmVkP21pZD16NF95RDFzT25SX1kua3g3emhUdnZtUlhNIiB3aWR0aD0iNjQwIiBoZWlnaHQ9IjQ4MCI+PC9pZnJhbWU+\">\n<div class=\"brlbs-cmpnt-cb-preset-a\">\n<p class=\"brlbs-cmpnt-cb-description\">Sie sehen gerade einen Platzhalterinhalt von <strong>Standard<\/strong>. Um auf den eigentlichen Inhalt zuzugreifen, klicken Sie auf den Button unten. Bitte beachten Sie, dass dabei Daten an Drittanbieter weitergegeben werden.<\/p>\n<div class=\"brlbs-cmpnt-cb-buttons\"> <a class=\"brlbs-cmpnt-cb-btn\" href=\"#\" data-borlabs-cookie-unblock role=\"button\">Inhalt entsperren<\/a> <a class=\"brlbs-cmpnt-cb-btn\" href=\"#\" data-borlabs-cookie-accept-service role=\"button\" style=\"display: none\">Erforderlichen Service akzeptieren und Inhalte entsperren<\/a> <\/div>\n<p> <a class=\"brlbs-cmpnt-cb-provider-toggle\" href=\"#\" data-borlabs-cookie-show-provider-information role=\"button\">Weitere Informationen<\/a> <\/div>\n<\/div>\n<p><a href=\"http:\/\/www.klimapilgern.de\/\" target=\"_blank\">http:\/\/www.klimapilgern.de\/<\/a><\/p>\n","protected":false},"excerpt":{"rendered":"<p>Von Sonja Rahtkens, Annkathrin Mertz, Moritz Dietzsch und Mark B\u00f6ing, Flensburg Am 12.09. begann in Flensburg das Klimapilgern in Deutschland. Auf der ganzen Welt machten sich Menschen auf den Weg zur Klimakonferenz nach Paris. Sie setzen ein Zeichen f\u00fcr Klimagerechtigkeit, daf\u00fcr, dass Klima alle angeht und wir nicht wegschauen d\u00fcrfen. Mit zwanzig Pfadfinderinnen und Pfadfindern [&hellip;]<\/p>\n","protected":false},"author":52,"featured_media":3158,"comment_status":"closed","ping_status":"open","sticky":false,"template":"","format":"image","meta":{"_acf_changed":false,"inline_featured_image":false,"footnotes":""},"categories":[5],"tags":[79,77,78],"class_list":["post-3157","post","type-post","status-publish","format-image","has-post-thumbnail","hentry","category-aus-dem-verband","tag-fluechtlingshilfe","tag-klimapilgern","tag-ressourcen-schonen","post_format-post-format-image"],"acf":[],"_links":{"self":[{"href":"https:\/\/vcp.de\/pfadfinden\/wp-json\/wp\/v2\/posts\/3157","targetHints":{"allow":["GET"]}}],"collection":[{"href":"https:\/\/vcp.de\/pfadfinden\/wp-json\/wp\/v2\/posts"}],"about":[{"href":"https:\/\/vcp.de\/pfadfinden\/wp-json\/wp\/v2\/types\/post"}],"author":[{"embeddable":true,"href":"https:\/\/vcp.de\/pfadfinden\/wp-json\/wp\/v2\/users\/52"}],"replies":[{"embeddable":true,"href":"https:\/\/vcp.de\/pfadfinden\/wp-json\/wp\/v2\/comments?post=3157"}],"version-history":[{"count":0,"href":"https:\/\/vcp.de\/pfadfinden\/wp-json\/wp\/v2\/posts\/3157\/revisions"}],"wp:featuredmedia":[{"embeddable":true,"href":"https:\/\/vcp.de\/pfadfinden\/wp-json\/wp\/v2\/media\/3158"}],"wp:attachment":[{"href":"https:\/\/vcp.de\/pfadfinden\/wp-json\/wp\/v2\/media?parent=3157"}],"wp:term":[{"taxonomy":"category","embeddable":true,"href":"https:\/\/vcp.de\/pfadfinden\/wp-json\/wp\/v2\/categories?post=3157"},{"taxonomy":"post_tag","embeddable":true,"href":"https:\/\/vcp.de\/pfadfinden\/wp-json\/wp\/v2\/tags?post=3157"}],"curies":[{"name":"wp","href":"https:\/\/api.w.org\/{rel}","templated":true}]}}