{"id":31480,"date":"2023-06-27T09:37:30","date_gmt":"2023-06-27T07:37:30","guid":{"rendered":"https:\/\/www.vcp.de\/pfadfinden\/?p=31480"},"modified":"2023-06-27T09:49:45","modified_gmt":"2023-06-27T07:49:45","slug":"ein-wahrhaft-spassiges-wochenende","status":"publish","type":"post","link":"https:\/\/vcp.de\/pfadfinden\/allgemein\/ein-wahrhaft-spassiges-wochenende\/","title":{"rendered":"Ein wahrhaft spa\u00dfiges Wochenende"},"content":{"rendered":"\n<p>H\u00e4ufig nutzen wir unsere kostbaren Urlaubstage, um ehrenamtlich aktiv werden zu k\u00f6nnen. F\u00fcr den Deutschen Evangelischen Kirchentag oder das Bundeslager zum Beispiel. Das gibt uns nat\u00fcrlich auch viel, sonst w\u00fcrden wir das ja nicht machen, aber wir \u2013 die B\u00fcrgerschaft der Burg Rieneck \u2013 hatten eine Vision: Urlaub IM Ehrenamt. What!? Ja, richtig gelesen! Wir wollten uns ein Wochenende lang vornehmen, einfach zusammen zu sein, unser anderes Bundeszentrum \u2013 den Bundeszeltplatz Gro\u00dfzerlang \u2013 kennenzulernen und vor allem: Spa\u00df zu haben.<\/p>\n\n\n\n<p>Am 28.04.2023 machten wir uns also aus allen Teilen Deutschlands auf den Weg, um uns auf dem Bundeszeltplatz zusammenzufinden. Schon bei unserer Ankunft am sp\u00e4teren Nachmittag waren die Vorfreude und die Aufregung deutlich zu sp\u00fcren. Gemeinsam schlugen wir unsere Zelte auf, und dabei konnten die Pfadfinder*innen unter uns sogar einigen Nicht-Pfadfinder*innen den Aufbau einer Jurte zeigen. Bildungsauftrag \u2013 check. Es war eine gro\u00dfartige Gelegenheit, unseren Freund*innen, die noch nicht Mitglieder im VCP sind, unsere Techniken n\u00e4herzubringen. Gleich zu Beginn tauschten wir uns \u00fcber unsere Erwartungen f\u00fcr das Wochenende aus und planten grob, was uns alles bevorstand. Doch bevor wir uns voll und ganz den Aktivit\u00e4ten hingaben, gab es ein k\u00f6stliches K\u00e4sefondue, das uns das N\u00fctzliche mit dem Sch\u00f6nen verband.<\/p>\n\n\n\n<p>Der Samstag begann mit einer erfrischenden Morgenrunde \u00fcber den Zeltplatz. Dabei hatten wir die M\u00f6glichkeit, Ideen zu sammeln, die uns gefielen und die wir f\u00fcr unsere Burg als n\u00fctzlich erachteten. Zum Beispiel die Idee einer Fallobstwiese mit Informationsmaterial zur Umwelt oder die Gestaltung einer Trockenmagerfl\u00e4che. Anschlie\u00dfend engagierten wir uns bei einem kleinen Arbeitseinsatz, um den Bundeszeltplatz aus dem Winterschlaf zu erwecken, Zeltmaterial zu organisieren und insbesondere die Kanus wieder einsatzbereit zu machen. Mit den Kanus unternahmen wir dann eine lustige Tour \u00fcber die Seen, bei der der Gesang und auch die Entdeckung der lokalen Kulinarik (\u2026 auf der Seenplatte nat\u00fcrlich Fisch) definitiv nicht zu kurz kamen. Nachmittags kehrten wir gl\u00fccklich in unser Zelt zur\u00fcck, wo wir den Abend bei einem k\u00f6stlichen Linsengericht und einem w\u00e4rmenden Lagerfeuer ausklingen lie\u00dfen.<\/p>\n\n\n\n<p>Der Sonntag stand ganz im Zeichen der Vernetzung. Am Nachmittag nahmen wir an einem spannenden 77-Minuten-Spiel teil, bei dem wir gemeinsam 20 Aufgaben bew\u00e4ltigen mussten. Dabei war die gesamte Gruppe gefragt, und egal ob es darum ging, ein Kurztheaterst\u00fcck aufzuf\u00fchren oder 77 Runden um die Jurte zu rennen, keine Aufgabe war zu schwer f\u00fcr uns, wenn wir unsere Kr\u00e4fte b\u00fcndelten. Vor dem Abendessen hatten wir noch eine Reflexionsrunde, in der wir das Wochenende Revue passieren lie\u00dfen und unsere erreichten Ziele besprachen. Der entspannte Abend mit gegrilltem Essen und der romantischen Atmosph\u00e4re am Lagerfeuer bildete einen wundersch\u00f6nen Abschluss, obwohl das Ende des Wochenendes schon wieder zum Greifen nah war<\/p>\n\n\n\n<p>Am Montag packten wir gemeinsam unsere Sachen und hinterlie\u00dfen den Zeltplatz nat\u00fcrlich etwas besser, als wir ihn vorgefunden hatten. Es hat uns wirklich gut gefallen, und wir sind uns sicher, dass wir wiederkommen werden. Als Gruppe hat uns dieses Event noch enger zusammengeschwei\u00dft und gerade nach der Corona-Z\u00e4sur neue Motivation gegeben, die Aufgaben auf der Burg Rieneck gemeinschaftlich anzugehen. Wir legen allen anderen ehrenamtlich arbeitenden Gruppen des VCP nur w\u00e4rmstens ans Herz, sich auch einmal so einen Kurzurlaub zu g\u00f6nnen. Ein bisschen Spa\u00df muss sein!<\/p>\n\n\n\n<figure class=\"wp-block-gallery has-nested-images columns-default is-cropped wp-block-gallery-1 is-layout-flex wp-block-gallery-is-layout-flex\"><!-- TEST -->\n<figure class=\"wp-block-image size-large\"><a href=\"https:\/\/www.vcp.de\/pfadfinden\/wp-content\/uploads\/2023\/06\/Anna-Mohr_2.jpeg\"><img loading=\"lazy\" decoding=\"async\" width=\"640\" height=\"360\" data-id=\"31490\" src=\"https:\/\/www.vcp.de\/pfadfinden\/wp-content\/uploads\/2023\/06\/Anna-Mohr_2.jpeg\" alt=\"\" class=\"wp-image-31490\" srcset=\"https:\/\/vcp.de\/pfadfinden\/wp-content\/uploads\/2023\/06\/Anna-Mohr_2.jpeg 640w, https:\/\/vcp.de\/pfadfinden\/wp-content\/uploads\/2023\/06\/Anna-Mohr_2-300x169.jpeg 300w\" sizes=\"auto, (max-width: 640px) 100vw, 640px\" \/><\/a><\/figure>\n\n\n<!-- TEST -->\n<figure class=\"wp-block-image size-large\"><a href=\"https:\/\/www.vcp.de\/pfadfinden\/wp-content\/uploads\/2023\/06\/Jakob-Duppel_1.jpeg\"><img loading=\"lazy\" decoding=\"async\" width=\"640\" height=\"480\" data-id=\"31491\" src=\"https:\/\/www.vcp.de\/pfadfinden\/wp-content\/uploads\/2023\/06\/Jakob-Duppel_1.jpeg\" alt=\"\" class=\"wp-image-31491\" srcset=\"https:\/\/vcp.de\/pfadfinden\/wp-content\/uploads\/2023\/06\/Jakob-Duppel_1.jpeg 640w, https:\/\/vcp.de\/pfadfinden\/wp-content\/uploads\/2023\/06\/Jakob-Duppel_1-300x225.jpeg 300w\" sizes=\"auto, (max-width: 640px) 100vw, 640px\" \/><\/a><\/figure>\n\n\n<!-- TEST -->\n<figure class=\"wp-block-image size-large\"><a href=\"https:\/\/www.vcp.de\/pfadfinden\/wp-content\/uploads\/2023\/06\/Jakob-Duppel_2.jpeg\"><img loading=\"lazy\" decoding=\"async\" width=\"640\" height=\"480\" data-id=\"31492\" src=\"https:\/\/www.vcp.de\/pfadfinden\/wp-content\/uploads\/2023\/06\/Jakob-Duppel_2.jpeg\" alt=\"\" class=\"wp-image-31492\" srcset=\"https:\/\/vcp.de\/pfadfinden\/wp-content\/uploads\/2023\/06\/Jakob-Duppel_2.jpeg 640w, https:\/\/vcp.de\/pfadfinden\/wp-content\/uploads\/2023\/06\/Jakob-Duppel_2-300x225.jpeg 300w\" sizes=\"auto, (max-width: 640px) 100vw, 640px\" \/><\/a><\/figure>\n<\/figure>\n","protected":false},"excerpt":{"rendered":"<p>H\u00e4ufig nutzen wir unsere kostbaren Urlaubstage, um ehrenamtlich aktiv werden zu k\u00f6nnen. F\u00fcr den Deutschen Evangelischen Kirchentag oder das Bundeslager zum Beispiel. Das gibt uns nat\u00fcrlich auch viel, sonst w\u00fcrden wir das ja nicht machen, aber wir \u2013 die B\u00fcrgerschaft der Burg Rieneck \u2013 hatten eine Vision: Urlaub IM Ehrenamt. What!? Ja, richtig gelesen! Wir [&hellip;]<\/p>\n","protected":false},"author":52,"featured_media":31494,"comment_status":"closed","ping_status":"open","sticky":false,"template":"","format":"standard","meta":{"_acf_changed":false,"inline_featured_image":false,"footnotes":""},"categories":[1],"tags":[],"class_list":["post-31480","post","type-post","status-publish","format-standard","has-post-thumbnail","hentry","category-allgemein"],"acf":[],"_links":{"self":[{"href":"https:\/\/vcp.de\/pfadfinden\/wp-json\/wp\/v2\/posts\/31480","targetHints":{"allow":["GET"]}}],"collection":[{"href":"https:\/\/vcp.de\/pfadfinden\/wp-json\/wp\/v2\/posts"}],"about":[{"href":"https:\/\/vcp.de\/pfadfinden\/wp-json\/wp\/v2\/types\/post"}],"author":[{"embeddable":true,"href":"https:\/\/vcp.de\/pfadfinden\/wp-json\/wp\/v2\/users\/52"}],"replies":[{"embeddable":true,"href":"https:\/\/vcp.de\/pfadfinden\/wp-json\/wp\/v2\/comments?post=31480"}],"version-history":[{"count":2,"href":"https:\/\/vcp.de\/pfadfinden\/wp-json\/wp\/v2\/posts\/31480\/revisions"}],"predecessor-version":[{"id":31493,"href":"https:\/\/vcp.de\/pfadfinden\/wp-json\/wp\/v2\/posts\/31480\/revisions\/31493"}],"wp:featuredmedia":[{"embeddable":true,"href":"https:\/\/vcp.de\/pfadfinden\/wp-json\/wp\/v2\/media\/31494"}],"wp:attachment":[{"href":"https:\/\/vcp.de\/pfadfinden\/wp-json\/wp\/v2\/media?parent=31480"}],"wp:term":[{"taxonomy":"category","embeddable":true,"href":"https:\/\/vcp.de\/pfadfinden\/wp-json\/wp\/v2\/categories?post=31480"},{"taxonomy":"post_tag","embeddable":true,"href":"https:\/\/vcp.de\/pfadfinden\/wp-json\/wp\/v2\/tags?post=31480"}],"curies":[{"name":"wp","href":"https:\/\/api.w.org\/{rel}","templated":true}]}}