{"id":31412,"date":"2023-06-22T14:50:53","date_gmt":"2023-06-22T12:50:53","guid":{"rendered":"https:\/\/www.vcp.de\/pfadfinden\/?p=31412"},"modified":"2023-10-13T14:33:22","modified_gmt":"2023-10-13T12:33:22","slug":"die-54-bundesversammlung-des-vcp-tagt-am-wochenende","status":"publish","type":"post","link":"https:\/\/vcp.de\/pfadfinden\/vcpbv\/die-54-bundesversammlung-des-vcp-tagt-am-wochenende\/","title":{"rendered":"Die 54. Bundesversammlung des VCP tagt am Wochenende"},"content":{"rendered":"\n<h2 class=\"wp-block-heading\"><br>Vom 23. bis zum 25. Juni tagt die 54. Bundesversammlung des Verbands Christlicher Pfadfinderinnen und Pfadfinder (VCP) e.V. auf Burg Rieneck im unterfr\u00e4nkischen Landkreis Main-Spessart. Rund 120 Pfadfinder*innen aus ganz Deutschland werden dort richtungsweisende Entscheidungen f\u00fcr die Zukunft des Verbands treffen \u2013 beispielsweise stehen Aufarbeitung Sexualisierter Gewalt und die \u00c4nderung des Verbandsnamens auf der Tagesordnung. Die Versammlung ist ein Jahreshighlight f\u00fcr den VCP: Sie ist das h\u00f6chste Entscheidungsgremium des Verbands.<\/h2>\n\n\n\n<blockquote class=\"wp-block-quote is-layout-flow wp-block-quote-is-layout-flow\">\n<p>\u00a0\u201eWir freuen uns auf die Bundesversammlung\u201c, so Peter \u201eflip\u201c Keil aus dem Bundesvorstand. \u201eGerade der Antrag zur Initiierung eines Prozesses zur Aufarbeitung sexualisierter Gewalt ist wichtig f\u00fcr den Verband. Der VCP ist in diesem Jahr 50 Jahre alt geworden. Es gilt, unsere Historie aufzuarbeiten und daraus f\u00fcr das aktuelle Verbandsgeschehen und f\u00fcr den Schutz unserer Mitglieder zu lernen.\u201c<\/p>\n<\/blockquote>\n\n\n\n<p>Der Aufarbeitungsprozess soll im Oktober starten und im September 2025 enden und wird sowohl aus einer wissenschaftlichen Aufarbeitung als auch aus einer Anlaufstelle f\u00fcr Betroffene bestehen.<\/p>\n\n\n\n<blockquote class=\"wp-block-quote is-layout-flow wp-block-quote-is-layout-flow\">\n<p>\u201eIn der Arbeit mit Kindern und Jugendlichen kommt uns die besondere Verantwortung zu, f\u00fcr ihre Sicherheit zu sorgen. Teil dieser Verantwortung ist, dass wir uns mit den Momenten auseinandersetzen, in denen uns das nicht gelungen ist\u201c, so Leah Albrecht, Bundesvorst\u00e4ndin des VCP.<\/p>\n<\/blockquote>\n\n\n\n<p>Mit Spannung wird au\u00dferdem die Debatte um die \u00c4nderung des Verbandsnamens \u2013 von Pfadfinderinnen und Pfadfinder zu Pfadfinder*innen &#8211; erwartet.<\/p>\n\n\n\n<blockquote class=\"wp-block-quote is-layout-flow wp-block-quote-is-layout-flow\">\n<p>\u201eAn unserer Arbeit w\u00fcrde ein solcher Schritt nichts \u00e4ndern. An unserer \u00f6ffentlichen Wahrnehmung jedoch sehr wohl. Es ist der Versuch, Menschen im sprachlichen Ausdruck Sichtbarkeit zu verleihen, die sich nicht als Pfadfinderin oder Pfadfinder begreifen\u201c so Johanna Mixsa aus der Bundesleitung. \u201eIch habe die Hoffnung, dass wir es im Kleinen besser hinbekommen, als es uns die Debatte in der Gesellschaft gerade vormacht.\u201c<\/p>\n<\/blockquote>\n\n\n\n<p>In einem weiteren Antrag und in einem inhaltlichen Schwerpunkt wird sich die Jugendorganisation mit den Themen Mobbing, Diskriminierung und Queerfeindlichkeit auseinandersetzen.<\/p>\n\n\n\n<p>Daneben stehen weitere, wichtige und diskussionsw\u00fcrdige Themen auf der Tagesordnung. Neben Antr\u00e4gen rund um den Mitgliedsbeitrag geht es auch um das Gro\u00dfevent des Verbandes, das Bundeslager. Es soll nach dem letztem im Jahr 2022 im Jahr 2026 wieder durchgef\u00fchrt und die Verpflegung komplett vegetarisch werden.<\/p>\n\n\n\n<p>Die Bundesversammlung ist somit auch in diesem Jahr wieder eine Veranstaltung, die der VCP nutzen will, um sich als verantwortungsbewusster und zukunftstragender Teil der Gesellschaft und Stimme der Jugend weiterzuentwickeln.<\/p>\n\n\n\n<h3 class=\"wp-block-heading\">&nbsp;<\/h3>\n\n\n\n<h3 class=\"wp-block-heading\">Aktuelles zur #vcpbv23 in den sozialen Medien<\/h3>\n\n\n\n<p>\u00dcber den Verlauf und die Ergebnisse der 54. VCP-Bundesversammlung werden wir zeitnah und aktuell berichten \u2013 auf <a href=\"https:\/\/www.vcp.de\/pfadfinden\/54-vcp-bundesversammlung\" target=\"_blank\" rel=\"noreferrer noopener\">https:\/\/www.vcp.de\/pfadfinden\/54-vcp-bundesversammlung<\/a> sowie \u00fcber Facebook, Twitter und Instagram (<strong>#vcpbv23<\/strong>) und in einem Telegram-Kanal.<\/p>\n\n\n\n<p><strong>&nbsp;Hintergrund<\/strong><\/p>\n\n\n\n<p>Im Verband Christlicher Pfadfinderinnen und Pfadfinder (VCP) e.V. sind bundesweit rund 20.000 (junge) Menschen aktiv, rund 5.000 engagieren sich als ehrenamtliche Mitarbeiter*innen. Mit unserer Arbeit erreichen wir noch viele mehr. Erziehung zu Toleranz und Demokratief\u00e4higkeit, Schutz von Natur und Umwelt, die Orientierung am Evangelium, Internationalit\u00e4t, aber auch Spa\u00df am Abenteuer, Fahrt und Lager sind Schwerpunkte der Arbeit im VCP.<\/p>\n\n\n\n<p><strong>Bei Fragen: Lena Dohmann \u2013 lena.dohmann@vcp.de&nbsp; &#8211;&nbsp; 0162 250 76 80<\/strong><\/p>\n\n\n\n<p><\/p>\n\n\n\n<div data-wp-interactive=\"core\/file\" class=\"wp-block-file\"><object data-wp-bind--hidden=\"!state.hasPdfPreview\" hidden class=\"wp-block-file__embed\" data=\"https:\/\/www.vcp.de\/pfadfinden\/wp-content\/uploads\/2023\/06\/230622-Vorabmeldung-zur-54.-VCP-Bundesversammlung.pdf\" type=\"application\/pdf\" style=\"width:100%;height:600px\" aria-label=\"Einbettung von 230622-Vorabmeldung-zur-54.-VCP-Bundesversammlung.\"><\/object><a id=\"wp-block-file--media-ffe07afd-68f4-42ac-bfa9-c1758d946a3c\" href=\"https:\/\/www.vcp.de\/pfadfinden\/wp-content\/uploads\/2023\/06\/230622-Vorabmeldung-zur-54.-VCP-Bundesversammlung.pdf\">230622-Vorabmeldung-zur-54.-VCP-Bundesversammlung<\/a><a href=\"https:\/\/www.vcp.de\/pfadfinden\/wp-content\/uploads\/2023\/06\/230622-Vorabmeldung-zur-54.-VCP-Bundesversammlung.pdf\" class=\"wp-block-file__button wp-element-button\" download aria-describedby=\"wp-block-file--media-ffe07afd-68f4-42ac-bfa9-c1758d946a3c\">Herunterladen<\/a><\/div>\n\n\n\n<figure class=\"wp-block-embed is-type-wp-embed is-provider-vcp-blog wp-block-embed-vcp-blog\"><div class=\"wp-block-embed__wrapper\">\n<blockquote class=\"wp-embedded-content\" data-secret=\"KDKg9CYn60\"><a href=\"https:\/\/www.vcp.de\/pfadfinden\/54-vcp-bundesversammlung\/\">54. VCP-Bundesversammlung<\/a><\/blockquote><iframe loading=\"lazy\" class=\"wp-embedded-content\" sandbox=\"allow-scripts\" security=\"restricted\" style=\"position: absolute; visibility: hidden;\" title=\"&#8222;54. VCP-Bundesversammlung&#8220; &#8212; VCP-Blog\" src=\"https:\/\/www.vcp.de\/pfadfinden\/54-vcp-bundesversammlung\/embed\/#?secret=DzkEjcPvhW#?secret=KDKg9CYn60\" data-secret=\"KDKg9CYn60\" width=\"600\" height=\"338\" frameborder=\"0\" marginwidth=\"0\" marginheight=\"0\" scrolling=\"no\"><\/iframe>\n<\/div><\/figure>\n","protected":false},"excerpt":{"rendered":"<p>Vom 23. bis zum 25. Juni tagt die 54. Bundesversammlung des Verbands Christlicher Pfadfinderinnen und Pfadfinder (VCP) e.V. auf Burg Rieneck im unterfr\u00e4nkischen Landkreis Main-Spessart. Rund 120 Pfadfinder*innen aus ganz Deutschland werden dort richtungsweisende Entscheidungen f\u00fcr die Zukunft des Verbands treffen \u2013 beispielsweise stehen Aufarbeitung Sexualisierter Gewalt und die \u00c4nderung des Verbandsnamens auf der Tagesordnung. [&hellip;]<\/p>\n","protected":false},"author":52,"featured_media":13260,"comment_status":"closed","ping_status":"open","sticky":false,"template":"","format":"standard","meta":{"_acf_changed":false,"inline_featured_image":false,"footnotes":""},"categories":[516],"tags":[],"class_list":["post-31412","post","type-post","status-publish","format-standard","has-post-thumbnail","hentry","category-vcpbv"],"acf":[],"_links":{"self":[{"href":"https:\/\/vcp.de\/pfadfinden\/wp-json\/wp\/v2\/posts\/31412","targetHints":{"allow":["GET"]}}],"collection":[{"href":"https:\/\/vcp.de\/pfadfinden\/wp-json\/wp\/v2\/posts"}],"about":[{"href":"https:\/\/vcp.de\/pfadfinden\/wp-json\/wp\/v2\/types\/post"}],"author":[{"embeddable":true,"href":"https:\/\/vcp.de\/pfadfinden\/wp-json\/wp\/v2\/users\/52"}],"replies":[{"embeddable":true,"href":"https:\/\/vcp.de\/pfadfinden\/wp-json\/wp\/v2\/comments?post=31412"}],"version-history":[{"count":5,"href":"https:\/\/vcp.de\/pfadfinden\/wp-json\/wp\/v2\/posts\/31412\/revisions"}],"predecessor-version":[{"id":31418,"href":"https:\/\/vcp.de\/pfadfinden\/wp-json\/wp\/v2\/posts\/31412\/revisions\/31418"}],"wp:featuredmedia":[{"embeddable":true,"href":"https:\/\/vcp.de\/pfadfinden\/wp-json\/wp\/v2\/media\/13260"}],"wp:attachment":[{"href":"https:\/\/vcp.de\/pfadfinden\/wp-json\/wp\/v2\/media?parent=31412"}],"wp:term":[{"taxonomy":"category","embeddable":true,"href":"https:\/\/vcp.de\/pfadfinden\/wp-json\/wp\/v2\/categories?post=31412"},{"taxonomy":"post_tag","embeddable":true,"href":"https:\/\/vcp.de\/pfadfinden\/wp-json\/wp\/v2\/tags?post=31412"}],"curies":[{"name":"wp","href":"https:\/\/api.w.org\/{rel}","templated":true}]}}