{"id":3105,"date":"2015-09-16T15:57:43","date_gmt":"2015-09-16T13:57:43","guid":{"rendered":"http:\/\/www.vcp.de\/pfadfinden\/?p=3105"},"modified":"2015-09-23T12:42:03","modified_gmt":"2015-09-23T10:42:03","slug":"neues-von-den-netzsteckern","status":"publish","type":"post","link":"https:\/\/vcp.de\/pfadfinden\/aus-dem-verband\/neues-von-den-netzsteckern\/","title":{"rendered":"Neues von den Netzsteckern"},"content":{"rendered":"<p><a href=\"https:\/\/www.vcp.de\/pfadfinden\/wp-content\/uploads\/2015\/09\/IMG_1636-e1443004720671.jpg\"><img loading=\"lazy\" decoding=\"async\" class=\"alignnone wp-image-3112 size-large\" src=\"https:\/\/www.vcp.de\/pfadfinden\/wp-content\/uploads\/2015\/09\/IMG_1636-1024x768.jpg\" alt=\"Mockup\" width=\"800\" height=\"600\" \/><\/a><\/p>\n<p>Mit dem neuen Design der Bundesebene steht auch eine komplette \u00dcberarbeitung der VCP-Homepage an. Die ersten technischen Planungen beginnen schon jetzt, so dass die Umschaltung 2016 stattfinden kann. Auf dem Fachgruppentreffen 03\/2015 haben sich die Netzstecker getroffen und die ersten Rahmenbedingungen formuliert. Die aktuelle L\u00f6sung besteht aus dem Content Management System <a href=\"http:\/\/typo3.org\/\" target=\"_blank\">TYPO3<\/a> f\u00fcr die Homepage und WordPress als Blog-Software. Diese Kombination hat sich bew\u00e4hrt und soll beibehalten werden. Lediglich im TYPO3-Umfeld wird \u00fcberpr\u00fcft, ob andere Alternativen unsere Anforderungen besser erf\u00fcllen k\u00f6nnen. Dazu geh\u00f6rt, dass wir uns intensiv mit <a href=\"https:\/\/www.neos.io\/\" target=\"_blank\">Neos<\/a>, dem neuen und deutlich verbesserten Content Management System der TYPO3 Association besch\u00e4ftigen.<\/p>\n<figure id=\"attachment_3113\" aria-describedby=\"caption-attachment-3113\" style=\"width: 800px\" class=\"wp-caption alignnone\"><a href=\"https:\/\/www.vcp.de\/pfadfinden\/wp-content\/uploads\/2015\/09\/Screen-Shot-2015-09-14-at-12.25.32.png\"><img loading=\"lazy\" decoding=\"async\" class=\"wp-image-3113 size-large\" src=\"https:\/\/www.vcp.de\/pfadfinden\/wp-content\/uploads\/2015\/09\/Screen-Shot-2015-09-14-at-12.25.32-1024x518.png\" alt=\"UI Beispiel neos.io\" width=\"800\" height=\"405\" srcset=\"https:\/\/vcp.de\/pfadfinden\/wp-content\/uploads\/2015\/09\/Screen-Shot-2015-09-14-at-12.25.32-1024x518.png 1024w, https:\/\/vcp.de\/pfadfinden\/wp-content\/uploads\/2015\/09\/Screen-Shot-2015-09-14-at-12.25.32-300x152.png 300w, https:\/\/vcp.de\/pfadfinden\/wp-content\/uploads\/2015\/09\/Screen-Shot-2015-09-14-at-12.25.32.png 1612w\" sizes=\"auto, (max-width: 800px) 100vw, 800px\" \/><\/a><figcaption id=\"caption-attachment-3113\" class=\"wp-caption-text\">Neos UI<\/figcaption><\/figure>\n<p>Auch im Frontend werden Ver\u00e4nderungen stattfinden. Die Anforderungen an ein flexibles Layout werden immer gr\u00f6\u00dfer. Es reicht nicht mehr, dass Webseiten auf einem Rechner gut aussehen. Sie m\u00fcssen auf unterschiedlichen Tablets und Smartphones ebenfalls funktionieren. Dies kann am besten mit einem UI Framework wie <a href=\"http:\/\/getbootstrap.com\/\" target=\"_blank\">Bootstrap<\/a> erreicht werden. Das Framework k\u00fcmmert sich dabei um die technischen Grundlagen. Wir k\u00f6nnen uns dann voll und ganz um inhaltliche Belange k\u00fcmmern. Dabei muss ber\u00fccksichtigt werden, dass auf kleinen Bildschirmen deutlich weniger Informationen dargestellt werden k\u00f6nnen. Wir m\u00fcssen somit eine Auswahl treffen, welche Informationen zum Beispiel mobile Benutzer unterwegs ben\u00f6tigen und welche in anderen Bereiche der Seite wandern k\u00f6nnen. Dar\u00fcber hinaus stehen weitere \u00c4nderungen an. Die Integration der Mitgliederverwaltung, das Zeltplatzverzeichnis und der Methodenkatalog um nur einige zu nennen.<\/p>\n<p>Du findest das spannend? Hast du Lust mit uns das Thema weiter zu entwickeln? Dann melde dich! \u00dcber Facebook, Twitter oder netzstecker@vcp.de.<\/p>\n<p>P.S.: Im April findet ein Hackathon statt. Endlich mal ein Angebot f\u00fcr Kellerkinder ab 16 \ud83d\ude09<\/p>\n","protected":false},"excerpt":{"rendered":"<p>Mit dem neuen Design der Bundesebene steht auch eine komplette \u00dcberarbeitung der VCP-Homepage an. Die ersten technischen Planungen beginnen schon jetzt, so dass die Umschaltung 2016 stattfinden kann. Auf dem Fachgruppentreffen 03\/2015 haben sich die Netzstecker getroffen und die ersten Rahmenbedingungen formuliert. Die aktuelle L\u00f6sung besteht aus dem Content Management System TYPO3 f\u00fcr die Homepage [&hellip;]<\/p>\n","protected":false},"author":52,"featured_media":3112,"comment_status":"closed","ping_status":"open","sticky":false,"template":"","format":"standard","meta":{"_acf_changed":false,"inline_featured_image":false,"footnotes":""},"categories":[5],"tags":[],"class_list":["post-3105","post","type-post","status-publish","format-standard","has-post-thumbnail","hentry","category-aus-dem-verband"],"acf":[],"_links":{"self":[{"href":"https:\/\/vcp.de\/pfadfinden\/wp-json\/wp\/v2\/posts\/3105","targetHints":{"allow":["GET"]}}],"collection":[{"href":"https:\/\/vcp.de\/pfadfinden\/wp-json\/wp\/v2\/posts"}],"about":[{"href":"https:\/\/vcp.de\/pfadfinden\/wp-json\/wp\/v2\/types\/post"}],"author":[{"embeddable":true,"href":"https:\/\/vcp.de\/pfadfinden\/wp-json\/wp\/v2\/users\/52"}],"replies":[{"embeddable":true,"href":"https:\/\/vcp.de\/pfadfinden\/wp-json\/wp\/v2\/comments?post=3105"}],"version-history":[{"count":0,"href":"https:\/\/vcp.de\/pfadfinden\/wp-json\/wp\/v2\/posts\/3105\/revisions"}],"wp:featuredmedia":[{"embeddable":true,"href":"https:\/\/vcp.de\/pfadfinden\/wp-json\/wp\/v2\/media\/3112"}],"wp:attachment":[{"href":"https:\/\/vcp.de\/pfadfinden\/wp-json\/wp\/v2\/media?parent=3105"}],"wp:term":[{"taxonomy":"category","embeddable":true,"href":"https:\/\/vcp.de\/pfadfinden\/wp-json\/wp\/v2\/categories?post=3105"},{"taxonomy":"post_tag","embeddable":true,"href":"https:\/\/vcp.de\/pfadfinden\/wp-json\/wp\/v2\/tags?post=3105"}],"curies":[{"name":"wp","href":"https:\/\/api.w.org\/{rel}","templated":true}]}}