{"id":30636,"date":"2023-05-04T13:52:04","date_gmt":"2023-05-04T11:52:04","guid":{"rendered":"https:\/\/www.vcp.de\/pfadfinden\/?p=30636"},"modified":"2023-05-04T13:52:33","modified_gmt":"2023-05-04T11:52:33","slug":"internationaler-tag-des-friedlichen-zusammenlebens-mach-mit","status":"publish","type":"post","link":"https:\/\/vcp.de\/pfadfinden\/allgemein\/internationaler-tag-des-friedlichen-zusammenlebens-mach-mit\/","title":{"rendered":"Internationaler Tag des friedlichen Zusammenlebens &#8211; mach mit!"},"content":{"rendered":"\n<p>Bald ist es wieder soweit, der internationale Tag des friedlichen Zusammenlebens steht vor der T\u00fcr! Nachdem der BMPPD (Bund muslimischer Pfadfinderinnen und Pfadfinder Deutschland) einige Jahre f\u00fcr die Einf\u00fchrung eines Tages f\u00fcr friedliches Zusammenleben warb, wurde der 16. Mai Ende 2017 von der UN offiziell zum Internationalen Tag des friedlichen Zusammenlebens proklamiert.<\/p>\n\n\n\n<p>Ziel ist es, das Einstehen f\u00fcr Frieden, Toleranz, Inklusion, Verst\u00e4ndigung und Solidarit\u00e4t in die Mitte zu r\u00fccken und pr\u00e4sent zu machen. Gerade im Hinblick auf den Angriffskrieg in der Ukraine wird deutlich, wie wichtig es ist sich gerade daf\u00fcr stark zu machen!<\/p>\n\n\n<!-- TEST -->\n<figure class=\"wp-block-image size-large\"><a href=\"https:\/\/www.vcp.de\/pfadfinden\/wp-content\/uploads\/2023\/05\/Screenshot_20230504_001005_WhatsAppBusiness.jpg\"><img loading=\"lazy\" decoding=\"async\" width=\"1024\" height=\"1019\" src=\"https:\/\/www.vcp.de\/pfadfinden\/wp-content\/uploads\/2023\/05\/Screenshot_20230504_001005_WhatsAppBusiness-1024x1019.jpg\" alt=\"\" class=\"wp-image-30638\" srcset=\"https:\/\/vcp.de\/pfadfinden\/wp-content\/uploads\/2023\/05\/Screenshot_20230504_001005_WhatsAppBusiness-1024x1019.jpg 1024w, https:\/\/vcp.de\/pfadfinden\/wp-content\/uploads\/2023\/05\/Screenshot_20230504_001005_WhatsAppBusiness-300x300.jpg 300w, https:\/\/vcp.de\/pfadfinden\/wp-content\/uploads\/2023\/05\/Screenshot_20230504_001005_WhatsAppBusiness-150x150.jpg 150w, https:\/\/vcp.de\/pfadfinden\/wp-content\/uploads\/2023\/05\/Screenshot_20230504_001005_WhatsAppBusiness-768x764.jpg 768w, https:\/\/vcp.de\/pfadfinden\/wp-content\/uploads\/2023\/05\/Screenshot_20230504_001005_WhatsAppBusiness-750x747.jpg 750w, https:\/\/vcp.de\/pfadfinden\/wp-content\/uploads\/2023\/05\/Screenshot_20230504_001005_WhatsAppBusiness-45x45.jpg 45w, https:\/\/vcp.de\/pfadfinden\/wp-content\/uploads\/2023\/05\/Screenshot_20230504_001005_WhatsAppBusiness.jpg 1079w\" sizes=\"auto, (max-width: 1024px) 100vw, 1024px\" \/><\/a><\/figure>\n\n\n\n<p>Genauer Infos, Materialien und Anleitungen zu den Mitmach-Aktionen findest du unter <a href=\"http:\/\/16maytogether.de\">16maytogether.de<\/a>.<\/p>\n\n\n\n<p>Nat\u00fcrlich kannst du aber auch selbst kreativ werden! Zum Beispiel kannst du ein Gedicht schreiben oder mit Kreide und Plakaten in deinem Heimatort auf den Tag aufmerksam machen.<\/p>\n\n\n\n<p>Alles, was du machst, kannst du bei Instagram posten und <a href=\"https:\/\/www.instagram.com\/16maytogether\/\">@16maytogether<\/a> verlinken oder per E-mail an <a href=\"mailto:kontakt@16maytogether.de\">kontakt@16maytogether.de<\/a> schicken. Und nat\u00fcrlich den #16maytogether nicht vergessen! So k\u00f6nnen wir alle den 16. Mai gemeinsam feiern!<\/p>\n","protected":false},"excerpt":{"rendered":"<p>Bald ist es wieder soweit, der internationale Tag des friedlichen Zusammenlebens steht vor der T\u00fcr! Nachdem der BMPPD (Bund muslimischer Pfadfinderinnen und Pfadfinder Deutschland) einige Jahre f\u00fcr die Einf\u00fchrung eines Tages f\u00fcr friedliches Zusammenleben warb, wurde der 16. Mai Ende 2017 von der UN offiziell zum Internationalen Tag des friedlichen Zusammenlebens proklamiert. Ziel ist es, [&hellip;]<\/p>\n","protected":false},"author":52,"featured_media":30637,"comment_status":"closed","ping_status":"open","sticky":false,"template":"","format":"standard","meta":{"_acf_changed":false,"inline_featured_image":false,"footnotes":""},"categories":[1],"tags":[],"class_list":["post-30636","post","type-post","status-publish","format-standard","has-post-thumbnail","hentry","category-allgemein"],"acf":[],"_links":{"self":[{"href":"https:\/\/vcp.de\/pfadfinden\/wp-json\/wp\/v2\/posts\/30636","targetHints":{"allow":["GET"]}}],"collection":[{"href":"https:\/\/vcp.de\/pfadfinden\/wp-json\/wp\/v2\/posts"}],"about":[{"href":"https:\/\/vcp.de\/pfadfinden\/wp-json\/wp\/v2\/types\/post"}],"author":[{"embeddable":true,"href":"https:\/\/vcp.de\/pfadfinden\/wp-json\/wp\/v2\/users\/52"}],"replies":[{"embeddable":true,"href":"https:\/\/vcp.de\/pfadfinden\/wp-json\/wp\/v2\/comments?post=30636"}],"version-history":[{"count":2,"href":"https:\/\/vcp.de\/pfadfinden\/wp-json\/wp\/v2\/posts\/30636\/revisions"}],"predecessor-version":[{"id":30640,"href":"https:\/\/vcp.de\/pfadfinden\/wp-json\/wp\/v2\/posts\/30636\/revisions\/30640"}],"wp:featuredmedia":[{"embeddable":true,"href":"https:\/\/vcp.de\/pfadfinden\/wp-json\/wp\/v2\/media\/30637"}],"wp:attachment":[{"href":"https:\/\/vcp.de\/pfadfinden\/wp-json\/wp\/v2\/media?parent=30636"}],"wp:term":[{"taxonomy":"category","embeddable":true,"href":"https:\/\/vcp.de\/pfadfinden\/wp-json\/wp\/v2\/categories?post=30636"},{"taxonomy":"post_tag","embeddable":true,"href":"https:\/\/vcp.de\/pfadfinden\/wp-json\/wp\/v2\/tags?post=30636"}],"curies":[{"name":"wp","href":"https:\/\/api.w.org\/{rel}","templated":true}]}}