{"id":30068,"date":"2023-04-05T12:11:14","date_gmt":"2023-04-05T10:11:14","guid":{"rendered":"https:\/\/www.vcp.de\/pfadfinden\/?p=30068"},"modified":"2023-04-05T12:11:27","modified_gmt":"2023-04-05T10:11:27","slug":"zwischen-sprachwelten-und-wertschaetzung","status":"publish","type":"post","link":"https:\/\/vcp.de\/pfadfinden\/auf-neuem-pfad\/zwischen-sprachwelten-und-wertschaetzung\/","title":{"rendered":"Zwischen Sprachwelten und Wertsch\u00e4tzung"},"content":{"rendered":"<p><em>von Rica R\u00f6sner<\/em><\/p>\n<p>Sprache kann verbinden, mit Worten k\u00f6nnen wir in andere Welten abtauchen, auf die Reise gehen und die Gedanken fliegen lassen. Aber uns auch direkt austauschen. Diskutieren, wertsch\u00e4tzen und den eigenen Horizont erweitern. Sprache ist Kultur, sie geh\u00f6rt zu uns \u2013 als Menschen haben wir das Bed\u00fcrfnis, miteinander in Kontakt zu treten. Wir sind soziale Wesen.<\/p>\n<p>Doch Worte k\u00f6nnen auch verletzen.<\/p>\n<p>Manchmal reichen nur wenige S\u00e4tze \u2013 oder auch einzelne Aussagen \u2013, um tiefe Narben bei Menschen zu hinterlassen. Verletzungen, die tief gehen und oftmals nicht sichtbar sind. Umso h\u00e4ufiger in genau diese Kerbe geschlagen wird, desto tiefer wird sie.<\/p>\n<p>Deshalb sollten wir uns immer fragen, wie unsere Worte auf andere wirken k\u00f6nnten. Was wir mit ihnen ausl\u00f6sen k\u00f6nnen. Manchmal sollten wir dabei auch die eigenen Bed\u00fcrfnisse in den Hintergrund stellen.<\/p>\n<p>So ist es doch auch beim Gendern. Denn gerade dabei k\u00f6nnen Worte sehr verletzend sein. Die eigene Sprache kann aber stattdessen auch eine Form der Wertsch\u00e4tzung, des Respekts sein. Ich gendere, weil ich wei\u00df, dass es Menschen gibt, die ohnehin schon nicht gesehen werden. Menschen, die oft mit Ablehnung zu k\u00e4mpfen haben. An dieser Stelle habe ich mit meiner Sprache die Chance, andere zu empowern. Ihnen den R\u00fccken zu st\u00e4rken. Denn mit meinen Worten mache ich sichtbar, rege zum Nachdenken an.<\/p>\n<p>Nat\u00fcrlich ist es ein Prozess, die eigene Sprache zu ver\u00e4ndern. Es ist ungewohnt, erfordert Zeit. Aber sollte nicht unser Ziel sein, eine Sprache zu etablieren, bei der wir niemandem verletzen? Eine sensible Sprache, die alle mit einbezieht.<\/p>\n<p>Mit Worten neue Welten schaffen und neue Pfade begehen. Sprache ist Kultur. Sie ist dynamisch, ver\u00e4ndert sich immer wieder. Passt sich an aktuelle Gegebenheiten an. Sie ist unsere Ausdrucksm\u00f6glichkeit. Unsere Chance, uns zu verst\u00e4ndigen. Dank der Sprache sind Theaterst\u00fccke m\u00f6glich, Songtexte \u2013 um nur einen kleinen Teil zu nennen. Sie pr\u00e4gt die Art und Weise, wie wir die Welt sehen. Entscheidet, welche Gedanken und Bilder in unserem Kopf entstehen.<\/p>\n<p>Wenn wer denn die Sprache so vielf\u00e4ltig eingesetzt werden kann, dann sollte sie doch auch eine m\u00f6glichst vielf\u00e4ltige und aktuelle Welt nachzeichnen. Eine bunte Welt.<\/p>\n<p>&nbsp;<\/p>\n<p>PS: Ich muss Schluss machen \u2013 muss zum Arzt.<\/p>\n<p>&nbsp;<\/p>\n<p class=\"Text\" style=\"text-align: justify\">\u2026 Hast du an einen Arzt oder eine \u00c4rztin gedacht? Tats\u00e4chlich bin ich zur \u00c4rztin gegangen. Nur mal so als praktisches Beispiel &#8211; wie Sprache bestimmte Bilder und Gedanken in unserem K\u00f6pfen produziert.<\/p>\n","protected":false},"excerpt":{"rendered":"<p>von Rica R\u00f6sner Sprache kann verbinden, mit Worten k\u00f6nnen wir in andere Welten abtauchen, auf die Reise gehen und die Gedanken fliegen lassen. Aber uns auch direkt austauschen. Diskutieren, wertsch\u00e4tzen und den eigenen Horizont erweitern. Sprache ist Kultur, sie geh\u00f6rt zu uns \u2013 als Menschen haben wir das Bed\u00fcrfnis, miteinander in Kontakt zu treten. Wir [&hellip;]<\/p>\n","protected":false},"author":3,"featured_media":30280,"comment_status":"closed","ping_status":"open","sticky":false,"template":"","format":"standard","meta":{"_acf_changed":false,"inline_featured_image":false,"footnotes":""},"categories":[419],"tags":[485,228,488],"class_list":["post-30068","post","type-post","status-publish","format-standard","has-post-thumbnail","hentry","category-auf-neuem-pfad","tag-anp2301","tag-entdecken","tag-gendern"],"acf":[],"_links":{"self":[{"href":"https:\/\/vcp.de\/pfadfinden\/wp-json\/wp\/v2\/posts\/30068","targetHints":{"allow":["GET"]}}],"collection":[{"href":"https:\/\/vcp.de\/pfadfinden\/wp-json\/wp\/v2\/posts"}],"about":[{"href":"https:\/\/vcp.de\/pfadfinden\/wp-json\/wp\/v2\/types\/post"}],"author":[{"embeddable":true,"href":"https:\/\/vcp.de\/pfadfinden\/wp-json\/wp\/v2\/users\/3"}],"replies":[{"embeddable":true,"href":"https:\/\/vcp.de\/pfadfinden\/wp-json\/wp\/v2\/comments?post=30068"}],"version-history":[{"count":9,"href":"https:\/\/vcp.de\/pfadfinden\/wp-json\/wp\/v2\/posts\/30068\/revisions"}],"predecessor-version":[{"id":30424,"href":"https:\/\/vcp.de\/pfadfinden\/wp-json\/wp\/v2\/posts\/30068\/revisions\/30424"}],"wp:featuredmedia":[{"embeddable":true,"href":"https:\/\/vcp.de\/pfadfinden\/wp-json\/wp\/v2\/media\/30280"}],"wp:attachment":[{"href":"https:\/\/vcp.de\/pfadfinden\/wp-json\/wp\/v2\/media?parent=30068"}],"wp:term":[{"taxonomy":"category","embeddable":true,"href":"https:\/\/vcp.de\/pfadfinden\/wp-json\/wp\/v2\/categories?post=30068"},{"taxonomy":"post_tag","embeddable":true,"href":"https:\/\/vcp.de\/pfadfinden\/wp-json\/wp\/v2\/tags?post=30068"}],"curies":[{"name":"wp","href":"https:\/\/api.w.org\/{rel}","templated":true}]}}