{"id":28701,"date":"2023-01-20T13:03:27","date_gmt":"2023-01-20T12:03:27","guid":{"rendered":"https:\/\/www.vcp.de\/pfadfinden\/?p=28701"},"modified":"2023-05-15T08:51:28","modified_gmt":"2023-05-15T06:51:28","slug":"aufarbeitung-im-vcp-aktueller-stand-2","status":"publish","type":"post","link":"https:\/\/vcp.de\/pfadfinden\/aus-dem-verband\/achtsamundaktiv\/aufarbeitung-im-vcp-aktueller-stand-2\/","title":{"rendered":"Aufarbeitung im VCP &#8211; aktueller Stand"},"content":{"rendered":"<h2>Der VCP m\u00f6chte die Stimmen von Betroffenen h\u00f6ren und ihnen eine M\u00f6glichkeit zur pers\u00f6nlichen Aufarbeitung geben<\/h2>\n<p>Aufarbeitung im VCP hat unter anderem folgende Ziele:<\/p>\n<ul>\n<li>Betroffenen soll die individuelle Aufarbeitung ihrer Erlebnisse erm\u00f6glicht werden.<\/li>\n<li>Der Verband will und muss aus den Fehlern der Vergangenheit lernen.<\/li>\n<\/ul>\n<p>Die Aufarbeitung im VCP wird mit wissenschaftlicher Begleitung erfolgen. Gleichzeitig werden Strukturen f\u00fcr einen guten und professionellen Umgang mit Betroffenen geschaffen.<\/p>\n<p>Der <a href=\"https:\/\/www.vcp.de\/pfadfinden\/aus-dem-verband\/achtsamundaktiv\/beirat-fuer-die-aufarbeitung-sexualisierte-gewalt-im-vcp\">Beirat<\/a> hat sich zuletzt anhand externer Angebote mit der konkreten Ausgestaltung des Aufarbeitungsprozesses besch\u00e4ftigt. Er sieht dabei die Herausforderung, eine wissenschaftliche Aufarbeitung und eine gute Unterst\u00fctzung f\u00fcr Betroffene miteinander zu vereinen. Dies wird erschwert dadurch, dass zum jetzigen Zeitpunkt noch nicht abgesichert ist, dass die Landeskirchen Anerkennungs-\/Entsch\u00e4digungszahlungen f\u00fcr Betroffene innerhalb des VCP \u00fcbernehmen. Letztlich empfiehlt nun der Beirat dem VCP, eine Doppelstruktur zu errichten: die Umsetzung einer wissenschaftlichen Studie durch ein Aufarbeitungsteam einerseits und Unterst\u00fctzung f\u00fcr Betroffene in ihren Anliegen an den VCP durch eine Anlaufstelle andererseits.<\/p>\n<p>&nbsp;<\/p>\n<p>https:\/\/www.vcp.de\/pfadfinden\/allgemein\/missbrauch-im-vcp<\/p>\n","protected":false},"excerpt":{"rendered":"<p>Der VCP m\u00f6chte die Stimmen von Betroffenen h\u00f6ren und ihnen eine M\u00f6glichkeit zur pers\u00f6nlichen Aufarbeitung geben Aufarbeitung im VCP hat unter anderem folgende Ziele: Betroffenen soll die individuelle Aufarbeitung ihrer Erlebnisse erm\u00f6glicht werden. Der Verband will und muss aus den Fehlern der Vergangenheit lernen. Die Aufarbeitung im VCP wird mit wissenschaftlicher Begleitung erfolgen. Gleichzeitig werden [&hellip;]<\/p>\n","protected":false},"author":52,"featured_media":30712,"comment_status":"closed","ping_status":"open","sticky":false,"template":"","format":"standard","meta":{"_acf_changed":false,"inline_featured_image":false,"footnotes":""},"categories":[341],"tags":[],"class_list":["post-28701","post","type-post","status-publish","format-standard","has-post-thumbnail","hentry","category-achtsamundaktiv"],"acf":[],"_links":{"self":[{"href":"https:\/\/vcp.de\/pfadfinden\/wp-json\/wp\/v2\/posts\/28701","targetHints":{"allow":["GET"]}}],"collection":[{"href":"https:\/\/vcp.de\/pfadfinden\/wp-json\/wp\/v2\/posts"}],"about":[{"href":"https:\/\/vcp.de\/pfadfinden\/wp-json\/wp\/v2\/types\/post"}],"author":[{"embeddable":true,"href":"https:\/\/vcp.de\/pfadfinden\/wp-json\/wp\/v2\/users\/52"}],"replies":[{"embeddable":true,"href":"https:\/\/vcp.de\/pfadfinden\/wp-json\/wp\/v2\/comments?post=28701"}],"version-history":[{"count":2,"href":"https:\/\/vcp.de\/pfadfinden\/wp-json\/wp\/v2\/posts\/28701\/revisions"}],"predecessor-version":[{"id":28703,"href":"https:\/\/vcp.de\/pfadfinden\/wp-json\/wp\/v2\/posts\/28701\/revisions\/28703"}],"wp:featuredmedia":[{"embeddable":true,"href":"https:\/\/vcp.de\/pfadfinden\/wp-json\/wp\/v2\/media\/30712"}],"wp:attachment":[{"href":"https:\/\/vcp.de\/pfadfinden\/wp-json\/wp\/v2\/media?parent=28701"}],"wp:term":[{"taxonomy":"category","embeddable":true,"href":"https:\/\/vcp.de\/pfadfinden\/wp-json\/wp\/v2\/categories?post=28701"},{"taxonomy":"post_tag","embeddable":true,"href":"https:\/\/vcp.de\/pfadfinden\/wp-json\/wp\/v2\/tags?post=28701"}],"curies":[{"name":"wp","href":"https:\/\/api.w.org\/{rel}","templated":true}]}}