{"id":28274,"date":"2023-01-09T11:37:56","date_gmt":"2023-01-09T10:37:56","guid":{"rendered":"https:\/\/vcp.de\/pfadfinden\/?p=28274"},"modified":"2023-01-11T10:18:01","modified_gmt":"2023-01-11T09:18:01","slug":"werde-mitarbeiterin-in-der-kinder-und-jugendarbeit","status":"publish","type":"post","link":"https:\/\/vcp.de\/pfadfinden\/aus-dem-verband\/jobs\/werde-mitarbeiterin-in-der-kinder-und-jugendarbeit\/","title":{"rendered":"Werde Mitarbeiter*in in der Kinder- und Jugendarbeit"},"content":{"rendered":"<p>Die Ev.-Luth. Kirchengemeinde Eutin als Anstellungstr\u00e4ger sucht f\u00fcr die Kirchenregion in der Holsteinischen Schweiz zum n\u00e4chstm\u00f6glichen Zeit-punkt einen\/eine<\/p>\n<p><strong>Mitarbeiter*in in der Kinder- und Jugendarbeit<\/strong><\/p>\n<p>(Diakon*in, Gemeindep\u00e4dagog*in oder vergleichbarer Abschluss)<br \/>\nVollzeit, befristet auf zwei Jahre (Verl\u00e4ngerung wird angestrebt)<\/p>\n<p><a href=\"https:\/\/vcp.de\/pfadfinden\/wp-content\/uploads\/2023\/01\/Ausschreibung-Jugendarbeit-Eutin.pdf\">Ausschreibung Jugendarbeit Eutin<\/a><\/p>\n<p>Foto: VCP\/Benedikt Bahl<\/p>\n","protected":false},"excerpt":{"rendered":"<p>Die Ev.-Luth. Kirchengemeinde Eutin als Anstellungstr\u00e4ger sucht f\u00fcr die Kirchenregion in der Holsteinischen Schweiz zum n\u00e4chstm\u00f6glichen Zeit-punkt einen\/eine Mitarbeiter*in in der Kinder- und Jugendarbeit (Diakon*in, Gemeindep\u00e4dagog*in oder vergleichbarer Abschluss) Vollzeit, befristet auf zwei Jahre (Verl\u00e4ngerung wird angestrebt) Ausschreibung Jugendarbeit Eutin Foto: VCP\/Benedikt Bahl<\/p>\n","protected":false},"author":52,"featured_media":26329,"comment_status":"closed","ping_status":"open","sticky":false,"template":"","format":"standard","meta":{"_acf_changed":false,"inline_featured_image":false,"footnotes":""},"categories":[237],"tags":[],"class_list":["post-28274","post","type-post","status-publish","format-standard","has-post-thumbnail","hentry","category-jobs"],"acf":[],"_links":{"self":[{"href":"https:\/\/vcp.de\/pfadfinden\/wp-json\/wp\/v2\/posts\/28274","targetHints":{"allow":["GET"]}}],"collection":[{"href":"https:\/\/vcp.de\/pfadfinden\/wp-json\/wp\/v2\/posts"}],"about":[{"href":"https:\/\/vcp.de\/pfadfinden\/wp-json\/wp\/v2\/types\/post"}],"author":[{"embeddable":true,"href":"https:\/\/vcp.de\/pfadfinden\/wp-json\/wp\/v2\/users\/52"}],"replies":[{"embeddable":true,"href":"https:\/\/vcp.de\/pfadfinden\/wp-json\/wp\/v2\/comments?post=28274"}],"version-history":[{"count":1,"href":"https:\/\/vcp.de\/pfadfinden\/wp-json\/wp\/v2\/posts\/28274\/revisions"}],"predecessor-version":[{"id":28276,"href":"https:\/\/vcp.de\/pfadfinden\/wp-json\/wp\/v2\/posts\/28274\/revisions\/28276"}],"wp:featuredmedia":[{"embeddable":true,"href":"https:\/\/vcp.de\/pfadfinden\/wp-json\/wp\/v2\/media\/26329"}],"wp:attachment":[{"href":"https:\/\/vcp.de\/pfadfinden\/wp-json\/wp\/v2\/media?parent=28274"}],"wp:term":[{"taxonomy":"category","embeddable":true,"href":"https:\/\/vcp.de\/pfadfinden\/wp-json\/wp\/v2\/categories?post=28274"},{"taxonomy":"post_tag","embeddable":true,"href":"https:\/\/vcp.de\/pfadfinden\/wp-json\/wp\/v2\/tags?post=28274"}],"curies":[{"name":"wp","href":"https:\/\/api.w.org\/{rel}","templated":true}]}}