{"id":28004,"date":"2022-12-16T14:13:44","date_gmt":"2022-12-16T13:13:44","guid":{"rendered":"https:\/\/vcp.de\/pfadfinden\/?p=28004"},"modified":"2022-12-23T10:54:14","modified_gmt":"2022-12-23T09:54:14","slug":"das-v-in-vcp-steht-fuer-vielfalt","status":"publish","type":"post","link":"https:\/\/vcp.de\/pfadfinden\/allgemein\/das-v-in-vcp-steht-fuer-vielfalt\/","title":{"rendered":"Das V in VCP steht f\u00fcr Vielfalt"},"content":{"rendered":"<p>Wir m\u00f6chten, dass sich auch queere Pfadis in unserem Verband zuhause f\u00fchlen, wir m\u00f6chten einen Ort schaffen, an dem sich zu verschieden Regenbogenthemen ausgetauscht werden kann und an dem kreative und engagierte Pfadis tolle Ideen f\u00fcr die St\u00e4rkung eines vielf\u00e4ltigen Miteinanders entwickeln k\u00f6nnen.<\/p>\n<p>Klingt das nach einer Gruppe, in der du dich gerne engagieren w\u00fcrdest? Klasse!<\/p>\n<p>Dann suchen wir genau Dich f\u00fcr das Spinnertreffen der Bundesleitung &#8211; L\u00e4nder zu \u201eQueeres Pfadfinden im VCP\u201c vom 03.-05.02.2023 auf der Burg Rieneck!<strong>\u00a0<\/strong><\/p>\n<p><strong>Was erwartet Dich beim Spinnertreffen?<\/strong><\/p>\n<p>Das Spinnertreffen wird parallel zum ZAK (\u201eZusammentreffen f\u00fcr Arbeit und Kommunikation\u201c), also dem Arbeitsgruppentreffen auf Bundesebene, stattfinden. Gemeinsam mit LGBTQIA+ engagierten Pfadfinder*innen aus dem VCP wollen wir, das Bundesleitungsreferat L\u00e4nder, Ideen f\u00fcr die aktuelle Amtszeit (2022-2025) spinnen.<\/p>\n<p>Welche Projekte wolltest Du schon immer mal auf Bundesebene durchf\u00fchren? Wohin sollen wir uns entwickeln? Welche Formate sind super und sollten unbedingt fortgef\u00fchrt werden? Deine Meinungen und Ideen sind gefragt! (Gro\u00dfe Vorkenntnisse bedarf es nicht unbedingt).<\/p>\n<p>Wir laden Dich ein, zusammen mit uns gro\u00df zu denken und wilde, kreative Visionen zu entwickeln.<\/p>\n<p><strong>Das bekommst Du:<\/strong><\/p>\n<p>&#8211; Eine Chance die Arbeit auf Bundesebene aktiv mitzugestalten und Kinder und Jugendliche durch tolle Aktionen und Angebote zu best\u00e4rken<\/p>\n<p>&#8211; Neues zu lernen und spannende Pfadfinder*innen zu treffen<\/p>\n<p>&#8211; Ein vielf\u00e4ltiges Wochenende auf der Burg Rieneck, bei dem alle anfallenden Kosten vom VCP \u00fcbernommen werden<\/p>\n<p><strong>Voraussetzungen:<\/strong><\/p>\n<p>&#8211; Mitglied im VCP<\/p>\n<p>&#8211; Verf\u00fcgbarkeit am 04.02.2022, idealerweise das gesamte Wochenende<\/p>\n<p>&#8211; Lust auf die aktive Mitarbeit und Mitgestaltung<\/p>\n<p>&#8211; Respektvoller Umgang mit allen anwesenden Personen<\/p>\n<p><strong>Interesse?<\/strong><\/p>\n<p>Es gilt \u201efirst come first serve\u201c \u2013 also schnell sein!<\/p>\n<p>&nbsp;<\/p>\n<p>Schreibe uns gerne<strong> bis zum 22.01.2023<\/strong> eine kurze Mail mit ein paar Informationen \u00fcber Dich an <a href=\"mailto:laender@vcp.de\"><strong>laender@vcp.de<\/strong><\/a> \u2013 sp\u00e4tere Anmeldungen k\u00f6nnen wir aus zeitlichen Gr\u00fcnden leider nicht mehr beachten. Melde Dich bei Fragen zum Wochenende gerne jederzeit bei uns!<\/p>\n<p>&nbsp;<\/p>\n<p>Gut Pfad, wir freuen uns auf Dich!<\/p>\n<p>Aki &amp; Luca<\/p>\n<p>Foto: VCP \/ Franziska Lauer<\/p>\n","protected":false},"excerpt":{"rendered":"<p>Wir m\u00f6chten, dass sich auch queere Pfadis in unserem Verband zuhause f\u00fchlen, wir m\u00f6chten einen Ort schaffen, an dem sich zu verschieden Regenbogenthemen ausgetauscht werden kann und an dem kreative und engagierte Pfadis tolle Ideen f\u00fcr die St\u00e4rkung eines vielf\u00e4ltigen Miteinanders entwickeln k\u00f6nnen. Klingt das nach einer Gruppe, in der du dich gerne engagieren w\u00fcrdest? [&hellip;]<\/p>\n","protected":false},"author":52,"featured_media":28005,"comment_status":"closed","ping_status":"open","sticky":false,"template":"","format":"standard","meta":{"_acf_changed":false,"inline_featured_image":false,"footnotes":""},"categories":[1],"tags":[],"class_list":["post-28004","post","type-post","status-publish","format-standard","has-post-thumbnail","hentry","category-allgemein"],"acf":[],"_links":{"self":[{"href":"https:\/\/vcp.de\/pfadfinden\/wp-json\/wp\/v2\/posts\/28004","targetHints":{"allow":["GET"]}}],"collection":[{"href":"https:\/\/vcp.de\/pfadfinden\/wp-json\/wp\/v2\/posts"}],"about":[{"href":"https:\/\/vcp.de\/pfadfinden\/wp-json\/wp\/v2\/types\/post"}],"author":[{"embeddable":true,"href":"https:\/\/vcp.de\/pfadfinden\/wp-json\/wp\/v2\/users\/52"}],"replies":[{"embeddable":true,"href":"https:\/\/vcp.de\/pfadfinden\/wp-json\/wp\/v2\/comments?post=28004"}],"version-history":[{"count":3,"href":"https:\/\/vcp.de\/pfadfinden\/wp-json\/wp\/v2\/posts\/28004\/revisions"}],"predecessor-version":[{"id":28163,"href":"https:\/\/vcp.de\/pfadfinden\/wp-json\/wp\/v2\/posts\/28004\/revisions\/28163"}],"wp:featuredmedia":[{"embeddable":true,"href":"https:\/\/vcp.de\/pfadfinden\/wp-json\/wp\/v2\/media\/28005"}],"wp:attachment":[{"href":"https:\/\/vcp.de\/pfadfinden\/wp-json\/wp\/v2\/media?parent=28004"}],"wp:term":[{"taxonomy":"category","embeddable":true,"href":"https:\/\/vcp.de\/pfadfinden\/wp-json\/wp\/v2\/categories?post=28004"},{"taxonomy":"post_tag","embeddable":true,"href":"https:\/\/vcp.de\/pfadfinden\/wp-json\/wp\/v2\/tags?post=28004"}],"curies":[{"name":"wp","href":"https:\/\/api.w.org\/{rel}","templated":true}]}}