{"id":27904,"date":"2022-12-20T07:33:14","date_gmt":"2022-12-20T06:33:14","guid":{"rendered":"https:\/\/vcp.de\/pfadfinden\/?p=27904"},"modified":"2022-12-21T07:39:38","modified_gmt":"2022-12-21T06:39:38","slug":"planlos-wie-der-verfassungsschutz","status":"publish","type":"post","link":"https:\/\/vcp.de\/pfadfinden\/auf-neuem-pfad\/planlos-wie-der-verfassungsschutz\/","title":{"rendered":"Planlos wie der Verfassungsschutz"},"content":{"rendered":"<h2>\u00dcber den Geheimbericht zum \u201eNationalsozialistischen Untergrund\u201c und das Versagen deutscher Beh\u00f6rden<\/h2>\n<p><em>von Lena Simosek<\/em><\/p>\n<p>Vor elf Jahren brannte in Eisenach ein Wohnmobil, darin die Neonazis, die zwischen den Jahren 2000 und 2007 Enver \u015eim\u015fek, Abdurrahim \u00d6z\u00fcdo\u011fru, S\u00fcleyman Ta\u015fk\u00f6pr\u00fc, Habil K\u0131l\u0131\u00e7, Mehmet Turgut, \u0130smail Ya\u015far, Theodoros<br \/>\nBoulgarides, Mehmet Kuba\u015f\u0131k, Halit Yozgat und Mich\u00e8le Kiesewetter ermordeten. Noch heute gibt es viele ungekl\u00e4rte Fragen zu den rassistischen Morden des \u201eNationalsozialistischen Untergrunds\u201c (NSU) und vor allem zur Rolle der deutschen Beh\u00f6rden.\u00a0Ende Oktober ver\u00f6ffentlichten Frag-DenStaat und das ZDF Magazin Royale den Geheimbericht des Hessischen Verfassungsschutzes (VS) \u00fcber die Mordserie des NSU, der eigentlich noch bis zum Jahr 2134 unter Verschluss bleiben sollte. Der Bericht, in dem der hessische Geheimdienst seine Arbeit zum NSU Komplex zusammengetragen hat, sollte vor allem geheim bleiben, weil in den umfangreichen Anh\u00e4ngen auch aufgef\u00fchrt ist, welche Informationen sogenannte \u201eV-Personen\u201c \u2013 also Vertrauenspersonen des VS \u2013 an die Beh\u00f6rde \u00fcbermittelt haben. Diese V-Personen waren Mitglieder der rechtsextremen Szene, die bezahlt wurden, um Informationen preiszugeben. Die lange Sperrfrist der Akten wurde also mit dem Schutz der V-Personen und ihrer Angeh\u00f6rigen gegr\u00fcndet. Letztendlich bringt der Bericht nicht wirklich neue Erkenntnisse zur Aufkl\u00e4rung des NSU-Komplexes. Er verk\u00f6rpert aber das Versagen des Staates. Es wird deutlich, der VS hat zwar eine Menge an Informationen gesammelt, hat diese aber nicht weiter ausgewertet oder Konsequenzen aus ihnen gezogen. So wurden bei Gespr\u00e4chen mit V-Personen keine Nachfragen gestellt oder erg\u00e4nzende Informationen eingeholt. Hinweisen auf Waffenbesitz durch Rechtsextremisten wurde nicht weiter nachgegangen. Der hessische Geheimdienst hatte ebenso Informationen zu Schie\u00dftrainings von Neonazis, \u00dcbungen im Ausland und Terrorkonzepten. Die Akten verdeutlichen erneut, welche Gefahr von Rechts ausgeht und wie wenig wir uns dabei auf die Beh\u00f6rden verlassen k\u00f6nnen \u2013 sie sind planlos. Die Akten zeigen, wie wichtig Engagement gegen Rechtsextremismus und wie wichtig auch antifaschistische Recherche ist.<\/p>\n<h3>Kein Vergessen! Kein Einzelfall! Kein Schlussstrich!<\/h3>\n<p>Auf der Bundesversammlung 2017 beschloss der VCP, sich aktiv gegen Rechtextremismus und Rechtspopulismus zu<br \/>\npositionieren. Die Kampagne \u201eAuf die Pl\u00e4tze gegen Hetze\u201c wurde gestartet, die Materialien findet ihr hier:<\/p>\n<blockquote class=\"wp-embedded-content\" data-secret=\"XSQClSfrtC\"><p><a href=\"https:\/\/www.vcp.de\/pfadfinden\/auf-die-plaetze-gegen-hetze\/buechlein-auf-die-plaetze-gegen-hetze-in-drei-sprachen-bestellbar\/\">B\u00fcchlein \u201eAuf die Pl\u00e4tze gegen Hetze\u201c in drei Sprachen bestellbar<\/a><\/p><\/blockquote>\n<p><iframe loading=\"lazy\" class=\"wp-embedded-content\" sandbox=\"allow-scripts\" security=\"restricted\" style=\"position: absolute; visibility: hidden;\" title=\"&#8222;B\u00fcchlein \u201eAuf die Pl\u00e4tze gegen Hetze\u201c in drei Sprachen bestellbar&#8220; &#8212; VCP-Blog\" src=\"https:\/\/www.vcp.de\/pfadfinden\/auf-die-plaetze-gegen-hetze\/buechlein-auf-die-plaetze-gegen-hetze-in-drei-sprachen-bestellbar\/embed\/#?secret=6XPsqvPC4h#?secret=XSQClSfrtC\" data-secret=\"XSQClSfrtC\" width=\"600\" height=\"338\" frameborder=\"0\" marginwidth=\"0\" marginheight=\"0\" scrolling=\"no\"><\/iframe><\/p>\n<blockquote class=\"wp-embedded-content\" data-secret=\"8jwV27DeQ9\"><p><a href=\"https:\/\/www.vcp.de\/pfadfinden\/gegen-hetze\/\">Auf die Pl\u00e4tze gegen Hetze<\/a><\/p><\/blockquote>\n<p><iframe loading=\"lazy\" class=\"wp-embedded-content\" sandbox=\"allow-scripts\" security=\"restricted\" style=\"position: absolute; visibility: hidden;\" title=\"&#8222;Auf die Pl\u00e4tze gegen Hetze&#8220; &#8212; VCP-Blog\" src=\"https:\/\/www.vcp.de\/pfadfinden\/gegen-hetze\/embed\/#?secret=YOqDt7ir9U#?secret=8jwV27DeQ9\" data-secret=\"8jwV27DeQ9\" width=\"600\" height=\"338\" frameborder=\"0\" marginwidth=\"0\" marginheight=\"0\" scrolling=\"no\"><\/iframe><\/p>\n<p>https:\/\/vcp.de\/pfadfinden\/podcast\/spezial-auf-die-plaetze-gegen-hetze<\/p>\n","protected":false},"excerpt":{"rendered":"<p>\u00dcber den Geheimbericht zum \u201eNationalsozialistischen Untergrund\u201c und das Versagen deutscher Beh\u00f6rden von Lena Simosek Vor elf Jahren brannte in Eisenach ein Wohnmobil, darin die Neonazis, die zwischen den Jahren 2000 und 2007 Enver \u015eim\u015fek, Abdurrahim \u00d6z\u00fcdo\u011fru, S\u00fcleyman Ta\u015fk\u00f6pr\u00fc, Habil K\u0131l\u0131\u00e7, Mehmet Turgut, \u0130smail Ya\u015far, Theodoros Boulgarides, Mehmet Kuba\u015f\u0131k, Halit Yozgat und Mich\u00e8le Kiesewetter ermordeten. Noch [&hellip;]<\/p>\n","protected":false},"author":52,"featured_media":27908,"comment_status":"closed","ping_status":"open","sticky":false,"template":"","format":"standard","meta":{"_acf_changed":false,"inline_featured_image":false,"footnotes":""},"categories":[419],"tags":[482,228],"class_list":["post-27904","post","type-post","status-publish","format-standard","has-post-thumbnail","hentry","category-auf-neuem-pfad","tag-anp2204","tag-entdecken"],"acf":[],"_links":{"self":[{"href":"https:\/\/vcp.de\/pfadfinden\/wp-json\/wp\/v2\/posts\/27904","targetHints":{"allow":["GET"]}}],"collection":[{"href":"https:\/\/vcp.de\/pfadfinden\/wp-json\/wp\/v2\/posts"}],"about":[{"href":"https:\/\/vcp.de\/pfadfinden\/wp-json\/wp\/v2\/types\/post"}],"author":[{"embeddable":true,"href":"https:\/\/vcp.de\/pfadfinden\/wp-json\/wp\/v2\/users\/52"}],"replies":[{"embeddable":true,"href":"https:\/\/vcp.de\/pfadfinden\/wp-json\/wp\/v2\/comments?post=27904"}],"version-history":[{"count":9,"href":"https:\/\/vcp.de\/pfadfinden\/wp-json\/wp\/v2\/posts\/27904\/revisions"}],"predecessor-version":[{"id":27914,"href":"https:\/\/vcp.de\/pfadfinden\/wp-json\/wp\/v2\/posts\/27904\/revisions\/27914"}],"wp:featuredmedia":[{"embeddable":true,"href":"https:\/\/vcp.de\/pfadfinden\/wp-json\/wp\/v2\/media\/27908"}],"wp:attachment":[{"href":"https:\/\/vcp.de\/pfadfinden\/wp-json\/wp\/v2\/media?parent=27904"}],"wp:term":[{"taxonomy":"category","embeddable":true,"href":"https:\/\/vcp.de\/pfadfinden\/wp-json\/wp\/v2\/categories?post=27904"},{"taxonomy":"post_tag","embeddable":true,"href":"https:\/\/vcp.de\/pfadfinden\/wp-json\/wp\/v2\/tags?post=27904"}],"curies":[{"name":"wp","href":"https:\/\/api.w.org\/{rel}","templated":true}]}}