{"id":2723,"date":"2015-07-21T11:53:53","date_gmt":"2015-07-21T09:53:53","guid":{"rendered":"http:\/\/www.vcp.de\/pfadfinden\/?p=2723"},"modified":"2015-07-21T17:55:02","modified_gmt":"2015-07-21T15:55:02","slug":"%ef%bb%bfpfadfinden-trifft-wissenschaft","status":"publish","type":"post","link":"https:\/\/vcp.de\/pfadfinden\/aus-dem-verband\/%ef%bb%bfpfadfinden-trifft-wissenschaft\/","title":{"rendered":"\ufeffPfadfinden trifft Wissenschaft"},"content":{"rendered":"<p>Einladung zur 4. Fachtagung Pfadfinden vom 19.-21. Februar 2016 in Oberwesel.<\/p>\n<p>Erstaunlicherweise wurde die Pfadfinderbewegung trotz ihrer Gr\u00f6\u00dfe und Bedeutung bislang relativ wenig wissenschaftlich untersucht und erforscht. Die wenigen vorliegenden Forschungsans\u00e4tze im deutschsprachigen Raum zu b\u00fcndeln und zusammen zu bringen ist das Ziel der Fachtagung Pfadfinden, die im Februar 2016 bereits zum vierten Mal stattfindet.<\/p>\n<p>Thematisch orientieren sich die Beitr\u00e4ge dieses Mal insbesondere am Thema \u201ePfadfinderische Beziehungsformen und Interaktionsstile\u201c. In Vortr\u00e4gen und Workshops, in Diskussionen und informellem Austausch geht es insbesondere um Impulse, die Beziehungen und Interaktionsmuster bei Pfadfinderinnen und Pfadfindern fr\u00fcher und heute in den Blick nehmen.<\/p>\n<p>Die Veranstaltung richtet sich an alle wissenschaftlich interessierten Pfadfinderinnen und Pfadfinder verschiedener Fachrichtungen sowie an Forscherinnen und Forscher, die an der Pfadfinderbewegung interessiert sind.<\/p>\n<p>Der VCP ist \u00fcber den rdp Kooperationspartner in dem \u00fcberverbandlichen Veranstaltungsformat und gestaltet die Veranstaltung inhaltlich mit und ber\u00e4t und unterst\u00fctzt die wissenschaftliche Leitung.<\/p>\n<p>Die Schirmherrschaft f\u00fcr die Fachtagung wird von Malu Dreyer, Ministerpr\u00e4sidentin von Rheinland-Pfalz, \u00fcbernommen.<\/p>\n<p>Weitere Informationen zur Fachtagung und zum genauen Programm sowie die M\u00f6glichkeit zur Anmeldung findet ihr unter <a href=\"http:\/\/www.fachtagung-pfadfinden.de\" target=\"_blank\">www.fachtagung-pfadfinden.de<\/a><\/p>\n<h2>Weitere Beitr\u00e4ge zum Thema:<\/h2>\n<p><a href=\"https:\/\/www.vcp.de\/pfadfinden\/pfadfinden-weltweit-der-vcp-ist-dabei\/\">Pfadfinden weltweit \u2013 der VCP ist dabei<\/a><\/p>\n","protected":false},"excerpt":{"rendered":"<p>Einladung zur 4. Fachtagung Pfadfinden vom 19.-21. Februar 2016 in Oberwesel. Erstaunlicherweise wurde die Pfadfinderbewegung trotz ihrer Gr\u00f6\u00dfe und Bedeutung bislang relativ wenig wissenschaftlich untersucht und erforscht. Die wenigen vorliegenden Forschungsans\u00e4tze im deutschsprachigen Raum zu b\u00fcndeln und zusammen zu bringen ist das Ziel der Fachtagung Pfadfinden, die im Februar 2016 bereits zum vierten Mal stattfindet. [&hellip;]<\/p>\n","protected":false},"author":52,"featured_media":2725,"comment_status":"closed","ping_status":"open","sticky":false,"template":"","format":"standard","meta":{"_acf_changed":false,"inline_featured_image":false,"footnotes":""},"categories":[5],"tags":[],"class_list":["post-2723","post","type-post","status-publish","format-standard","has-post-thumbnail","hentry","category-aus-dem-verband"],"acf":[],"_links":{"self":[{"href":"https:\/\/vcp.de\/pfadfinden\/wp-json\/wp\/v2\/posts\/2723","targetHints":{"allow":["GET"]}}],"collection":[{"href":"https:\/\/vcp.de\/pfadfinden\/wp-json\/wp\/v2\/posts"}],"about":[{"href":"https:\/\/vcp.de\/pfadfinden\/wp-json\/wp\/v2\/types\/post"}],"author":[{"embeddable":true,"href":"https:\/\/vcp.de\/pfadfinden\/wp-json\/wp\/v2\/users\/52"}],"replies":[{"embeddable":true,"href":"https:\/\/vcp.de\/pfadfinden\/wp-json\/wp\/v2\/comments?post=2723"}],"version-history":[{"count":0,"href":"https:\/\/vcp.de\/pfadfinden\/wp-json\/wp\/v2\/posts\/2723\/revisions"}],"wp:featuredmedia":[{"embeddable":true,"href":"https:\/\/vcp.de\/pfadfinden\/wp-json\/wp\/v2\/media\/2725"}],"wp:attachment":[{"href":"https:\/\/vcp.de\/pfadfinden\/wp-json\/wp\/v2\/media?parent=2723"}],"wp:term":[{"taxonomy":"category","embeddable":true,"href":"https:\/\/vcp.de\/pfadfinden\/wp-json\/wp\/v2\/categories?post=2723"},{"taxonomy":"post_tag","embeddable":true,"href":"https:\/\/vcp.de\/pfadfinden\/wp-json\/wp\/v2\/tags?post=2723"}],"curies":[{"name":"wp","href":"https:\/\/api.w.org\/{rel}","templated":true}]}}