{"id":27221,"date":"2022-11-17T16:36:39","date_gmt":"2022-11-17T15:36:39","guid":{"rendered":"https:\/\/www.vcp.de\/pfadfinden\/?p=27221"},"modified":"2022-12-03T09:11:54","modified_gmt":"2022-12-03T08:11:54","slug":"sarah-hanke-und-zehra-bulut-zu-neuen-vorsitzenden-des-ida-gewaehlt","status":"publish","type":"post","link":"https:\/\/vcp.de\/pfadfinden\/allgemein\/sarah-hanke-und-zehra-bulut-zu-neuen-vorsitzenden-des-ida-gewaehlt\/","title":{"rendered":"Sarah Hanke und Zehra Bulut zu neuen Vorsitzenden des IDA gew\u00e4hlt"},"content":{"rendered":"<p>Sarah Hanke (djo \u2013 Deutsche Jugend in Europa) und Zehra Bulut (Bund der Alevitischen Jugendlichen in Deutschland) bilden die neue und erste weibliche Doppelspitze des Informations- und Dokumentationszentrums f\u00fcr Antirassismusarbeit e.V. (IDA). Sie l\u00f6sen die bisherigen Vorsitzenden Janina Bauke (Ring Deutscher Pfadfinder*innenverb\u00e4nde) und Stefan<br \/>\nBrauneis (Jusos) ab, denen die Versammlung herzlich f\u00fcr ihr Engagement dankte.<br \/>\nDer 33. Delegiertenversammlung des Informations- und Dokumentationszentrums f\u00fcr Antirassismusarbeit e. V. (IDA) am 15. November in Berlin ging ein Fachgespr\u00e4ch zum Thema<br \/>\n\u201eAntialevitischer Rassismus\u201c voraus. Hier ging es um diskriminierende Erfahrungen (junger) Alevit:innen, die vor allem von Menschen ausgehen, die ebenfalls Rassismus erfahren. Auf der Tagesordnung der Delegiertenwahlen standen neben den Wahlen zum Vorstand auch die Festlegung des Arbeitsprogramms und der Beschluss des Haushalts des Vereins. Als stellvertretende Vorsitzende wurden Christoph H\u00f6vel (SJD \u2013 Die Falken), Andreas Jansen (DGB-Jugend), Joana Kulgemeyer (BDKJ) und Alexander Strohmayer (Deutsche Sportjugend) gew\u00e4hlt. Als Beisitzer:innen w\u00e4hlten die Delegierten Audrey Dilango (Jusos), Pablo Fuest (Gr\u00fcne Jugend), Lena Simosek (Ring Deutscher Pfadfinder*innenverb\u00e4nde) und Gerold Stabel (THW-Jugend).<br \/>\nEiner der Schwerpunkte des Vereins, der sich als Dienstleistungszentrums der Jugendverb\u00e4nde f\u00fcr die Themenfelder Rassismus(kritik), Rechtsextremismus, Migration, rassismuskritische \u00d6ffnung und Diversit\u00e4t versteht, wird weiterhin die Auseinandersetzung mit Rechtspopulismus sein.<\/p>\n<p>V.i.S.d.P.: Ansgar Dr\u00fccker, IDA e. V., Volmerswerther Str. 20, 40221 D\u00fcsseldorf,<br \/>\nTel: 02 11 \/ 15 92 55-5 \u2022 Fax: 02 11 \/ 15 92 55-69 \u2022 <a href=\"mailto:info@IDAeV.de\">info@IDAeV.de<\/a> \u2022 <a href=\"https:\/\/www.idaev.de\/\" target=\"_blank\" rel=\"noopener\">www.IDAeV.de<\/a> Pressemitteilung D\u00fcsseldorf, den 16. November 2022<\/p>\n<p><a href=\"https:\/\/www.vcp.de\/pfadfinden\/wp-content\/uploads\/2022\/11\/PM_052022_Neuer_IDA-Vorstand46.pdf\">PM_052022_Neuer_IDA-Vorstand<\/a><\/p>\n<figure id=\"attachment_27227\" aria-describedby=\"caption-attachment-27227\" style=\"width: 300px\" class=\"wp-caption aligncenter\"><a href=\"https:\/\/www.vcp.de\/pfadfinden\/wp-content\/uploads\/2022\/11\/634.jpg\"><img loading=\"lazy\" decoding=\"async\" class=\"wp-image-27227 size-medium\" src=\"https:\/\/www.vcp.de\/pfadfinden\/wp-content\/uploads\/2022\/11\/634-300x183.jpg\" alt=\"\" width=\"300\" height=\"183\" srcset=\"https:\/\/vcp.de\/pfadfinden\/wp-content\/uploads\/2022\/11\/634-300x183.jpg 300w, https:\/\/vcp.de\/pfadfinden\/wp-content\/uploads\/2022\/11\/634-1024x624.jpg 1024w, https:\/\/vcp.de\/pfadfinden\/wp-content\/uploads\/2022\/11\/634-768x468.jpg 768w, https:\/\/vcp.de\/pfadfinden\/wp-content\/uploads\/2022\/11\/634.jpg 1334w\" sizes=\"auto, (max-width: 300px) 100vw, 300px\" \/><\/a><figcaption id=\"caption-attachment-27227\" class=\"wp-caption-text\">Foto: Dokumentationszentrums f\u00fcr Antirassismusarbeit e. V. (IDA)<\/figcaption><\/figure>\n","protected":false},"excerpt":{"rendered":"<p>Sarah Hanke (djo \u2013 Deutsche Jugend in Europa) und Zehra Bulut (Bund der Alevitischen Jugendlichen in Deutschland) bilden die neue und erste weibliche Doppelspitze des Informations- und Dokumentationszentrums f\u00fcr Antirassismusarbeit e.V. (IDA). Sie l\u00f6sen die bisherigen Vorsitzenden Janina Bauke (Ring Deutscher Pfadfinder*innenverb\u00e4nde) und Stefan Brauneis (Jusos) ab, denen die Versammlung herzlich f\u00fcr ihr Engagement dankte. [&hellip;]<\/p>\n","protected":false},"author":3,"featured_media":27227,"comment_status":"closed","ping_status":"open","sticky":false,"template":"","format":"standard","meta":{"_acf_changed":false,"inline_featured_image":false,"footnotes":""},"categories":[1],"tags":[],"class_list":["post-27221","post","type-post","status-publish","format-standard","has-post-thumbnail","hentry","category-allgemein"],"acf":[],"_links":{"self":[{"href":"https:\/\/vcp.de\/pfadfinden\/wp-json\/wp\/v2\/posts\/27221","targetHints":{"allow":["GET"]}}],"collection":[{"href":"https:\/\/vcp.de\/pfadfinden\/wp-json\/wp\/v2\/posts"}],"about":[{"href":"https:\/\/vcp.de\/pfadfinden\/wp-json\/wp\/v2\/types\/post"}],"author":[{"embeddable":true,"href":"https:\/\/vcp.de\/pfadfinden\/wp-json\/wp\/v2\/users\/3"}],"replies":[{"embeddable":true,"href":"https:\/\/vcp.de\/pfadfinden\/wp-json\/wp\/v2\/comments?post=27221"}],"version-history":[{"count":1,"href":"https:\/\/vcp.de\/pfadfinden\/wp-json\/wp\/v2\/posts\/27221\/revisions"}],"predecessor-version":[{"id":27622,"href":"https:\/\/vcp.de\/pfadfinden\/wp-json\/wp\/v2\/posts\/27221\/revisions\/27622"}],"wp:featuredmedia":[{"embeddable":true,"href":"https:\/\/vcp.de\/pfadfinden\/wp-json\/wp\/v2\/media\/27227"}],"wp:attachment":[{"href":"https:\/\/vcp.de\/pfadfinden\/wp-json\/wp\/v2\/media?parent=27221"}],"wp:term":[{"taxonomy":"category","embeddable":true,"href":"https:\/\/vcp.de\/pfadfinden\/wp-json\/wp\/v2\/categories?post=27221"},{"taxonomy":"post_tag","embeddable":true,"href":"https:\/\/vcp.de\/pfadfinden\/wp-json\/wp\/v2\/tags?post=27221"}],"curies":[{"name":"wp","href":"https:\/\/api.w.org\/{rel}","templated":true}]}}