{"id":27205,"date":"2022-11-17T13:44:13","date_gmt":"2022-11-17T12:44:13","guid":{"rendered":"https:\/\/www.vcp.de\/pfadfinden\/?p=27205"},"modified":"2022-11-17T13:44:13","modified_gmt":"2022-11-17T12:44:13","slug":"foerderung-fuer-jugendverbaende-waechst-2023-um-3-millionen-euro-an","status":"publish","type":"post","link":"https:\/\/vcp.de\/pfadfinden\/allgemein\/foerderung-fuer-jugendverbaende-waechst-2023-um-3-millionen-euro-an\/","title":{"rendered":"F\u00f6rderung f\u00fcr Jugendverb\u00e4nde w\u00e4chst 2023 um 3 Millionen Euro an"},"content":{"rendered":"<p><em>Die Evangelische Jugend in Deutschland begr\u00fc\u00dft St\u00e4rkung der Jugendverbandsarbeit<\/em><\/p>\n<p>Der Kinder- und Jugendplan des Bundes (KJP) ist das wichtigste Instrument der Jugendf\u00f6rderung auf Bundesebene. F\u00fcr 2023 wurde der KJP nun mit zus\u00e4tzlichen 3 Millionen Euro ausgestattet. Das ergaben am letzten Freitag die Beratungen in der Bereinigungssitzung des Haushaltsausschusses des Deutschen Bundestags, der auch den Bundeshaushalt f\u00fcr 2023 beschlossen hat. Die Arbeitsgemeinschaft der Evangelischen Jugend in Deutschland e.V. (aej) begr\u00fc\u00dft diese positive Entwicklung und die damit verbundene St\u00e4rkung der Jugendverbandsarbeit ausdr\u00fccklich.<\/p>\n<p>Die zus\u00e4tzlichen Mittel k\u00f6nnen im kommenden Jahr \u00fcber die KJP-F\u00f6rderung an die Jugendverb\u00e4nde verteilt werden. Erm\u00f6glicht wurde dieser zun\u00e4chst einmalige Aufwuchs des KJP durch intensive Gespr\u00e4che des Deutschen Bundesjugendrings mit den demokratischen Bundestagsfraktionen.<\/p>\n<p>\u201eDie f\u00fcr 2023 beschlossene, h\u00f6here Ausstattung des KJP ist ein wichtiges Zeichen f\u00fcr alle, die sich in den Jugendverb\u00e4nden und in der Kinder- und Jugendarbeit engagieren. Damit sind die politischen Entscheidungstr\u00e4ger*innen einen wichtigen Schritt hin zu einer angemessenen Ausstattung des Kinder- und Jugendplans gegangen\u201c, stellt aej-Generalsekret\u00e4r Michael Peters fest und erg\u00e4nzt, \u201eZiel muss aber weiterhin eine dauerhafte und dynamisierte F\u00f6rderung der Jugendverbandsarbeit bleiben. Nur so k\u00f6nnen die aktuellen und zuk\u00fcnftigen Aufgaben der Kinder- und Jugendarbeit erf\u00fcllt werden.\u201c<\/p>\n<p>Die aktuellen Krisen hinterlassen deutliche Spuren bei Kindern, Jugendlichen und jungen Erwachsenen und haben massiven Einfluss auf ihre Lebenswelt. Jugendverb\u00e4nde k\u00f6nnen dies in ihrer Arbeit aber nur auffangen, wenn sie daf\u00fcr mit entsprechenden Mitteln ausgestattet sind. Auch und gerade in Krisenzeiten m\u00fcssen die Bed\u00fcrfnisse und Grundrechte der jungen Generation ber\u00fccksichtigt werden und L\u00f6sungen daf\u00fcr geschaffen werden. Das ist nur mit entsprechender F\u00f6rderung m\u00f6glich.<\/p>\n<p>Im Koalitionsvertrag spricht sich die Ampelkoalition im Bund f\u00fcr eine angemessene Ausstattung des Kinder- und Jugendplans aus. Dieses Ziel ist aus Sicht der aej nur zu erreichen, wenn F\u00f6rdermittel auch dauerhaft im Haushalt eingeplant und somit verstetigt werden.<\/p>\n","protected":false},"excerpt":{"rendered":"<p>Die Evangelische Jugend in Deutschland begr\u00fc\u00dft St\u00e4rkung der Jugendverbandsarbeit Der Kinder- und Jugendplan des Bundes (KJP) ist das wichtigste Instrument der Jugendf\u00f6rderung auf Bundesebene. F\u00fcr 2023 wurde der KJP nun mit zus\u00e4tzlichen 3 Millionen Euro ausgestattet. Das ergaben am letzten Freitag die Beratungen in der Bereinigungssitzung des Haushaltsausschusses des Deutschen Bundestags, der auch den Bundeshaushalt [&hellip;]<\/p>\n","protected":false},"author":52,"featured_media":24706,"comment_status":"closed","ping_status":"open","sticky":false,"template":"","format":"standard","meta":{"_acf_changed":false,"inline_featured_image":false,"footnotes":""},"categories":[1],"tags":[],"class_list":["post-27205","post","type-post","status-publish","format-standard","has-post-thumbnail","hentry","category-allgemein"],"acf":[],"_links":{"self":[{"href":"https:\/\/vcp.de\/pfadfinden\/wp-json\/wp\/v2\/posts\/27205","targetHints":{"allow":["GET"]}}],"collection":[{"href":"https:\/\/vcp.de\/pfadfinden\/wp-json\/wp\/v2\/posts"}],"about":[{"href":"https:\/\/vcp.de\/pfadfinden\/wp-json\/wp\/v2\/types\/post"}],"author":[{"embeddable":true,"href":"https:\/\/vcp.de\/pfadfinden\/wp-json\/wp\/v2\/users\/52"}],"replies":[{"embeddable":true,"href":"https:\/\/vcp.de\/pfadfinden\/wp-json\/wp\/v2\/comments?post=27205"}],"version-history":[{"count":0,"href":"https:\/\/vcp.de\/pfadfinden\/wp-json\/wp\/v2\/posts\/27205\/revisions"}],"wp:featuredmedia":[{"embeddable":true,"href":"https:\/\/vcp.de\/pfadfinden\/wp-json\/wp\/v2\/media\/24706"}],"wp:attachment":[{"href":"https:\/\/vcp.de\/pfadfinden\/wp-json\/wp\/v2\/media?parent=27205"}],"wp:term":[{"taxonomy":"category","embeddable":true,"href":"https:\/\/vcp.de\/pfadfinden\/wp-json\/wp\/v2\/categories?post=27205"},{"taxonomy":"post_tag","embeddable":true,"href":"https:\/\/vcp.de\/pfadfinden\/wp-json\/wp\/v2\/tags?post=27205"}],"curies":[{"name":"wp","href":"https:\/\/api.w.org\/{rel}","templated":true}]}}