{"id":27152,"date":"2022-11-01T20:42:36","date_gmt":"2022-11-01T19:42:36","guid":{"rendered":"https:\/\/www.vcp.de\/pfadfinden\/?p=27152"},"modified":"2023-06-22T21:52:27","modified_gmt":"2023-06-22T19:52:27","slug":"dbjr-beschluss-aufarbeitung-in-der-jugendverbandsarbeit","status":"publish","type":"post","link":"https:\/\/vcp.de\/pfadfinden\/jugendpolitik\/dbjr-beschluss-aufarbeitung-in-der-jugendverbandsarbeit\/","title":{"rendered":"DBJR-Beschluss: Aufarbeitung in der Jugend(verbands)arbeit"},"content":{"rendered":"<h3>Die Vollversammlung des Bundesjugendrings hat am 28.\/29.10.2022 die Position \u201eAufarbeitung in der Jugend(verbands)arbeit. Auseinandersetzung mit den Bed\u00fcrfnissen und Herausforderungen von Jugendarbeit im Kontext von Aufarbeitungsprozessen sexualisierter Gewalt und von Machtmissbrauch\u201c beschlossen.<\/h3>\n<p class=\"western\">Der Deutsche Bundesjugendring (DBJR) besch\u00e4ftigt sich strukturiert mit den jeweiligen Aufarbeitungsprozessen sexualisierter Gewalt und von Machtmissbrauch in der Jugend(verbands)arbeit. Dabei werden die Unterschiedlichkeiten der zur Verf\u00fcgung stehenden Strukturen und Ressourcen besonders betrachtet.<\/p>\n<p class=\"western\">Hierf\u00fcr wird durch den Bundesjugendring f\u00fcr die Mitgliedsorganisationen im Jahr 2023 ein erstes Informations- und Austauschformat organisiert. Mit diesem soll au\u00dferdem der Dialog und die Vernetzung der Expert*innen und Verantwortungstr\u00e4ger*innen der Jugendverb\u00e4nde und -ringe f\u00fcr die Thematik gef\u00f6rdert werden, sodass Synergien effektiv genutzt werden k\u00f6nnen.<\/p>\n<p class=\"western\">Dies dient als Auftakt f\u00fcr die l\u00e4ngerfristige und innerhalb der bestehenden Strukturen inhaltlich verankerte, gemeinsame Auseinandersetzung mit den institutionellen Voraussetzungen sowie den gesamtgesellschaftlichen Herausforderungen und finanziellen Folgen von Aufarbeitungsprozessen f\u00fcr Jugendorganisationen im Bundesjugendring.<\/p>\n<p class=\"western\">Zudem ist das Ziel, politische Forderungen zur Deckung der ermittelten Unterst\u00fctzungsbedarfe zu entwickeln. Dadurch wird die Grundlage f\u00fcr die Definition der Rolle des Bundesjugendrings in der externen politischen Interessensvertretung und Vermittlung der gesamtgesellschaftlichen Relevanz dieser Thematik gelegt.<\/p>\n<p><em>Einstimmig bei einer Enthaltung beschlossen in der DBJR-Vollversammlung am 28.\/29.10.2022.<\/em><\/p>\n","protected":false},"excerpt":{"rendered":"<p>Die Vollversammlung des Bundesjugendrings hat am 28.\/29.10.2022 die Position \u201eAufarbeitung in der Jugend(verbands)arbeit. Auseinandersetzung mit den Bed\u00fcrfnissen und Herausforderungen von Jugendarbeit im Kontext von Aufarbeitungsprozessen sexualisierter Gewalt und von Machtmissbrauch\u201c beschlossen. Der Deutsche Bundesjugendring (DBJR) besch\u00e4ftigt sich strukturiert mit den jeweiligen Aufarbeitungsprozessen sexualisierter Gewalt und von Machtmissbrauch in der Jugend(verbands)arbeit. Dabei werden die Unterschiedlichkeiten der [&hellip;]<\/p>\n","protected":false},"author":52,"featured_media":30712,"comment_status":"closed","ping_status":"open","sticky":false,"template":"","format":"standard","meta":{"_acf_changed":false,"inline_featured_image":false,"footnotes":""},"categories":[356,476],"tags":[358,426],"class_list":["post-27152","post","type-post","status-publish","format-standard","has-post-thumbnail","hentry","category-jugendpolitik","category-positionen-und-beschluesse","tag-vcpolitisch","tag-dbjr"],"acf":[],"_links":{"self":[{"href":"https:\/\/vcp.de\/pfadfinden\/wp-json\/wp\/v2\/posts\/27152","targetHints":{"allow":["GET"]}}],"collection":[{"href":"https:\/\/vcp.de\/pfadfinden\/wp-json\/wp\/v2\/posts"}],"about":[{"href":"https:\/\/vcp.de\/pfadfinden\/wp-json\/wp\/v2\/types\/post"}],"author":[{"embeddable":true,"href":"https:\/\/vcp.de\/pfadfinden\/wp-json\/wp\/v2\/users\/52"}],"replies":[{"embeddable":true,"href":"https:\/\/vcp.de\/pfadfinden\/wp-json\/wp\/v2\/comments?post=27152"}],"version-history":[{"count":1,"href":"https:\/\/vcp.de\/pfadfinden\/wp-json\/wp\/v2\/posts\/27152\/revisions"}],"predecessor-version":[{"id":31421,"href":"https:\/\/vcp.de\/pfadfinden\/wp-json\/wp\/v2\/posts\/27152\/revisions\/31421"}],"wp:featuredmedia":[{"embeddable":true,"href":"https:\/\/vcp.de\/pfadfinden\/wp-json\/wp\/v2\/media\/30712"}],"wp:attachment":[{"href":"https:\/\/vcp.de\/pfadfinden\/wp-json\/wp\/v2\/media?parent=27152"}],"wp:term":[{"taxonomy":"category","embeddable":true,"href":"https:\/\/vcp.de\/pfadfinden\/wp-json\/wp\/v2\/categories?post=27152"},{"taxonomy":"post_tag","embeddable":true,"href":"https:\/\/vcp.de\/pfadfinden\/wp-json\/wp\/v2\/tags?post=27152"}],"curies":[{"name":"wp","href":"https:\/\/api.w.org\/{rel}","templated":true}]}}