{"id":26781,"date":"2022-10-27T07:27:03","date_gmt":"2022-10-27T05:27:03","guid":{"rendered":"https:\/\/www.vcp.de\/pfadfinden\/?p=26781"},"modified":"2023-02-19T18:12:32","modified_gmt":"2023-02-19T17:12:32","slug":"einhundertelf-der-stamm-st-georg","status":"publish","type":"post","link":"https:\/\/vcp.de\/pfadfinden\/auf-neuem-pfad\/einhundertelf-der-stamm-st-georg\/","title":{"rendered":"Einhundertelf Der Stamm St. Georg"},"content":{"rendered":"<p><em> von Moritz Hedrich<\/em><\/p>\n<p>[osm_map lat=&#8220;48.94714548819545&#8243; lon=&#8220;9.434181289893132&#8243; zoom=&#8220;11&#8243; width=&#8220;100%&#8220; height=&#8220;450&#8243; kml_file=&#8220;https:\/\/www.vcp.de\/pfadfinden\/wp-content\/uploads\/kml\/backnang.kml&#8220;]<\/p>\n<p>111 Jahre alt. Einhundertelf. Ja, du hast richtig gelesen. So alt<br \/>\nist der \u00e4lteste VCP-Stamm in Deutschland.<br \/>\nDer Stamm St. Georg ist in Backnang (Baden-W\u00fcrttemberg) zuhause. Damals<br \/>\nim Jahre 1911 wurde die Pfadfindergruppe vom damaligen Stadtvikar Sch\u00fctz<br \/>\ngegr\u00fcndet. Innerhalb des Evangelischen J\u00fcnglings- und M\u00e4nnervereins wurden in W\u00fcrttemberg die ersten Pfadfinderabteilungen etabliert. Backnang war von Anfang an dabei. Die Pfadfinder entwickelten sich zu einer pr\u00e4genden Gr\u00f6\u00dfe in der Gesellschaft. Waren sie ein Spiegelbild der jeweiligen<br \/>\nSituation: Stark milit\u00e4risch ausgerichtet vor dem ersten Weltkrieg, auf der Suche nach neuen Werten danach. W\u00e4hrend des Dritten Reiches wurde die Gruppe mehr oder weniger in die HJ eingegliedert, doch in inoffiziellen Kleingruppen die demokratische Pfadfinderarbeit weitergef\u00fchrt. Nach 1945 wurden mit tatkr\u00e4ftigem Einsatz wieder neue Strukturen aufgebaut. Zum ersten Januar 1973 wurde durch einen Beschluss der entsprechenden Gremien aus dem BCP, dem EMP und der CPD der neue evangelische Pfadfinder*innenverband mit dem Namen \u201eVerband Christlicher Pfadfinderinnen und Pfadfinder\u201c (VCP) ins Leben gerufen. Der Stamm St. Georg schaut somit auf eine lange Pfadigeschichte mit vielen Aktionen zur\u00fcck. In den 50er und 60er Jahren war Bergsteigen hoch im Kurs bei den Sippen. Seit den 1980er Jahren bis heute ist eher Kanufahren<br \/>\nangesagt. Sei es auf dem Backnanger Stra\u00dfenfest seit 1985 oder auf Haijk und Lager. Die letzten 11\u201315 Jahre stellten an den Stamm besondere Herausforderungen, da sich eine \u00f6rtliche Gruppe vom Stamm in Backnang getrennt und sich zudem ein CPD-Stamm in Backnang gegr\u00fcndet hat. Corona stellte weitere Herausforderungen dar. Wir freuen uns, dass der Stamm so lange erhalten geblieben ist und schauen zusammen mit unseren<br \/>\nAltpfadfinder*innen stolz auf unsere Vergangenheit zur\u00fcck. Wir stellen uns<br \/>\nden zuk\u00fcnftigen Herausforderungen und Aufgaben und freuen uns auf das gemeinsame \u201ePfadfinden\u201c.<\/p>\n<div id='gallery-1' class='gallery galleryid-26781 gallery-columns-2 gallery-size-medium'><figure class='gallery-item'>\n\t\t\t<div class='gallery-icon landscape'>\n\t\t\t\t<a href='https:\/\/vcp.de\/pfadfinden\/unnamed\/'><img loading=\"lazy\" decoding=\"async\" width=\"300\" height=\"169\" src=\"https:\/\/vcp.de\/pfadfinden\/wp-content\/uploads\/2022\/10\/unnamed-300x169.jpg\" class=\"attachment-medium size-medium\" alt=\"\" aria-describedby=\"gallery-1-26787\" srcset=\"https:\/\/vcp.de\/pfadfinden\/wp-content\/uploads\/2022\/10\/unnamed-300x169.jpg 300w, https:\/\/vcp.de\/pfadfinden\/wp-content\/uploads\/2022\/10\/unnamed-1024x576.jpg 1024w, https:\/\/vcp.de\/pfadfinden\/wp-content\/uploads\/2022\/10\/unnamed-768x432.jpg 768w, https:\/\/vcp.de\/pfadfinden\/wp-content\/uploads\/2022\/10\/unnamed-1536x864.jpg 1536w, https:\/\/vcp.de\/pfadfinden\/wp-content\/uploads\/2022\/10\/unnamed-2048x1152.jpg 2048w\" sizes=\"auto, (max-width: 300px) 100vw, 300px\" \/><\/a>\n\t\t\t<\/div>\n\t\t\t\t<figcaption class='wp-caption-text gallery-caption' id='gallery-1-26787'>\n\t\t\t\tFoto: privat\n\t\t\t\t<\/figcaption><\/figure><figure class='gallery-item'>\n\t\t\t<div class='gallery-icon landscape'>\n\t\t\t\t<a href='https:\/\/vcp.de\/pfadfinden\/backnang_moritz-hedrich\/'><img loading=\"lazy\" decoding=\"async\" width=\"300\" height=\"225\" src=\"https:\/\/vcp.de\/pfadfinden\/wp-content\/uploads\/2022\/10\/Backnang_Moritz-Hedrich-300x225.jpg\" class=\"attachment-medium size-medium\" alt=\"\" aria-describedby=\"gallery-1-26786\" srcset=\"https:\/\/vcp.de\/pfadfinden\/wp-content\/uploads\/2022\/10\/Backnang_Moritz-Hedrich-300x225.jpg 300w, https:\/\/vcp.de\/pfadfinden\/wp-content\/uploads\/2022\/10\/Backnang_Moritz-Hedrich-1024x768.jpg 1024w, https:\/\/vcp.de\/pfadfinden\/wp-content\/uploads\/2022\/10\/Backnang_Moritz-Hedrich-768x576.jpg 768w, https:\/\/vcp.de\/pfadfinden\/wp-content\/uploads\/2022\/10\/Backnang_Moritz-Hedrich-1536x1152.jpg 1536w, https:\/\/vcp.de\/pfadfinden\/wp-content\/uploads\/2022\/10\/Backnang_Moritz-Hedrich-2048x1536.jpg 2048w\" sizes=\"auto, (max-width: 300px) 100vw, 300px\" \/><\/a>\n\t\t\t<\/div>\n\t\t\t\t<figcaption class='wp-caption-text gallery-caption' id='gallery-1-26786'>\n\t\t\t\tFoto: Moritz Hedrich\n\t\t\t\t<\/figcaption><\/figure>\n\t\t<\/div>\n\n","protected":false},"excerpt":{"rendered":"<p>von Moritz Hedrich [osm_map lat=&#8220;48.94714548819545&#8243; lon=&#8220;9.434181289893132&#8243; zoom=&#8220;11&#8243; width=&#8220;100%&#8220; height=&#8220;450&#8243; kml_file=&#8220;https:\/\/www.vcp.de\/pfadfinden\/wp-content\/uploads\/kml\/backnang.kml&#8220;] 111 Jahre alt. Einhundertelf. Ja, du hast richtig gelesen. So alt ist der \u00e4lteste VCP-Stamm in Deutschland. Der Stamm St. Georg ist in Backnang (Baden-W\u00fcrttemberg) zuhause. Damals im Jahre 1911 wurde die Pfadfindergruppe vom damaligen Stadtvikar Sch\u00fctz gegr\u00fcndet. Innerhalb des Evangelischen J\u00fcnglings- und M\u00e4nnervereins wurden [&hellip;]<\/p>\n","protected":false},"author":52,"featured_media":22096,"comment_status":"closed","ping_status":"open","sticky":false,"template":"","format":"standard","meta":{"_acf_changed":false,"inline_featured_image":false,"footnotes":""},"categories":[419],"tags":[475,245],"class_list":["post-26781","post","type-post","status-publish","format-standard","has-post-thumbnail","hentry","category-auf-neuem-pfad","tag-anp2203","tag-dies-und-das"],"acf":[],"_links":{"self":[{"href":"https:\/\/vcp.de\/pfadfinden\/wp-json\/wp\/v2\/posts\/26781","targetHints":{"allow":["GET"]}}],"collection":[{"href":"https:\/\/vcp.de\/pfadfinden\/wp-json\/wp\/v2\/posts"}],"about":[{"href":"https:\/\/vcp.de\/pfadfinden\/wp-json\/wp\/v2\/types\/post"}],"author":[{"embeddable":true,"href":"https:\/\/vcp.de\/pfadfinden\/wp-json\/wp\/v2\/users\/52"}],"replies":[{"embeddable":true,"href":"https:\/\/vcp.de\/pfadfinden\/wp-json\/wp\/v2\/comments?post=26781"}],"version-history":[{"count":2,"href":"https:\/\/vcp.de\/pfadfinden\/wp-json\/wp\/v2\/posts\/26781\/revisions"}],"predecessor-version":[{"id":29691,"href":"https:\/\/vcp.de\/pfadfinden\/wp-json\/wp\/v2\/posts\/26781\/revisions\/29691"}],"wp:featuredmedia":[{"embeddable":true,"href":"https:\/\/vcp.de\/pfadfinden\/wp-json\/wp\/v2\/media\/22096"}],"wp:attachment":[{"href":"https:\/\/vcp.de\/pfadfinden\/wp-json\/wp\/v2\/media?parent=26781"}],"wp:term":[{"taxonomy":"category","embeddable":true,"href":"https:\/\/vcp.de\/pfadfinden\/wp-json\/wp\/v2\/categories?post=26781"},{"taxonomy":"post_tag","embeddable":true,"href":"https:\/\/vcp.de\/pfadfinden\/wp-json\/wp\/v2\/tags?post=26781"}],"curies":[{"name":"wp","href":"https:\/\/api.w.org\/{rel}","templated":true}]}}