{"id":26550,"date":"2022-09-26T15:04:52","date_gmt":"2022-09-26T13:04:52","guid":{"rendered":"https:\/\/www.vcp.de\/pfadfinden\/?p=26550"},"modified":"2022-12-01T19:37:50","modified_gmt":"2022-12-01T18:37:50","slug":"offener-brief","status":"publish","type":"post","link":"https:\/\/vcp.de\/pfadfinden\/allgemein\/offener-brief\/","title":{"rendered":"Offener Brief zu den Vorf\u00e4llen auf dem Bundeslager 2022"},"content":{"rendered":"<p>Liebe Pfadfinder*innen,<\/p>\n<p>noch nicht mal 6 Wochen liegt das VCP-Bundeslager 2022 \u201eNeustadt\u201c hinter uns. Und wir alle sind noch voll von Erinnerungen an die Tage in Gro\u00dfzerlang.<\/p>\n<p>F\u00fcr manche von uns sind es aber nicht nur sch\u00f6ne Erinnerungen, sondern auch schlechte. Und dar\u00fcber m\u00fcssen wir sprechen!<\/p>\n<p>Der VCP ist nicht nur ein loser Zusammenschluss von Menschen mit grauem Hemd, sondern er ist auch eine Wertegemeinschaft.<em> Aufgabe und Ziel<\/em>, <em>Gesetz und Versprechen<\/em>, <em>Mei\u00dfner-Formel\u00a0<\/em>[1] und <em>Neudietendorfer Erkl\u00e4rung<\/em>[2]sind f\u00fcr uns Grundlage und Leitspruch f\u00fcr den gemeinsamen Umgang miteinander. Der VCP zieht nicht zuletzt aus diesen Grunds\u00e4tzen seine Haltung als offener, toleranter und gewaltfreier Verband. <em>Auf die Pl\u00e4tze gegen Hetze<\/em>, Queeres Pfadfinden im <em>Regenbogencafe<\/em> und ein klares Bekenntnis zum Frieden auch mithilfe vieler kleiner Kerzen zum <em>Friedenslicht<\/em> sind aktiver Ausdruck dieser Haltung. Der VCP will aktiv die Gesellschaft mitgestalten und auf Missst\u00e4nde hinweisen. Daf\u00fcr werden in seinen Gruppenstunden und Gremien, in seinen Schulungen und Aktionen diese Grundlagen und Werte erlernt, gelebt und hochgehalten.<\/p>\n<p>Was wir gern stolz nach au\u00dfen tragen, ist auf dem Bundeslager nicht immer auch gelebt worden. Pfadfinder*innen aus Bayern waren offenen Anfeindungen und Mobbing ausgesetzt, weil sie aus eben diesem Bundesland kamen; Gruppenkinder wurden von Workshops ausgeschlossen, Nazi-Vergleiche wurden ausgesprochen, es sind Drohbriefe geschrieben worden und es ist zu k\u00f6rperlichen Angriffen gekommen.<\/p>\n<p>Das Regenbogencafe hat massiv homophobe Anfeindungen erlebt, Regenbogenfahnen wurden heruntergerissen und es sind Droh- und Schm\u00e4hbriefe geschrieben worden. LGBTQI+ Pfadfinder*innen, die den VCP als sicheren Ort f\u00fcr sich empfinden, sind Opfer von Bedrohung und Diskriminierung geworden.<\/p>\n<p>Als Bundesf\u00fchrung des VCP lehnen wir jegliche Form von Diskriminierung, Mobbing, Gewalt, Homophobie und Intoleranz entschieden ab! Es ist furchtbar, dass Pfadfinder*innen auf unserem Bundeslager solche Erfahrungen machen mussten und wir m\u00f6chten uns im Namen des Verbandes bei allen entschuldigen, die auf unserem Bundeslager solche Erfahrungen machen mussten.<\/p>\n<p>Unser Anspruch als VCP ist ein anderer!<\/p>\n<p>Bundesrat und Bundesleitung haben sich im Rahmen des Bundesrats 3\/2022 bereits intensiv mit dem Thema besch\u00e4ftigt und werden als Verbandsf\u00fchrung nacharbeiten, warum unser eigener Anspruch offensichtlich nicht immer der Realit\u00e4t entsprochen hat. Wir werden die Schulungen \u00fcber die Themenkomplexe Offenheit und Toleranz nochmal neu in Grund- und Aufbaukursen bewerten. Die n\u00e4chsten Bundesr\u00e4te und die Bundesversammlung werden diese Thematik als Schwerpunkte behandeln und sich der Frage widmen: Stehen wir alle gemeinsam noch hinter unseren Grunds\u00e4tzen und wie schaffen wir es sie zu leben?<\/p>\n<p>Das Bundeslager war f\u00fcr viele das sch\u00f6nste Pfadi-Erlebnis der letzten Jahre und der VCP hat so viel Energie und Motivation daraus gezogen. Durch das Benennen von Missst\u00e4nden ist das Bula kein schlechtes geworden, aber wir m\u00fcssen alle zusammen mutiger werden, Dinge auch auszusprechen und kritisch zu betrachten. Nur so k\u00f6nnen wir als Verband besser und unseren eigenen Anspr\u00fcchen auch gerecht werden.<\/p>\n<p>Und heute fangen wir damit an!<\/p>\n<p>VCP-Bundesrat &amp; VCP-Bundesleitung<\/p>\n<p><a href=\"https:\/\/www.vcp.de\/pfadfinden\/wp-content\/uploads\/2022\/09\/Offener-Brief-zu-den-Vorfaellen-auf-dem-Bundeslager-2022.pdf\">Offener Brief zu den Vorf\u00e4llen auf dem Bundeslager 2022<\/a><\/p>\n<hr \/>\n<p>[1] Die Mei\u00dfner-Formel ist ein beim ersten Freideutschen Jugendtag festgehaltener Grundsatz, der besonders die b\u00fcndische Jugendbewegung pr\u00e4gte. <a href=\"https:\/\/dewiki.de\/Lexikon\/Erster_Freideutscher_Jugendtag#Die_Mei%C3%9Fner-Formel\">https:\/\/dewiki.de\/Lexikon\/Erster_Freideutscher_Jugendtag#Die_Mei\u00dfner-Formel<\/a><\/p>\n<p>[2]Die Neudietendorfer Grunds\u00e4tze waren die erste gemeinsame inhaltliche Grundlage der christlichen Pfadfinder*innen in Deutschland.<br \/>\n<a href=\"https:\/\/www.vcp.de\/pfadfinden\/100-jahre-neudietendorfer-grundsaetze\/\">https:\/\/www.vcp.de\/pfadfinden\/100-jahre-neudietendorfer-grundsaetze <\/a><a href=\"https:\/\/dewiki.de\/Lexikon\/Christliche_Pfadfinderschaft_Deutschlands_(1921)\">https:\/\/dewiki.de\/Lexikon\/Christliche_Pfadfinderschaft_Deutschlands_(1921)<\/a><\/p>\n<p>&nbsp;<\/p>\n<h3>Ihr habt etwas im VCP erlebt, mit dem ihr euch nicht wohlf\u00fchlt?<\/h3>\n<p>Sprecht unserere <a href=\"https:\/\/www.vcp.de\/pfadfinden\/uebersicht-vertrauenspersonen\/\">Vertrauenspersonen<\/a> an!<\/p>\n<p>Eine Anlaufstelle f\u00fcr Menschen im VCP, die Diskriminierung aufgrund ihrer Sexualit\u00e4t und Identit\u00e4t erfahren, ist noch im Aufbau.<\/p>\n<p>Wenn ihr euch wegen eurer Sexualit\u00e4t diskriminiert f\u00fchlt, euch nicht traut oder niemanden habt, mit dem*der ihr dar\u00fcber sprechen k\u00f6nnt, k\u00f6nnt ihr euch telefonisch an die <a href=\"https:\/\/www.nummergegenkummer.de\/kinder-und-jugendberatung\/kinder-und-jugendtelefon\/\">Nummer gegen Kummer f\u00fcr Kinder und Jugendliche<\/a> oder die <a href=\"https:\/\/www.telefonseelsorge.de\/\">Telefonseelsorge<\/a> wenden. Auch per E-Mail oder Chat beraten Jugendliche bei <a href=\"https:\/\/comingout.de\/beratung\/telefonisch\/\">in &amp; out<\/a>. Dort bieten junge lesbische, schwule, bi, pansexuelle, asexuelle, inter*, trans* und nicht-bin\u00e4re Personen f\u00fcr Jugendliche und junge Erwachsene ehrenamtlich Beratungen an.<\/p>\n<blockquote class=\"wp-embedded-content\" data-secret=\"NNw6mg2wmM\"><p><a href=\"https:\/\/www.vcp.de\/pfadfinden\/allgemein\/100-jahre-neudietendorfer-grundsaetze-2\/\">100 Jahre Neudietendorfer Grunds\u00e4tze<\/a><\/p><\/blockquote>\n<p><iframe loading=\"lazy\" class=\"wp-embedded-content\" sandbox=\"allow-scripts\" security=\"restricted\" style=\"position: absolute; visibility: hidden;\" title=\"&#8222;100 Jahre Neudietendorfer Grunds\u00e4tze&#8220; &#8212; VCP-Blog\" src=\"https:\/\/www.vcp.de\/pfadfinden\/allgemein\/100-jahre-neudietendorfer-grundsaetze-2\/embed\/#?secret=3xYIqM4GuD#?secret=NNw6mg2wmM\" data-secret=\"NNw6mg2wmM\" width=\"600\" height=\"338\" frameborder=\"0\" marginwidth=\"0\" marginheight=\"0\" scrolling=\"no\"><\/iframe><\/p>\n<p>&nbsp;<\/p>\n","protected":false},"excerpt":{"rendered":"<p>Liebe Pfadfinder*innen, noch nicht mal 6 Wochen liegt das VCP-Bundeslager 2022 \u201eNeustadt\u201c hinter uns. Und wir alle sind noch voll von Erinnerungen an die Tage in Gro\u00dfzerlang. F\u00fcr manche von uns sind es aber nicht nur sch\u00f6ne Erinnerungen, sondern auch schlechte. Und dar\u00fcber m\u00fcssen wir sprechen! Der VCP ist nicht nur ein loser Zusammenschluss von [&hellip;]<\/p>\n","protected":false},"author":50,"featured_media":26560,"comment_status":"closed","ping_status":"open","sticky":false,"template":"","format":"standard","meta":{"_acf_changed":false,"inline_featured_image":false,"footnotes":""},"categories":[1,419],"tags":[475],"class_list":["post-26550","post","type-post","status-publish","format-standard","has-post-thumbnail","hentry","category-allgemein","category-auf-neuem-pfad","tag-anp2203"],"acf":[],"_links":{"self":[{"href":"https:\/\/vcp.de\/pfadfinden\/wp-json\/wp\/v2\/posts\/26550","targetHints":{"allow":["GET"]}}],"collection":[{"href":"https:\/\/vcp.de\/pfadfinden\/wp-json\/wp\/v2\/posts"}],"about":[{"href":"https:\/\/vcp.de\/pfadfinden\/wp-json\/wp\/v2\/types\/post"}],"author":[{"embeddable":true,"href":"https:\/\/vcp.de\/pfadfinden\/wp-json\/wp\/v2\/users\/50"}],"replies":[{"embeddable":true,"href":"https:\/\/vcp.de\/pfadfinden\/wp-json\/wp\/v2\/comments?post=26550"}],"version-history":[{"count":2,"href":"https:\/\/vcp.de\/pfadfinden\/wp-json\/wp\/v2\/posts\/26550\/revisions"}],"predecessor-version":[{"id":27592,"href":"https:\/\/vcp.de\/pfadfinden\/wp-json\/wp\/v2\/posts\/26550\/revisions\/27592"}],"wp:featuredmedia":[{"embeddable":true,"href":"https:\/\/vcp.de\/pfadfinden\/wp-json\/wp\/v2\/media\/26560"}],"wp:attachment":[{"href":"https:\/\/vcp.de\/pfadfinden\/wp-json\/wp\/v2\/media?parent=26550"}],"wp:term":[{"taxonomy":"category","embeddable":true,"href":"https:\/\/vcp.de\/pfadfinden\/wp-json\/wp\/v2\/categories?post=26550"},{"taxonomy":"post_tag","embeddable":true,"href":"https:\/\/vcp.de\/pfadfinden\/wp-json\/wp\/v2\/tags?post=26550"}],"curies":[{"name":"wp","href":"https:\/\/api.w.org\/{rel}","templated":true}]}}