{"id":26417,"date":"2022-08-20T18:21:51","date_gmt":"2022-08-20T16:21:51","guid":{"rendered":"https:\/\/www.vcp.de\/pfadfinden\/?p=26417"},"modified":"2022-08-21T09:19:11","modified_gmt":"2022-08-21T07:19:11","slug":"du-begeisterst-dich-fuer-internationales-und-jugendpolitik-dann-komm-zum-spinnertreffen-auf-die-rieneck","status":"publish","type":"post","link":"https:\/\/vcp.de\/pfadfinden\/internationales\/du-begeisterst-dich-fuer-internationales-und-jugendpolitik-dann-komm-zum-spinnertreffen-auf-die-rieneck\/","title":{"rendered":"Du begeisterst Dich f\u00fcr Internationales und Jugendpolitik? Dann komm zum Spinnertreffen auf die Rieneck!"},"content":{"rendered":"<p>Du&#8230;<\/p>\n<ul>\n<li>\u00a0hast Lust die Arbeit auf Bundesebene kennenzulernen<\/li>\n<li>schaust gerne \u00fcber den Tellerrand deines Verbandes hinaus<\/li>\n<li>M\u00f6chtest Deine Begeisterung f\u00fcr Internationales und Jugendpolitik mit anderen<br \/>\nteilen?<\/li>\n<li>\u00a0bist motiviert, gemeinsam mit anderen VCPer*innen Ideen f\u00fcr die kommende Amtszeit\/Jahre zu spinnen?<\/li>\n<\/ul>\n<p>Dann suchen wir genau Dich f\u00fcr das Spinnertreffen des Referats \u201eNetzwerke\u201c vom<\/p>\n<p><strong>9. &#8211; 11. September 2022 auf der <a href=\"https:\/\/www.burg-rieneck.de\/\" target=\"_blank\" rel=\"noopener\">Burg Rieneck<\/a>!<\/strong><\/p>\n<h3>Was ist das Referat \u201cNetzwerke\u201c?<\/h3>\n<p>Als eines von vier neuen Bundesleitungsreferaten wurde das Referat \u201eNetzwerke\u201c, geleitet von Ilka Essig und Lena Radmer, vom Bundesvorstand berufen. Die Arbeit des Referates konzentriert sich auf die Au\u00dfenvertretung des VCP in verschiedenen Netzwerken. Das passiert einerseits international, und zwar in der Zusammenarbeit mit den beiden Weltverb\u00e4nden <a href=\"https:\/\/www.wagggs.org\/\" target=\"_blank\" rel=\"noopener\">WAGGGS<\/a> und <a href=\"https:\/\/www.scout.org\/\" target=\"_blank\" rel=\"noopener\">WOSM<\/a>, aber auch in der Jugendpolitik. In beiden Bereichen wird au\u00dferdem sehr eng mit dem <a href=\"https:\/\/www.pfadfinden-in-deutschland.de\/\" target=\"_blank\" rel=\"noopener\">Ring deutscher Pfadfinder*innenverb\u00e4nde (rdp) <\/a>zusammengearbeitet.<\/p>\n<h3>Was erwartet Dich beim Spinnertreffen?<\/h3>\n<p>Das Spinnertreffen wird parallel zum ZAK (\u201eZusammentreffen f\u00fcr Arbeit und<br \/>\nKommunikation\u201c), also dem Arbeitsgruppentreffen auf Bundesebene, stattfinden. Gemeinsam mit international oder jugendpolitisch begeisterten Pfadfinder*innen aus dem VCP wollen wir Ideen f\u00fcr die kommende Amtszeit (2022-2025) spinnen. Welche Projekte wolltest Du schon immer mal auf Bundesebene durchf\u00fchren? Wohin sollen wir uns entwickeln? Welche Formate sind super und sollten unbedingt fortgef\u00fchrt werden? Deine Meinungen und Ideen sind gefragt! (Gro\u00dfe Vorkenntnisse bedarf es nicht unbedingt).<\/p>\n<p>Wir laden Dich ein, zusammen mit uns gro\u00df zu denken und wilde, kreative Visionen zu entwickeln. Au\u00dferdem halten wir nat\u00fcrlich Ausschau nach potentiellen Mitarbeitenden f\u00fcr unser Referat.<\/p>\n<h3>Das bekommst Du:<\/h3>\n<ul>\n<li>Eine Chance die Arbeit auf Bundesebene aktiv mitzugestalten und Kinder und Jugendliche durch ein tolles Programm zu st\u00e4rken<\/li>\n<li>Neues zu lernen und spannende Pfadfinder*innen zu treffen<\/li>\n<li>Ein vielf\u00e4ltiges Wochenende auf der <a href=\"https:\/\/www.burg-rieneck.de\/\" target=\"_blank\" rel=\"noopener\">Burg Rieneck<\/a>, bei dem alle anfallenden Kosten vom VCP \u00fcbernommen werden:<\/li>\n<\/ul>\n<h3>Voraussetzungen:<\/h3>\n<ul>\n<li>Mitglied im VCP<\/li>\n<li>Verf\u00fcgbarkeit am gesamten Wochenende<\/li>\n<li>Aktive Mitarbeit und Mitgestaltung des Wochenendes<\/li>\n<li>Respektvoller Umgang mit allen anwesenden Personen<\/li>\n<\/ul>\n<h3>Interesse?<\/h3>\n<p>Es gilt \u201efirst come first serve\u201c \u2013 also schnell sein!<\/p>\n<p>Schreibe uns gerne bis zum 28.08.2022 eine kurze Mail mit ein paar Infos \u00fcber Dich an <a href=\"mailto:international@vcp.de\">international@vcp.de<\/a> \u2013 sp\u00e4tere Anmeldungen k\u00f6nnen wir aus zeitlichen Gr\u00fcnden leider nicht mehr beachten. Melde Dich bei Fragen zum Wochenende gerne jederzeit bei uns!<\/p>\n<p>Gut Pfad, wir freuen uns auf Dich!<\/p>\n<p>Ilka und Lena<\/p>\n<p><a href=\"https:\/\/www.vcp.de\/pfadfinden\/wp-content\/uploads\/2022\/08\/Ausschreibung_Spinnertreffen.pdf\" target=\"_blank\" rel=\"noopener\">Ausschreibung_Spinnertreffen<\/a><\/p>\n<h3>Disclaimer<\/h3>\n<p>Die Teilnahme am Spinnertreffen ist keine Voraussetzung und keine Garantie f\u00fcr die Mitarbeit im Referat Netzwerke. Im Herbst werden wir Ausschreibungen ver\u00f6ffentlichen, auf die sich jede*r gleicherma\u00dfen bewerben kann.<\/p>\n","protected":false},"excerpt":{"rendered":"<p>Du&#8230; \u00a0hast Lust die Arbeit auf Bundesebene kennenzulernen schaust gerne \u00fcber den Tellerrand deines Verbandes hinaus M\u00f6chtest Deine Begeisterung f\u00fcr Internationales und Jugendpolitik mit anderen teilen? \u00a0bist motiviert, gemeinsam mit anderen VCPer*innen Ideen f\u00fcr die kommende Amtszeit\/Jahre zu spinnen? Dann suchen wir genau Dich f\u00fcr das Spinnertreffen des Referats \u201eNetzwerke\u201c vom 9. &#8211; 11. September [&hellip;]<\/p>\n","protected":false},"author":3,"featured_media":5844,"comment_status":"closed","ping_status":"open","sticky":false,"template":"","format":"standard","meta":{"_acf_changed":false,"inline_featured_image":false,"footnotes":""},"categories":[14],"tags":[],"class_list":["post-26417","post","type-post","status-publish","format-standard","has-post-thumbnail","hentry","category-internationales"],"acf":[],"_links":{"self":[{"href":"https:\/\/vcp.de\/pfadfinden\/wp-json\/wp\/v2\/posts\/26417","targetHints":{"allow":["GET"]}}],"collection":[{"href":"https:\/\/vcp.de\/pfadfinden\/wp-json\/wp\/v2\/posts"}],"about":[{"href":"https:\/\/vcp.de\/pfadfinden\/wp-json\/wp\/v2\/types\/post"}],"author":[{"embeddable":true,"href":"https:\/\/vcp.de\/pfadfinden\/wp-json\/wp\/v2\/users\/3"}],"replies":[{"embeddable":true,"href":"https:\/\/vcp.de\/pfadfinden\/wp-json\/wp\/v2\/comments?post=26417"}],"version-history":[{"count":0,"href":"https:\/\/vcp.de\/pfadfinden\/wp-json\/wp\/v2\/posts\/26417\/revisions"}],"wp:featuredmedia":[{"embeddable":true,"href":"https:\/\/vcp.de\/pfadfinden\/wp-json\/wp\/v2\/media\/5844"}],"wp:attachment":[{"href":"https:\/\/vcp.de\/pfadfinden\/wp-json\/wp\/v2\/media?parent=26417"}],"wp:term":[{"taxonomy":"category","embeddable":true,"href":"https:\/\/vcp.de\/pfadfinden\/wp-json\/wp\/v2\/categories?post=26417"},{"taxonomy":"post_tag","embeddable":true,"href":"https:\/\/vcp.de\/pfadfinden\/wp-json\/wp\/v2\/tags?post=26417"}],"curies":[{"name":"wp","href":"https:\/\/api.w.org\/{rel}","templated":true}]}}