{"id":25313,"date":"2022-03-25T10:08:24","date_gmt":"2022-03-25T09:08:24","guid":{"rendered":"https:\/\/www.vcp.de\/pfadfinden\/?p=25313"},"modified":"2023-02-09T15:45:30","modified_gmt":"2023-02-09T14:45:30","slug":"u18-landtagswahlen-2022","status":"publish","type":"post","link":"https:\/\/vcp.de\/pfadfinden\/allgemein\/u18-landtagswahlen-2022\/","title":{"rendered":"U18-Landtagswahlen 2022"},"content":{"rendered":"<h3>Auch im Jahr 2022 finden wieder U18-Wahlen in der Woche vor den Landtagswahlen statt. Gleich in vier Bundesl\u00e4ndern &#8211; Saarland, Schleswig-Holstein, Nordrhein-Westfalen und in Niedersachsen &#8211; werden in diesem Jahr neue L\u00e4nderparlamente gew\u00e4hlt und so die Weichen f\u00fcr die Politik der n\u00e4chsten Jahre gestellt. Jedoch sind Millionen Kinder und Jugendliche von der Mitbestimmung, politischen Partizipation und Gestaltung ihrer Zukunft in ihren jeweiligen L\u00e4ndern ausgeschlossen.<\/h3>\n<p>Gemeinsam mit dem Deutschen Bundesjugendring setzt sich der VCP f\u00fcr eine <a href=\"https:\/\/www.dbjr.de\/xtra\/wahlaltersenken\">Senkung des Wahlalters<\/a> auf 14 Jahre ein. Denn Jugendliche sind Tr\u00e4ger*innen demokratischer Grundrechte. Sie wollen und k\u00f6nnen ihre Zukunft selber in die<br \/>\nHand nehmen und eine Politik, die in die Zukunft tr\u00e4gt, mitgestalten. Dies darf man ihnen nicht l\u00e4nger verwehren. Junge Menschen sind in vielf\u00e4ltiger Weise zivilgesellschaftlich engagiert. Sie wollen mitentscheiden und zwar jetzt!<\/p>\n<p>Um Kindern und Jugendlichen bereits jetzt eine Stimme zu geben, wurden die U18-Wahlen ins Leben gerufen. Sie zeigen auf, dass junge Menschen politisch und zivilgesellschaftlich engagiert sind und sein wollen und dienen auch immer wieder als Grundlage f\u00fcr Diskussionen mit politischen Verantwortungstr\u00e4ger*innen. Deshalb seid dabei! Eure Stimme bei den U18-Wahlen z\u00e4hlt!<\/p>\n<p><strong>Wahltermine 2022<\/strong><\/p>\n<table>\n<thead>\n<tr>\n<td><strong>Termin<\/strong><\/td>\n<td><strong>Bundesland<\/strong><\/td>\n<td><strong>Organ(e)<\/strong><\/td>\n<td width=\"115\"><strong>Wahlperiode<\/strong><\/td>\n<\/tr>\n<\/thead>\n<tbody>\n<tr>\n<td>27. M\u00e4rz 2022<\/td>\n<td>Saarland<\/td>\n<td>Landtag<\/td>\n<td width=\"115\">5 Jahre<\/td>\n<\/tr>\n<tr>\n<td>8. Mai 2022<\/td>\n<td>Schleswig-Holstein<\/td>\n<td>Landtag<\/td>\n<td width=\"115\">5 Jahre<\/td>\n<\/tr>\n<tr>\n<td>15. Mai 2022<\/td>\n<td>Nordrhein-Westfalen<\/td>\n<td>Landtag<\/td>\n<td width=\"115\">5 Jahre<\/td>\n<\/tr>\n<tr>\n<td>9. Oktober 2022<\/td>\n<td>Niedersachsen<\/td>\n<td>Landtag<\/td>\n<td width=\"115\">5 Jahre<\/td>\n<\/tr>\n<\/tbody>\n<\/table>\n<p>Alle Informationen und weiterf\u00fchrenden Links zu den diesj\u00e4hrigen Wahlen findet ihr hier: <a href=\"https:\/\/www.u18.org\/\">https:\/\/www.u18.org\/<\/a><\/p>\n<p>Ihr sucht noch mehr (Hintergrund)informationen rund um das Thema Wahlen, die Prozesse dahinter und wie du eigentlich Bundeskanzler*in werden kannst? Dann schau doch mal bei Walli Wa(h)lfisch vorbei: <a href=\"https:\/\/www.vcp.de\/pfadfinden\/superwahljahr\/\">https:\/\/www.vcp.de\/pfadfinden\/superwahljahr\/<\/a><\/p>\n<blockquote class=\"wp-embedded-content\" data-secret=\"rHC7JwU0IX\"><p><a href=\"https:\/\/www.vcp.de\/pfadfinden\/superwahljahr\/euer-wahllokal-zur-u18-wahl\/\">Euer Wahllokal zur U18-Wahl<\/a><\/p><\/blockquote>\n<p><iframe loading=\"lazy\" class=\"wp-embedded-content\" sandbox=\"allow-scripts\" security=\"restricted\" style=\"position: absolute; visibility: hidden;\" title=\"&#8222;Euer Wahllokal zur U18-Wahl&#8220; &#8212; VCP-Blog\" src=\"https:\/\/www.vcp.de\/pfadfinden\/superwahljahr\/euer-wahllokal-zur-u18-wahl\/embed\/#?secret=ByBd9bwutF#?secret=rHC7JwU0IX\" data-secret=\"rHC7JwU0IX\" width=\"600\" height=\"338\" frameborder=\"0\" marginwidth=\"0\" marginheight=\"0\" scrolling=\"no\"><\/iframe><\/p>\n","protected":false},"excerpt":{"rendered":"<p>Auch im Jahr 2022 finden wieder U18-Wahlen in der Woche vor den Landtagswahlen statt. Gleich in vier Bundesl\u00e4ndern &#8211; Saarland, Schleswig-Holstein, Nordrhein-Westfalen und in Niedersachsen &#8211; werden in diesem Jahr neue L\u00e4nderparlamente gew\u00e4hlt und so die Weichen f\u00fcr die Politik der n\u00e4chsten Jahre gestellt. Jedoch sind Millionen Kinder und Jugendliche von der Mitbestimmung, politischen Partizipation [&hellip;]<\/p>\n","protected":false},"author":52,"featured_media":25316,"comment_status":"closed","ping_status":"open","sticky":false,"template":"","format":"standard","meta":{"_acf_changed":false,"inline_featured_image":false,"footnotes":""},"categories":[1],"tags":[102,436,469],"class_list":["post-25313","post","type-post","status-publish","format-standard","has-post-thumbnail","hentry","category-allgemein","tag-jugendpolitik","tag-superwahljahr","tag-u18"],"acf":[],"_links":{"self":[{"href":"https:\/\/vcp.de\/pfadfinden\/wp-json\/wp\/v2\/posts\/25313","targetHints":{"allow":["GET"]}}],"collection":[{"href":"https:\/\/vcp.de\/pfadfinden\/wp-json\/wp\/v2\/posts"}],"about":[{"href":"https:\/\/vcp.de\/pfadfinden\/wp-json\/wp\/v2\/types\/post"}],"author":[{"embeddable":true,"href":"https:\/\/vcp.de\/pfadfinden\/wp-json\/wp\/v2\/users\/52"}],"replies":[{"embeddable":true,"href":"https:\/\/vcp.de\/pfadfinden\/wp-json\/wp\/v2\/comments?post=25313"}],"version-history":[{"count":1,"href":"https:\/\/vcp.de\/pfadfinden\/wp-json\/wp\/v2\/posts\/25313\/revisions"}],"predecessor-version":[{"id":29487,"href":"https:\/\/vcp.de\/pfadfinden\/wp-json\/wp\/v2\/posts\/25313\/revisions\/29487"}],"wp:featuredmedia":[{"embeddable":true,"href":"https:\/\/vcp.de\/pfadfinden\/wp-json\/wp\/v2\/media\/25316"}],"wp:attachment":[{"href":"https:\/\/vcp.de\/pfadfinden\/wp-json\/wp\/v2\/media?parent=25313"}],"wp:term":[{"taxonomy":"category","embeddable":true,"href":"https:\/\/vcp.de\/pfadfinden\/wp-json\/wp\/v2\/categories?post=25313"},{"taxonomy":"post_tag","embeddable":true,"href":"https:\/\/vcp.de\/pfadfinden\/wp-json\/wp\/v2\/tags?post=25313"}],"curies":[{"name":"wp","href":"https:\/\/api.w.org\/{rel}","templated":true}]}}