{"id":25193,"date":"2022-03-29T07:45:15","date_gmt":"2022-03-29T05:45:15","guid":{"rendered":"https:\/\/www.vcp.de\/pfadfinden\/?p=25193"},"modified":"2023-02-01T15:57:06","modified_gmt":"2023-02-01T14:57:06","slug":"die-stadtkasse-ist-leer-wer-kann-sie-wieder-fuellen","status":"publish","type":"post","link":"https:\/\/vcp.de\/pfadfinden\/auf-neuem-pfad\/die-stadtkasse-ist-leer-wer-kann-sie-wieder-fuellen\/","title":{"rendered":"Die Stadtkasse ist leer! Wer kann sie wieder f\u00fcllen?"},"content":{"rendered":"<p>+++++ NACHRICHT AUS DEM \u201eP\u00c4LITZKURIER\u201c +++++<\/p>\n<p><img decoding=\"async\" loading=\"lazy\" class=\"aligncenter wp-image-22496 size-medium\" src=\"https:\/\/www.vcp.de\/pfadfinden\/wp-content\/uploads\/2021\/07\/bula-neustadt-300x60.png\" alt=\"\" width=\"300\" height=\"60\" srcset=\"https:\/\/www.vcp.de\/pfadfinden\/wp-content\/uploads\/2021\/07\/bula-neustadt-300x60.png 300w, https:\/\/www.vcp.de\/pfadfinden\/wp-content\/uploads\/2021\/07\/bula-neustadt.png 600w\" sizes=\"auto, (max-width: 300px) 100vw, 300px\" \/><br \/>\n<em>von Chrissi Br\u00fcggemann<\/em><\/p>\n<p><strong>Neustadt (Pfadingen)<\/strong> Neue Entwicklungen im Fall von Kordula Rupter. Noch immer steht sie f\u00fcr kein Interview bereit, l\u00e4sst sich auch bei \u00f6ffentlichen Terminen von ihren Kolleg*innen aus der Stadtverwaltung vertreten und zus\u00e4tzlich erh\u00e4rten sich die Vorw\u00fcrfe der Unterschlagung von Geld aus der Stadtkasse.<\/p>\n<p>Die k\u00fcrzlich eingerichtete Sonderermittlungsstelle verzeichnet erste Erfolge. Mittlerweile steht fest: Diese Gro\u00dfbaustelle diente zu keinem Zeitpunkt dem Wohle der Stadt, sondern war Umschlagplatz, damit B\u00fcrgermeisterin Rupter ohne viele Aufsehen die bewilligten Mittel f\u00fcr das Projekt zus\u00e4tzlich beiseiteschaffen konnte. Die Fahndung nach ihr l\u00e4uft auf Hochtouren \u2013 bisher ohne Erfolg. Die Ermittler*innen teilten dem P\u00e4litzkurier exklusiv mit, dass davon auszugehen sei, dass Frau Rupter mit ihrer Beute Neustadt bereits verlassen hat.<\/p>\n<p>Aktuell f\u00fchren die verbliebenen Stadtr\u00e4t*innen das Tagesgesch\u00e4ft des Neust\u00e4dter Rathauses. Sie sind sich jedoch uneins, wie sie mit der Situation am besten umgehen sollen. Denn die leere Stadtkasse hat Auswirkungen. So k\u00f6nnen die notwendigen Reparaturen an der Schule nicht finanziert werden. Auch der Breitbandausbaus muss erst einmal hintenangestellt werden. Es gibt wichtigeres zu tun: Geld muss her und zwar schnell! Es gilt die Stadtkasse zu f\u00fcllen. Ein Plan, wie dies gemeinsam mit den Neust\u00e4dter B\u00fcrger*innen gelingen kann, soll erdacht werden. Doch das ist leichter gesagt als getan. Wer von den vier Stadtr\u00e4t*innen die B\u00fcrger*innen von Neustadt von ihren*seinen Pl\u00e4nen langfristig \u00fcberzeugen kann und damit auch neue*r B\u00fcrgermeister*in wird, bleibt bis zur anstehenden Wahl abzuwarten.<\/p>\n<p>Ger\u00fcchten zufolge wird die Liste der Kandidat*innen noch l\u00e4nger. Die B\u00fcrger*innen der einzelnen Neust\u00e4dter Stadtviertel haben durch den Skandal um Frau Kordula Rupter der letzten Wochen und Monate das Vertrauen in die Politik verloren und wollen nun selbst geeignete Menschen aus ihren Reihen zur B\u00fcrgermeister*innenwahl aufstellen.<\/p>\n<blockquote class=\"wp-embedded-content\" data-secret=\"hpt2V0ddat\"><p><a href=\"https:\/\/www.vcp.de\/pfadfinden\/auf-neuem-pfad\/korruptionsverdacht-im-neustaedter-rathaus\/\">Korruptionsverdacht im Neust\u00e4dter Rathaus<\/a><\/p><\/blockquote>\n<p><iframe loading=\"lazy\" class=\"wp-embedded-content\" sandbox=\"allow-scripts\" security=\"restricted\" style=\"position: absolute; visibility: hidden;\" title=\"&#8222;Korruptionsverdacht im Neust\u00e4dter Rathaus&#8220; &#8212; VCP-Blog\" src=\"https:\/\/www.vcp.de\/pfadfinden\/auf-neuem-pfad\/korruptionsverdacht-im-neustaedter-rathaus\/embed\/#?secret=UM8tiUcEaD#?secret=hpt2V0ddat\" data-secret=\"hpt2V0ddat\" width=\"600\" height=\"338\" frameborder=\"0\" marginwidth=\"0\" marginheight=\"0\" scrolling=\"no\"><\/iframe><\/p>\n","protected":false},"excerpt":{"rendered":"<p>+++++ NACHRICHT AUS DEM \u201eP\u00c4LITZKURIER\u201c +++++ von Chrissi Br\u00fcggemann Neustadt (Pfadingen) Neue Entwicklungen im Fall von Kordula Rupter. Noch immer steht sie f\u00fcr kein Interview bereit, l\u00e4sst sich auch bei \u00f6ffentlichen Terminen von ihren Kolleg*innen aus der Stadtverwaltung vertreten und zus\u00e4tzlich erh\u00e4rten sich die Vorw\u00fcrfe der Unterschlagung von Geld aus der Stadtkasse. Die k\u00fcrzlich eingerichtete [&hellip;]<\/p>\n","protected":false},"author":52,"featured_media":25194,"comment_status":"closed","ping_status":"open","sticky":false,"template":"","format":"standard","meta":{"_acf_changed":false,"inline_featured_image":false,"footnotes":""},"categories":[419],"tags":[229,468],"class_list":["post-25193","post","type-post","status-publish","format-standard","has-post-thumbnail","hentry","category-auf-neuem-pfad","tag-ankommen","tag-anp2201"],"acf":[],"_links":{"self":[{"href":"https:\/\/vcp.de\/pfadfinden\/wp-json\/wp\/v2\/posts\/25193","targetHints":{"allow":["GET"]}}],"collection":[{"href":"https:\/\/vcp.de\/pfadfinden\/wp-json\/wp\/v2\/posts"}],"about":[{"href":"https:\/\/vcp.de\/pfadfinden\/wp-json\/wp\/v2\/types\/post"}],"author":[{"embeddable":true,"href":"https:\/\/vcp.de\/pfadfinden\/wp-json\/wp\/v2\/users\/52"}],"replies":[{"embeddable":true,"href":"https:\/\/vcp.de\/pfadfinden\/wp-json\/wp\/v2\/comments?post=25193"}],"version-history":[{"count":1,"href":"https:\/\/vcp.de\/pfadfinden\/wp-json\/wp\/v2\/posts\/25193\/revisions"}],"predecessor-version":[{"id":29110,"href":"https:\/\/vcp.de\/pfadfinden\/wp-json\/wp\/v2\/posts\/25193\/revisions\/29110"}],"wp:featuredmedia":[{"embeddable":true,"href":"https:\/\/vcp.de\/pfadfinden\/wp-json\/wp\/v2\/media\/25194"}],"wp:attachment":[{"href":"https:\/\/vcp.de\/pfadfinden\/wp-json\/wp\/v2\/media?parent=25193"}],"wp:term":[{"taxonomy":"category","embeddable":true,"href":"https:\/\/vcp.de\/pfadfinden\/wp-json\/wp\/v2\/categories?post=25193"},{"taxonomy":"post_tag","embeddable":true,"href":"https:\/\/vcp.de\/pfadfinden\/wp-json\/wp\/v2\/tags?post=25193"}],"curies":[{"name":"wp","href":"https:\/\/api.w.org\/{rel}","templated":true}]}}