{"id":25173,"date":"2022-03-29T07:56:25","date_gmt":"2022-03-29T05:56:25","guid":{"rendered":"https:\/\/www.vcp.de\/pfadfinden\/?p=25173"},"modified":"2022-03-29T08:23:17","modified_gmt":"2022-03-29T06:23:17","slug":"putin-will-mehr-mehr-macht-mehr-einfluss-mehr-russland","status":"publish","type":"post","link":"https:\/\/vcp.de\/pfadfinden\/auf-neuem-pfad\/putin-will-mehr-mehr-macht-mehr-einfluss-mehr-russland\/","title":{"rendered":"Putin will mehr &#8211; Mehr Macht, mehr Einfluss, mehr Russland"},"content":{"rendered":"<p><em>Ein Kommentar von Lena Simosek, geschrieben am 24. Februar 2022<\/em><\/p>\n<p>Vom Hall der Explosionen und lauten Sirenen geweckt zu werden \u2013 das k\u00f6nnen wir<sup><br \/>\n<a id=\"anker1\" title=\"Zur Erl\u00e4uterung\" href=\"#fn1\">[1]<\/a><br \/>\n<\/sup>Genau das erlebten die Ukrainer*innen in der heute uns gar nicht vorstellen. &#8211; gen Nacht. Auch in der Hauptstadt Kyjiw war es zu h\u00f6ren. Die russische Armee hat damit begonnen, die Ukraine milit\u00e4risch anzugreifen. Es ist schwer die Stadt und das Land zu verlassen. Flugh\u00e4fen sind zerst\u00f6rt, auf den Stra\u00dfen stauen sich die Autos, es gibt lange Schlangen an Tankstellen, Superm\u00e4rkten und Geldautomaten. Die Menschen sind eingesperrt, Angst und Unsicherheit herrschen in der Ukraine. Warum?<\/p>\n<p>Der autorit\u00e4re russische Pr\u00e4sident Wladimir Putin wird nicht nur von seinem Hunger nach Macht getrieben \u2013 er f\u00fchlt sich auch bedroht, nicht (nur) von der NATO und einer m\u00f6glichen Osterweiterung des B\u00fcndnisses, sondern vor allem auch von den immer weiter nach Osten dringenden demokratischen Bewegungen, die fr\u00fcher oder sp\u00e4ter auch Russland erreichen k\u00f6nnten. So legte sich Putin die verschiedensten Vorw\u00e4nde zurecht, um in die Ukraine einzumarschieren und ihr den Krieg zu erkl\u00e4ren.<\/p>\n<p>Als Pfadfinder*innen geh\u00f6ren wir zur gr\u00f6\u00dften Friedens\u00ad und Freundschaftsbewegung der Welt. Engagement f\u00fcr Frieden, Toleranz und Demokratie zeigt sich in vielen unserer Aktionen. Deswegen sollte es auch jetzt unsere Aufgabe sein, Solidarit\u00e4t zu bekunden.<\/p>\n<p>Diese gilt den Menschen in der Ukraine, genauso aber den Verfolgten und Bedrohten der Anti-Kriegs-Bewegungen in Russland und Belarus. Wir m\u00fcssen Stellung beziehen und uns mit den Leidtragenden dieses Angriffs solidarisieren, unsere Unterst\u00fctzung \u00f6ffentlich auf Demos, bei Versammlungen, aber auch in den sozialen Medien kundtun. Wir zeigen, dass wir als Pfadfinder*innen f\u00fcr Demokratie, Toleranz und Menschenrechte einstehen. Niemals d\u00fcrfen diese Grundwerte Spielball politischer Interessen sein.<\/p>\n<h3>Wie du aktiv werden kannst<\/h3>\n<p>\u2022 Gehe auf Demos und Mahnwachen in deiner N\u00e4he<br \/>\n\u2022 Teile in den Sozialen Medien ein Bild von dir mit Kluft\/Halstuch und dem Hashtag #StandWithUkraine und verlinke @vcp_de @worldscouting und @ukrscout<br \/>\n\u2022 Spende bei der Sammelaktion von WOSM f\u00fcr die humanit\u00e4ren Hilfsprojekte der Pfadfinderorganisation der Ukraine: <a href=\"https:\/\/go.vcp.de\/spende-pfadfinderorganisation-ukraine\" target=\"_blank\" rel=\"noopener\">spende-pfadfinderorganisation-ukraine<\/a><\/p>\n<ol>\n<li id=\"fn1\"><a href=\"#anker1\">[1]<\/a> 1 wir = Pfadfinder*innen der Nachkriegsgenerationen die in Westeuropa aufgewachsen sind<\/li>\n<\/ol>\n","protected":false},"excerpt":{"rendered":"<p>Ein Kommentar von Lena Simosek, geschrieben am 24. Februar 2022 Vom Hall der Explosionen und lauten Sirenen geweckt zu werden \u2013 das k\u00f6nnen wir [1] Genau das erlebten die Ukrainer*innen in der heute uns gar nicht vorstellen. &#8211; gen Nacht. Auch in der Hauptstadt Kyjiw war es zu h\u00f6ren. Die russische Armee hat damit begonnen, [&hellip;]<\/p>\n","protected":false},"author":52,"featured_media":25147,"comment_status":"closed","ping_status":"open","sticky":false,"template":"","format":"standard","meta":{"_acf_changed":false,"inline_featured_image":false,"footnotes":""},"categories":[419],"tags":[468,228],"class_list":["post-25173","post","type-post","status-publish","format-standard","has-post-thumbnail","hentry","category-auf-neuem-pfad","tag-anp2201","tag-entdecken"],"acf":[],"_links":{"self":[{"href":"https:\/\/vcp.de\/pfadfinden\/wp-json\/wp\/v2\/posts\/25173","targetHints":{"allow":["GET"]}}],"collection":[{"href":"https:\/\/vcp.de\/pfadfinden\/wp-json\/wp\/v2\/posts"}],"about":[{"href":"https:\/\/vcp.de\/pfadfinden\/wp-json\/wp\/v2\/types\/post"}],"author":[{"embeddable":true,"href":"https:\/\/vcp.de\/pfadfinden\/wp-json\/wp\/v2\/users\/52"}],"replies":[{"embeddable":true,"href":"https:\/\/vcp.de\/pfadfinden\/wp-json\/wp\/v2\/comments?post=25173"}],"version-history":[{"count":0,"href":"https:\/\/vcp.de\/pfadfinden\/wp-json\/wp\/v2\/posts\/25173\/revisions"}],"wp:featuredmedia":[{"embeddable":true,"href":"https:\/\/vcp.de\/pfadfinden\/wp-json\/wp\/v2\/media\/25147"}],"wp:attachment":[{"href":"https:\/\/vcp.de\/pfadfinden\/wp-json\/wp\/v2\/media?parent=25173"}],"wp:term":[{"taxonomy":"category","embeddable":true,"href":"https:\/\/vcp.de\/pfadfinden\/wp-json\/wp\/v2\/categories?post=25173"},{"taxonomy":"post_tag","embeddable":true,"href":"https:\/\/vcp.de\/pfadfinden\/wp-json\/wp\/v2\/tags?post=25173"}],"curies":[{"name":"wp","href":"https:\/\/api.w.org\/{rel}","templated":true}]}}