{"id":25167,"date":"2022-03-29T07:57:59","date_gmt":"2022-03-29T05:57:59","guid":{"rendered":"https:\/\/www.vcp.de\/pfadfinden\/?p=25167"},"modified":"2022-03-29T08:23:17","modified_gmt":"2022-03-29T06:23:17","slug":"mehr-meer-weniger-vcp-staemme","status":"publish","type":"post","link":"https:\/\/vcp.de\/pfadfinden\/auf-neuem-pfad\/mehr-meer-weniger-vcp-staemme\/","title":{"rendered":"Mehr Meer \u2013 weniger VCP St\u00e4mme?"},"content":{"rendered":"<h2>Wie der Anstieg des Meeresspiegels durch den Klimawandel uns vor Ort betrifft<\/h2>\n<p><em>von S\u00f6ren Br\u00f6cker<\/em><\/p>\n<p>Vor wenigen Wochen gab es in Hamburg mal wieder ein gr\u00f6\u00dferes Hochwasser \u2013 man k\u00f6nnte meinen, soweit so normal. Dass der Fischmarkt unter Wasser steht und dabei viele Schaulustige anlockt, das sind die Hamburger*innen gewohnt. Bei Wasserst\u00e4nden, die \u00fcber das \u00dcbliche hinaus gehen, wird immer wieder von der Flutkatastrophe von 1962 gesprochen, bei der 320 Menschen starben.<\/p>\n<p>In ganz Norddeutschland kommen Hochwasser immer mal wieder vor. Eine zus\u00e4tzliche Herausforderung ist jedoch der allgemeine Anstieg des Meeresspiegels durch den menschengemachten Klimawandel.<\/p>\n<p>Viele VCP-St\u00e4mme sind (rein regional gesehen) von einem Anstieg des Meeresspiegels direkt oder indirekt betroffen. Bedeutet daher mehr Meer = weniger VCP St\u00e4mme?<\/p>\n<p>Hauptgr\u00fcnde f\u00fcr den Anstieg liegen auf der Hand:<\/p>\n<h3>Zum einen schmelzen bei steigenden Temperaturen die Gletscher an Arktis und Antarktis, als auch in den Gebirgen, zum anderen dehnt sich Wasser genauso wie alle K\u00f6rper bei W\u00e4rme aus (thermische Ausdehnung).<\/h3>\n<p>Der Meeresspiegelanstieg der Zukunft wird durch Klimamodelle simuliert.<\/p>\n<p>Aussagen \u00fcber den Anstieg sind allgemein mit gro\u00dfen Unsicherheiten behaftet, da weder der zuk\u00fcnftige Aussto\u00df von Treibhausgasen (und damit die Erderw\u00e4rmung) exakt bestimmt werden kann, noch wei\u00df man genau, wie sich die gro\u00dfen Eisschilde an Nord- und S\u00fcdpol bis zum Ende des 21. Jahrhunderts verhalten werden.<\/p>\n<p>Im j\u00fcngsten Bericht des Weltklimarates ist zu lesen, dass der globale Meeresspiegel zwischen 1901 und 2015 um 19.5 cm angestiegen ist. Das entspricht 1,7mm\/ Jahr. Seit Beginn der Satellitenbeobachtung im Jahre 1993 lag die Anstiegsrate bei 3mm\/Jahr.<\/p>\n<p>Die durch einen Meeresspiegelanstieg am st\u00e4rksten gef\u00e4hrdeten europ\u00e4ischen K\u00fcstengebiete befinden sich insbesondere im \u00f6stlichen England, an den Nordseek\u00fcsten der Niederlande, Belgiens, Deutschlands und D\u00e4nemarks.<\/p>\n<p>Die betroffenen Staaten reagieren durch verbesserten K\u00fcstenschutz auf diesen Anstieg. Wichtig hierbei ist nicht nur die H\u00f6he, sondern auch die Geschwindigkeit des k\u00fcnftigen Anstieges. Es gibt auch einige Gebiete, die nicht durch Deicherh\u00f6hungen gesch\u00fctzt werden k\u00f6nnen: zum Beispiel die D\u00fcneninsel Wangerooge (siehe Stammesvorstellung im Blog) oder tief liegende Gebiete an Fl\u00fcssen mit direkter Verbindung zur Nordsee, wie eben in Hamburg.<\/p>\n<p>Bei einem Meeresspiegelanstieg in Deutschland von 1m sind rund 14.000 km2 Fl\u00e4che und 1,5 Millionen Menschen in Deutschland gef\u00e4hrdet. Bei einem Anstieg von 5m sind es schon 22.000 km2 und 2,9 Millionen Menschen.<\/p>\n<p>Ist durch den klimabedingten Meeresspiegelanstieg die #Pfadiheimat f\u00fcr einige VCP-St\u00e4mme gef\u00e4hrdet?<\/p>\n<figure id=\"attachment_25165\" aria-describedby=\"caption-attachment-25165\" style=\"width: 300px\" class=\"wp-caption aligncenter\"><a href=\"https:\/\/www.vcp.de\/pfadfinden\/wp-content\/uploads\/2022\/03\/Mehr_Meer\u2013weniger_VCP-Staemme.png\"><img loading=\"lazy\" decoding=\"async\" class=\"size-medium wp-image-25165\" src=\"https:\/\/www.vcp.de\/pfadfinden\/wp-content\/uploads\/2022\/03\/Mehr_Meer\u2013weniger_VCP-Staemme-300x119.png\" alt=\"Mehr Meer weniger VCP-Staemme Foto: https:\/\/link.springer.com\/content\/pdf\/10.1007\/s42489-020-00059-8.pdf\" width=\"300\" height=\"119\" srcset=\"https:\/\/vcp.de\/pfadfinden\/wp-content\/uploads\/2022\/03\/Mehr_Meer\u2013weniger_VCP-Staemme-300x119.png 300w, https:\/\/vcp.de\/pfadfinden\/wp-content\/uploads\/2022\/03\/Mehr_Meer\u2013weniger_VCP-Staemme-768x304.png 768w, https:\/\/vcp.de\/pfadfinden\/wp-content\/uploads\/2022\/03\/Mehr_Meer\u2013weniger_VCP-Staemme.png 800w\" sizes=\"auto, (max-width: 300px) 100vw, 300px\" \/><\/a><figcaption id=\"caption-attachment-25165\" class=\"wp-caption-text\">Foto: <a href=\"https:\/\/link.springer.com\/content\/pdf\/10.1007\/s42489-020-00059-8.pdf\" target=\"_blank\" rel=\"noopener\">https:\/\/link.springer.com\/content\/pdf\/10.1007\/s42489-020-00059-8.pdf<\/a><\/figcaption><\/figure>\n<p>Quelle: <a href=\"https:\/\/www.climatecentral.org\/uploads\/media\/CoastalDEM_2.1_Scientific_Report_.pdf\" target=\"_blank\" rel=\"noopener\">https:\/\/www.climatecentral.org\/uploads\/media\/CoastalDEM_2.1_Scientific_Report_.pdf<\/a><\/p>\n","protected":false},"excerpt":{"rendered":"<p>Wie der Anstieg des Meeresspiegels durch den Klimawandel uns vor Ort betrifft von S\u00f6ren Br\u00f6cker Vor wenigen Wochen gab es in Hamburg mal wieder ein gr\u00f6\u00dferes Hochwasser \u2013 man k\u00f6nnte meinen, soweit so normal. Dass der Fischmarkt unter Wasser steht und dabei viele Schaulustige anlockt, das sind die Hamburger*innen gewohnt. Bei Wasserst\u00e4nden, die \u00fcber das [&hellip;]<\/p>\n","protected":false},"author":52,"featured_media":25166,"comment_status":"closed","ping_status":"open","sticky":false,"template":"","format":"standard","meta":{"_acf_changed":false,"inline_featured_image":false,"footnotes":""},"categories":[419],"tags":[468,228],"class_list":["post-25167","post","type-post","status-publish","format-standard","has-post-thumbnail","hentry","category-auf-neuem-pfad","tag-anp2201","tag-entdecken"],"acf":[],"_links":{"self":[{"href":"https:\/\/vcp.de\/pfadfinden\/wp-json\/wp\/v2\/posts\/25167","targetHints":{"allow":["GET"]}}],"collection":[{"href":"https:\/\/vcp.de\/pfadfinden\/wp-json\/wp\/v2\/posts"}],"about":[{"href":"https:\/\/vcp.de\/pfadfinden\/wp-json\/wp\/v2\/types\/post"}],"author":[{"embeddable":true,"href":"https:\/\/vcp.de\/pfadfinden\/wp-json\/wp\/v2\/users\/52"}],"replies":[{"embeddable":true,"href":"https:\/\/vcp.de\/pfadfinden\/wp-json\/wp\/v2\/comments?post=25167"}],"version-history":[{"count":0,"href":"https:\/\/vcp.de\/pfadfinden\/wp-json\/wp\/v2\/posts\/25167\/revisions"}],"wp:featuredmedia":[{"embeddable":true,"href":"https:\/\/vcp.de\/pfadfinden\/wp-json\/wp\/v2\/media\/25166"}],"wp:attachment":[{"href":"https:\/\/vcp.de\/pfadfinden\/wp-json\/wp\/v2\/media?parent=25167"}],"wp:term":[{"taxonomy":"category","embeddable":true,"href":"https:\/\/vcp.de\/pfadfinden\/wp-json\/wp\/v2\/categories?post=25167"},{"taxonomy":"post_tag","embeddable":true,"href":"https:\/\/vcp.de\/pfadfinden\/wp-json\/wp\/v2\/tags?post=25167"}],"curies":[{"name":"wp","href":"https:\/\/api.w.org\/{rel}","templated":true}]}}