{"id":25136,"date":"2022-03-29T07:48:05","date_gmt":"2022-03-29T05:48:05","guid":{"rendered":"https:\/\/www.vcp.de\/pfadfinden\/?p=25136"},"modified":"2022-03-29T08:23:18","modified_gmt":"2022-03-29T06:23:18","slug":"weniger-ist-mehr","status":"publish","type":"post","link":"https:\/\/vcp.de\/pfadfinden\/auf-neuem-pfad\/weniger-ist-mehr\/","title":{"rendered":"Weniger ist mehr."},"content":{"rendered":"<p>Ein Satz, den ich schon so oft geh\u00f6rt habe. K\u00f6nnte auch ein Kalenderspruch sein oder auf einer Postkarte stehen, einfach so dahingesagt. Was bedeutet das schon \u2013 weniger ist mehr?<\/p>\n<p><em>von Rica R\u00f6sner<\/em><\/p>\n<p>Ich nun seit Ende letzten in Europa unterwegs und lebe derzeit in meinem kleinen Hoch Jahresdachkombi auf 2,5 Quadratmetern. Gerade stehe ich auf Gran Canaria an einem Leuchtturm. Wenn ich den Blick schweifen lasse, sehe ich nur das blaue Meer, ein paar wei\u00dfe Schaumkronen und eine Sandw\u00fcste. In der Ferne kann ich noch ein Segelboot erkennen. Nicht viel und doch f\u00fchlt es sich nach so Vielem an.<\/p>\n<p>Die Sonne scheint mir auf die Haut und der Wind f\u00e4hrt mir durch die Haare. Ich schmecke das Salz auf der Zunge und sp\u00fcre den sandigen Boden unter den F\u00fc\u00dfen. Ich f\u00fchle mich lebendiger denn je \u2013 auch ohne Dusche, feste Toilette oder einen Fernseher. Ich habe nur das N\u00f6tigste dabei. Und doch ist es gerade alles, was ich brauche. Vielleicht bedeutet \u201eweniger ist mehr\u201c viel mehr, als es auf den ersten Blick erscheinen mag.<\/p>\n<p>Weniger von den Dingen, von denen man annimmt, dass man sie braucht. Weniger Besitz kann befreiend sein.<\/p>\n<p>Ich w\u00fcrde mich nicht als minimalistisch bezeichnen \u2013 schlie\u00dflich habe ich auch Pflanzen und eine Lichterkette dabei. Und trotzdem besitze ich gerade nicht viel. Mein gesamtes Leben passt in ein kleines Auto.<\/p>\n<p>Vielleicht bedeutet weniger ist mehr: Weniger Ballast, weniger Sorgen \u2013 mehr Freiheit, mehr Gef\u00fchle.<\/p>\n<h3>Vielleicht bedarf es gar nicht so viel, um gl\u00fccklich zu sein. Einen Ort zum Schlafen, die ersten Sonnenstrahlen am Tag, ein gutes Gespr\u00e4ch oder der Sternenhimmel in der Nacht.<\/h3>\n<p>Und vielleicht muss man manchmal alles zur\u00fccklassen, um dieses \u201emehr\u201c zu finden. Um herauszufinden, wovon man eigentlich mehr haben m\u00f6chte. Denn es gibt so viel mehr zu entdecken.<\/p>\n<h3>Mehr Abenteuer. Mehr Tr\u00e4ume. Mehr Lagerfeuer. Mehr Sterne. Mehr Meer.<\/h3>\n<div id='gallery-1' class='gallery galleryid-25136 gallery-columns-5 gallery-size-thumbnail'><figure class='gallery-item'>\n\t\t\t<div class='gallery-icon landscape'>\n\t\t\t\t<a href='https:\/\/vcp.de\/pfadfinden\/wp-content\/uploads\/2022\/03\/Rica-Roesner-5-scaled.jpg'><img loading=\"lazy\" decoding=\"async\" width=\"150\" height=\"150\" src=\"https:\/\/vcp.de\/pfadfinden\/wp-content\/uploads\/2022\/03\/Rica-Roesner-5-150x150.jpg\" class=\"attachment-thumbnail size-thumbnail\" alt=\"\" aria-describedby=\"gallery-1-25145\" srcset=\"https:\/\/vcp.de\/pfadfinden\/wp-content\/uploads\/2022\/03\/Rica-Roesner-5-150x150.jpg 150w, https:\/\/vcp.de\/pfadfinden\/wp-content\/uploads\/2022\/03\/Rica-Roesner-5-45x45.jpg 45w\" sizes=\"auto, (max-width: 150px) 100vw, 150px\" \/><\/a>\n\t\t\t<\/div>\n\t\t\t\t<figcaption class='wp-caption-text gallery-caption' id='gallery-1-25145'>\n\t\t\t\tFoto: Rica R\u00f6sner\n\t\t\t\t<\/figcaption><\/figure><figure class='gallery-item'>\n\t\t\t<div class='gallery-icon landscape'>\n\t\t\t\t<a href='https:\/\/vcp.de\/pfadfinden\/wp-content\/uploads\/2022\/03\/Rica-Roesner-4-scaled.jpg'><img loading=\"lazy\" decoding=\"async\" width=\"150\" height=\"150\" src=\"https:\/\/vcp.de\/pfadfinden\/wp-content\/uploads\/2022\/03\/Rica-Roesner-4-150x150.jpg\" class=\"attachment-thumbnail size-thumbnail\" alt=\"\" aria-describedby=\"gallery-1-25144\" srcset=\"https:\/\/vcp.de\/pfadfinden\/wp-content\/uploads\/2022\/03\/Rica-Roesner-4-150x150.jpg 150w, https:\/\/vcp.de\/pfadfinden\/wp-content\/uploads\/2022\/03\/Rica-Roesner-4-45x45.jpg 45w\" sizes=\"auto, (max-width: 150px) 100vw, 150px\" \/><\/a>\n\t\t\t<\/div>\n\t\t\t\t<figcaption class='wp-caption-text gallery-caption' id='gallery-1-25144'>\n\t\t\t\tFoto: Rica R\u00f6sner\n\t\t\t\t<\/figcaption><\/figure><figure class='gallery-item'>\n\t\t\t<div class='gallery-icon portrait'>\n\t\t\t\t<a href='https:\/\/vcp.de\/pfadfinden\/wp-content\/uploads\/2022\/03\/Rica-Roesner-3-scaled.jpg'><img loading=\"lazy\" decoding=\"async\" width=\"150\" height=\"150\" src=\"https:\/\/vcp.de\/pfadfinden\/wp-content\/uploads\/2022\/03\/Rica-Roesner-3-150x150.jpg\" class=\"attachment-thumbnail size-thumbnail\" alt=\"\" aria-describedby=\"gallery-1-25143\" srcset=\"https:\/\/vcp.de\/pfadfinden\/wp-content\/uploads\/2022\/03\/Rica-Roesner-3-150x150.jpg 150w, https:\/\/vcp.de\/pfadfinden\/wp-content\/uploads\/2022\/03\/Rica-Roesner-3-45x45.jpg 45w\" sizes=\"auto, (max-width: 150px) 100vw, 150px\" \/><\/a>\n\t\t\t<\/div>\n\t\t\t\t<figcaption class='wp-caption-text gallery-caption' id='gallery-1-25143'>\n\t\t\t\tFoto: Rica R\u00f6sner\n\t\t\t\t<\/figcaption><\/figure><figure class='gallery-item'>\n\t\t\t<div class='gallery-icon landscape'>\n\t\t\t\t<a href='https:\/\/vcp.de\/pfadfinden\/wp-content\/uploads\/2022\/03\/Rica-Roesner-2-scaled.jpg'><img loading=\"lazy\" decoding=\"async\" width=\"150\" height=\"150\" src=\"https:\/\/vcp.de\/pfadfinden\/wp-content\/uploads\/2022\/03\/Rica-Roesner-2-150x150.jpg\" class=\"attachment-thumbnail size-thumbnail\" alt=\"\" aria-describedby=\"gallery-1-25142\" srcset=\"https:\/\/vcp.de\/pfadfinden\/wp-content\/uploads\/2022\/03\/Rica-Roesner-2-150x150.jpg 150w, https:\/\/vcp.de\/pfadfinden\/wp-content\/uploads\/2022\/03\/Rica-Roesner-2-45x45.jpg 45w\" sizes=\"auto, (max-width: 150px) 100vw, 150px\" \/><\/a>\n\t\t\t<\/div>\n\t\t\t\t<figcaption class='wp-caption-text gallery-caption' id='gallery-1-25142'>\n\t\t\t\tFoto: Rica R\u00f6sner\n\t\t\t\t<\/figcaption><\/figure><figure class='gallery-item'>\n\t\t\t<div class='gallery-icon landscape'>\n\t\t\t\t<a href='https:\/\/vcp.de\/pfadfinden\/wp-content\/uploads\/2022\/03\/Rica-Roesner-1-scaled.jpg'><img loading=\"lazy\" decoding=\"async\" width=\"150\" height=\"150\" src=\"https:\/\/vcp.de\/pfadfinden\/wp-content\/uploads\/2022\/03\/Rica-Roesner-1-150x150.jpg\" class=\"attachment-thumbnail size-thumbnail\" alt=\"\" aria-describedby=\"gallery-1-25141\" srcset=\"https:\/\/vcp.de\/pfadfinden\/wp-content\/uploads\/2022\/03\/Rica-Roesner-1-150x150.jpg 150w, https:\/\/vcp.de\/pfadfinden\/wp-content\/uploads\/2022\/03\/Rica-Roesner-1-45x45.jpg 45w\" sizes=\"auto, (max-width: 150px) 100vw, 150px\" \/><\/a>\n\t\t\t<\/div>\n\t\t\t\t<figcaption class='wp-caption-text gallery-caption' id='gallery-1-25141'>\n\t\t\t\tFoto: Rica R\u00f6sner\n\t\t\t\t<\/figcaption><\/figure>\n\t\t<\/div>\n\n","protected":false},"excerpt":{"rendered":"<p>Ein Satz, den ich schon so oft geh\u00f6rt habe. K\u00f6nnte auch ein Kalenderspruch sein oder auf einer Postkarte stehen, einfach so dahingesagt. Was bedeutet das schon \u2013 weniger ist mehr? von Rica R\u00f6sner Ich nun seit Ende letzten in Europa unterwegs und lebe derzeit in meinem kleinen Hoch Jahresdachkombi auf 2,5 Quadratmetern. Gerade stehe ich [&hellip;]<\/p>\n","protected":false},"author":52,"featured_media":25140,"comment_status":"closed","ping_status":"open","sticky":false,"template":"","format":"standard","meta":{"_acf_changed":false,"inline_featured_image":false,"footnotes":""},"categories":[419],"tags":[468,228],"class_list":["post-25136","post","type-post","status-publish","format-standard","has-post-thumbnail","hentry","category-auf-neuem-pfad","tag-anp2201","tag-entdecken"],"acf":[],"_links":{"self":[{"href":"https:\/\/vcp.de\/pfadfinden\/wp-json\/wp\/v2\/posts\/25136","targetHints":{"allow":["GET"]}}],"collection":[{"href":"https:\/\/vcp.de\/pfadfinden\/wp-json\/wp\/v2\/posts"}],"about":[{"href":"https:\/\/vcp.de\/pfadfinden\/wp-json\/wp\/v2\/types\/post"}],"author":[{"embeddable":true,"href":"https:\/\/vcp.de\/pfadfinden\/wp-json\/wp\/v2\/users\/52"}],"replies":[{"embeddable":true,"href":"https:\/\/vcp.de\/pfadfinden\/wp-json\/wp\/v2\/comments?post=25136"}],"version-history":[{"count":0,"href":"https:\/\/vcp.de\/pfadfinden\/wp-json\/wp\/v2\/posts\/25136\/revisions"}],"wp:featuredmedia":[{"embeddable":true,"href":"https:\/\/vcp.de\/pfadfinden\/wp-json\/wp\/v2\/media\/25140"}],"wp:attachment":[{"href":"https:\/\/vcp.de\/pfadfinden\/wp-json\/wp\/v2\/media?parent=25136"}],"wp:term":[{"taxonomy":"category","embeddable":true,"href":"https:\/\/vcp.de\/pfadfinden\/wp-json\/wp\/v2\/categories?post=25136"},{"taxonomy":"post_tag","embeddable":true,"href":"https:\/\/vcp.de\/pfadfinden\/wp-json\/wp\/v2\/tags?post=25136"}],"curies":[{"name":"wp","href":"https:\/\/api.w.org\/{rel}","templated":true}]}}