{"id":24958,"date":"2022-03-11T16:15:37","date_gmt":"2022-03-11T15:15:37","guid":{"rendered":"https:\/\/www.vcp.de\/pfadfinden\/?p=24958"},"modified":"2022-03-11T16:15:37","modified_gmt":"2022-03-11T15:15:37","slug":"demokratische-zivilgesellschaft-in-russland-nicht-vergessen","status":"publish","type":"post","link":"https:\/\/vcp.de\/pfadfinden\/ukraine\/demokratische-zivilgesellschaft-in-russland-nicht-vergessen\/","title":{"rendered":"Demokratische Zivilgesellschaft in Russland nicht vergessen"},"content":{"rendered":"<h3 class=\"ce-news--teaser\">Der Bundesjugendring zeigt sich solidarisch mit zivilgesellschaftlichen Kr\u00e4ften in Russland, die sich trotz aller staatlicher Repression f\u00fcr Frieden und Demokratie einsetzen.<\/h3>\n<div class=\"ce-news--bodytext\">\n<p>Mit dem Angriff gegen die Ukraine hat die russische Regierung in eklatanter Weise das V\u00f6lkerrecht gebrochen. Der Bundesjugendring ist entsetzt \u00fcber diesen Akt der Aggression und \u00fcber die Auswirkungen, die er auf die ukrainische Jugend und die Bev\u00f6lkerung hat. <a href=\"https:\/\/www.dbjr.de\/artikel\/jugendorganisationen-stehen-an-der-seite-der-ukraine\">Gemeinsam mit anderen Jugendorganisationen<\/a>\u00a0fordert er die russische Regierung auf, sofort alle Angriffe einzustellen, sich aus der Ukraine zur\u00fcckzuziehen und deren territoriale Integrit\u00e4t zu achten.<\/p>\n<p>Der Angriff auf die Ukraine ist nicht nur ein kriegerischer Akt. Er ist ein Angriff auf demokratische, freiheitliche und offene Gesellschaften. Denn auch in Russland k\u00e4mpfen junge Menschen trotz staatlicher Repressionen f\u00fcr Meinungsfreiheit und Demokratie. Sie gehen gegen Putins Krieg auf die Stra\u00dfe und zeigen, dass sie an der Seite der Ukraine stehen.<\/p>\n<p>Das repressive Vorgehen des russischen Staates gegen die vor allem jungen Protestierenden in Russland verurteilt der Bundesjugendring. Und er bekr\u00e4ftigt seine Verbundenheit mit den jungen Menschen in Russland und in der Region, die f\u00fcr Freiheit und Demokratie streiten.<\/p>\n<p>Der Bundesjugendring zeigt Verst\u00e4ndnis f\u00fcr die klaren Abgrenzungen zu staatlichen Akteuren in Russland. Gleichwohl erinnert er daran, dass nicht s\u00e4mtliche zivilgesellschaftlichen Verbindungen gekappt werden d\u00fcrfen. Zivilgesellschaftliche Akteure setzen sich international f\u00fcr Frieden, f\u00fcr den Gedanken der Auss\u00f6hnung, f\u00fcr den respektvollen Umgang miteinander und f\u00fcr die friedliche L\u00f6sung von Konflikten ein \u2013 auch in Russland. Diesen d\u00fcrfen nicht alle T\u00fcren verschlossen werden.<\/p>\n<\/div>\n<p>&nbsp;<\/p>\n<p>Quelle: DBJR (2022): <a href=\"https:\/\/www.dbjr.de\/artikel\/demokratische-zivilgesellschaft-in-russland-nicht-vergessen\">https:\/\/www.dbjr.de\/artikel\/demokratische-zivilgesellschaft-in-russland-nicht-vergessen\u00a0<\/a><\/p>\n","protected":false},"excerpt":{"rendered":"<p>Der Bundesjugendring zeigt sich solidarisch mit zivilgesellschaftlichen Kr\u00e4ften in Russland, die sich trotz aller staatlicher Repression f\u00fcr Frieden und Demokratie einsetzen. Mit dem Angriff gegen die Ukraine hat die russische Regierung in eklatanter Weise das V\u00f6lkerrecht gebrochen. Der Bundesjugendring ist entsetzt \u00fcber diesen Akt der Aggression und \u00fcber die Auswirkungen, die er auf die ukrainische [&hellip;]<\/p>\n","protected":false},"author":52,"featured_media":24959,"comment_status":"closed","ping_status":"open","sticky":false,"template":"","format":"standard","meta":{"_acf_changed":false,"inline_featured_image":false,"footnotes":""},"categories":[467],"tags":[83,102],"class_list":["post-24958","post","type-post","status-publish","format-standard","has-post-thumbnail","hentry","category-ukraine","tag-internationales","tag-jugendpolitik"],"acf":[],"_links":{"self":[{"href":"https:\/\/vcp.de\/pfadfinden\/wp-json\/wp\/v2\/posts\/24958","targetHints":{"allow":["GET"]}}],"collection":[{"href":"https:\/\/vcp.de\/pfadfinden\/wp-json\/wp\/v2\/posts"}],"about":[{"href":"https:\/\/vcp.de\/pfadfinden\/wp-json\/wp\/v2\/types\/post"}],"author":[{"embeddable":true,"href":"https:\/\/vcp.de\/pfadfinden\/wp-json\/wp\/v2\/users\/52"}],"replies":[{"embeddable":true,"href":"https:\/\/vcp.de\/pfadfinden\/wp-json\/wp\/v2\/comments?post=24958"}],"version-history":[{"count":0,"href":"https:\/\/vcp.de\/pfadfinden\/wp-json\/wp\/v2\/posts\/24958\/revisions"}],"wp:featuredmedia":[{"embeddable":true,"href":"https:\/\/vcp.de\/pfadfinden\/wp-json\/wp\/v2\/media\/24959"}],"wp:attachment":[{"href":"https:\/\/vcp.de\/pfadfinden\/wp-json\/wp\/v2\/media?parent=24958"}],"wp:term":[{"taxonomy":"category","embeddable":true,"href":"https:\/\/vcp.de\/pfadfinden\/wp-json\/wp\/v2\/categories?post=24958"},{"taxonomy":"post_tag","embeddable":true,"href":"https:\/\/vcp.de\/pfadfinden\/wp-json\/wp\/v2\/tags?post=24958"}],"curies":[{"name":"wp","href":"https:\/\/api.w.org\/{rel}","templated":true}]}}